{"id":37716,"date":"2021-05-12T23:48:54","date_gmt":"2021-05-13T02:48:54","guid":{"rendered":"http:\/\/vocesparalelas.com.ar\/sitio\/?p=37716"},"modified":"2021-05-14T00:53:09","modified_gmt":"2021-05-14T03:53:09","slug":"se-venden-300-mil-kilos-de-materiales-recuperados-en-el-parque-de-tecnologias-ambientales-de-san-juan","status":"publish","type":"post","link":"https:\/\/vocesparalelas.com.ar\/sitio\/se-venden-300-mil-kilos-de-materiales-recuperados-en-el-parque-de-tecnologias-ambientales-de-san-juan\/","title":{"rendered":"Se venden 300 mil kilos de materiales recuperados en el Parque de Tecnolog\u00edas Ambientales de San Juan"},"content":{"rendered":"<p>El Viernes, 14 de Mayo, a las 10.30, la Secretar\u00eda de Estado de Ambiente y Desarrollo Sustentable, realiza la segunda venta de materiales del a\u00f1o.<\/p>\n<p>En esta ocasi\u00f3n se ofrece m\u00e1s de 300 mil kilos de materiales, que fueron recuperados y se encuentran dispuestos en el Parque de Tecnolog\u00edas Ambientales.<\/p>\n<p>Se procesa el 85% de los residuos provenientes de la Regi\u00f3n 1 del PEGIRSU, Programa Estrat\u00e9gico de Gesti\u00f3n Integral de Residuos S\u00f3lidos Urbanos, integrada por los departamentos Capital, Rawson, Rivadavia, Chimbas, Santa Luc\u00eda, Pocito, Ullum, Zonda y Albard\u00f3n.<\/p>\n<p>En la primera convocatoria del a\u00f1o, realizada a mediados de marzo, se concret\u00f3 la venta de m\u00e1s de 340 mil kilos de materiales, que inclu\u00eda adem\u00e1s de los obtenidos en el PTA, los productos provenientes de los Centros de San Mart\u00edn, Sarmiento, J\u00e1chal, Calingasta, Caucete e Iglesia.<\/p>\n<p><strong><span style=\"color: #99cc00;\">Los materiales en venta<\/span><\/strong><\/p>\n<ul>\n<li>52.920 kilos de pl\u00e1sticos (Pet cristal, verde, celeste, aceite; PEAD; PEDB; PP; entre otros);<\/li>\n<li>113.500 kilos de material celul\u00f3sico (cart\u00f3n de primera y segunda calidad; papel blanco; diario; revista y tetra);<\/li>\n<li>22.100 kilos de textil (algod\u00f3n y jean);<\/li>\n<li>27.400 kilos de metales (aluminio; cobre, chatarra, hojalata);<\/li>\n<li>53.025 kilos de vidrio (triturado; botellas de salsa grandes y chicas); 50 mil kilos de compost; y<\/li>\n<li>1876 unidades de RAEE (entre fuentes, placa madre, disipadores, cooleras, disco r\u00edgido, diskettes, puertos, procesadores, memoria RAM, lectograbadoras).<\/li>\n<\/ul>\n<p>A trav\u00e9s de un arduo trabajo desarrollado en todo el territorio provincial, se valorizan los residuos siendo recuperados para su reutilizaci\u00f3n y reciclaje, promoviendo as\u00ed el desarrollo de una econom\u00eda circular.<\/p>\n<p><strong><span style=\"color: #99cc00;\">Maquinaria entregada por el Ministro de Ambiente de la Naci\u00f3n<\/span><\/strong><\/p>\n<p>La semana pasada, el Ministro de Ambiente y Desarrollo Sostenible de la Naci\u00f3n, Juan Cabandi\u00e9, junto al Gobernador Dr. Sergio U\u00f1ac y el Secretario de Estado de Ambiente y Desarrollo Sustentable Lic. Ra\u00fal Tello, concretaron la entrega de maquinarias al PTA y otros Centros de Residuos de la provincia.<\/p>\n<p>A trav\u00e9s de una inversi\u00f3n total de $150 millones, del Ministerio de Ambiente y Desarrollo Sostenible y financiado por el BID, la Secretar\u00eda de Ambiente adquiri\u00f3 equipos para operaci\u00f3n, como son: 1 m\u00e1quina Excavadora; 1 pala frontal; 1 cami\u00f3n compactador de RSU; 1 Carret\u00f3n; 1 Auto Elevador El\u00e9ctrico.<\/p>\n<p>Tambi\u00e9n fueron adquiridos equipos para separaci\u00f3n y reciclado, a saber: 1 Trituradora de vidrio; 1 Guillotina de neum\u00e1ticos; 10 Punto verde m\u00f3vil de arrastre y 1 Enfardadora doble caj\u00f3n vertical.<\/p>\n<p>Estas maquinarias y equipamiento ser\u00e1n destinados a potenciar la clasificaci\u00f3n y separaci\u00f3n de RSU, y dotar de la infraestructura necesaria para la mejora de las condiciones laborales de los recicladores urbanos, en distintos sectores del Parque de Tecnolog\u00edas Ambientales, Centros Regionales de Tratamiento de Residuos, para fortalecer la Campa\u00f1a de separaci\u00f3n en Origen y Transporte Diferenciado (MBA), y saneamientos de lotes bald\u00edo de toda la provincia.<\/p>\n<p>&nbsp;<\/p>\n<p>&nbsp;<\/p>\n<p>&nbsp;<\/p>\n","protected":false},"excerpt":{"rendered":"<p>El Viernes, 14 de Mayo, a las 10.30, la Secretar\u00eda de Estado de Ambiente y Desarrollo Sustentable, realiza la segunda<\/p>\n","protected":false},"author":3,"featured_media":37718,"comment_status":"closed","ping_status":"closed","sticky":false,"template":"","format":"standard","meta":{"_acf_changed":false,"_seopress_robots_primary_cat":"none","_seopress_titles_title":"","_seopress_titles_desc":"","_seopress_robots_index":"","colormag_page_container_layout":"default_layout","colormag_page_sidebar_layout":"default_layout","footnotes":""},"categories":[6],"tags":[],"class_list":["post-37716","post","type-post","status-publish","format-standard","has-post-thumbnail","hentry","category-eventos"],"acf":[],"_links":{"self":[{"href":"https:\/\/vocesparalelas.com.ar\/sitio\/wp-json\/wp\/v2\/posts\/37716","targetHints":{"allow":["GET"]}}],"collection":[{"href":"https:\/\/vocesparalelas.com.ar\/sitio\/wp-json\/wp\/v2\/posts"}],"about":[{"href":"https:\/\/vocesparalelas.com.ar\/sitio\/wp-json\/wp\/v2\/types\/post"}],"author":[{"embeddable":true,"href":"https:\/\/vocesparalelas.com.ar\/sitio\/wp-json\/wp\/v2\/users\/3"}],"replies":[{"embeddable":true,"href":"https:\/\/vocesparalelas.com.ar\/sitio\/wp-json\/wp\/v2\/comments?post=37716"}],"version-history":[{"count":2,"href":"https:\/\/vocesparalelas.com.ar\/sitio\/wp-json\/wp\/v2\/posts\/37716\/revisions"}],"predecessor-version":[{"id":37726,"href":"https:\/\/vocesparalelas.com.ar\/sitio\/wp-json\/wp\/v2\/posts\/37716\/revisions\/37726"}],"wp:featuredmedia":[{"embeddable":true,"href":"https:\/\/vocesparalelas.com.ar\/sitio\/wp-json\/wp\/v2\/media\/37718"}],"wp:attachment":[{"href":"https:\/\/vocesparalelas.com.ar\/sitio\/wp-json\/wp\/v2\/media?parent=37716"}],"wp:term":[{"taxonomy":"category","embeddable":true,"href":"https:\/\/vocesparalelas.com.ar\/sitio\/wp-json\/wp\/v2\/categories?post=37716"},{"taxonomy":"post_tag","embeddable":true,"href":"https:\/\/vocesparalelas.com.ar\/sitio\/wp-json\/wp\/v2\/tags?post=37716"}],"curies":[{"name":"wp","href":"https:\/\/api.w.org\/{rel}","templated":true}]}}