{"id":37712,"date":"2021-05-12T23:31:36","date_gmt":"2021-05-13T02:31:36","guid":{"rendered":"http:\/\/vocesparalelas.com.ar\/sitio\/?p=37712"},"modified":"2021-05-13T23:54:00","modified_gmt":"2021-05-14T02:54:00","slug":"sumate-a-la-campana-de-recoleccion-de-residuos-tecnologicos","status":"publish","type":"post","link":"https:\/\/vocesparalelas.com.ar\/sitio\/sumate-a-la-campana-de-recoleccion-de-residuos-tecnologicos\/","title":{"rendered":"Sumate a la Campa\u00f1a de Recolecci\u00f3n de Residuos Tecnol\u00f3gicos"},"content":{"rendered":"<p>Hasta fines de mayo, el Instituto Preuniversitario Central Universitario Mariano Moreno de la Universidad Nacional de San Juan, realiza la s\u00e9ptima edici\u00f3n de la Campa\u00f1a de Recolecci\u00f3n de Residuos Tecnol\u00f3gicos, para lo que cuentan con la colaboraci\u00f3n de la Secretar\u00eda de Estado de Ambiente y Desarrollo Sustentable del Gobierno de San Juan y la Municipalidad de la Ciudad Capital.<\/p>\n<p>La campa\u00f1a se desarrolla en la sede del establecimiento educativo, lugar donde directivos, docentes y alumnos de diferentes a\u00f1os del nivel secundario, un equipo de la Secretar\u00eda de Ambiente y de la Municipalidad de la Ciudad de San Juan, reciben todos los residuos tecnol\u00f3gicos domiciliarios, que posteriormente ser\u00e1n traslados para su acopio, al Parque de Tecnolog\u00edas Ambientales.<\/p>\n<p>Para la recolecci\u00f3n, la Municipalidad de la Capital dispuso en la puerta de la instituci\u00f3n, el Punto Verde itinerante, que recorre diferentes zonas del departamento, Avenida Ignacio de la Roza 1527 &#8211; O &#8211; Capital, hasta el 31 de Mayo, y permanece abierto de 8 a 18 horas.<\/p>\n<p>Los interesados pueden depositarse equipos en desuso de inform\u00e1tica y telecomunicaciones, audio, video, electrodom\u00e9sticos, celulares, entre otros.<\/p>\n<p>El \u00e1rea Gesti\u00f3n Integral de Residuos Especiales de Generaci\u00f3n Universal &#8211; GIREGU \u00a0&#8211; de la Secretar\u00eda de Ambiente, se ocupa del retiro y disposici\u00f3n adecuada de cada uno de los materiales depositados en el contenedor.<\/p>\n<p>En la \u00faltima edici\u00f3n de la campa\u00f1a, la instituci\u00f3n educativa recolect\u00f3 alrededor de 10 toneladas de materiales.<\/p>\n<p>El material recolectado se trasladado hasta el al Parque de Tecnolog\u00edas Ambientales, donde se realiza el acopio, desguace, y clasificaci\u00f3n de cada uno de los componentes de estos RAEE, que posteriormente se comercializados en los casos que sea posible.<\/p>\n<p><strong><span style=\"color: #008000;\">Origen y evoluci\u00f3n de la campa\u00f1a<\/span><\/strong><\/p>\n<p>Hace 9 a\u00f1os, alumnos y docentes integrantes del proyecto escolar Creando Acciones Solidarias &#8211; CAS \u00a0&#8211; decidieron comenzar a trabajar por el ambiente.<\/p>\n<p>As\u00ed iniciaron la Campa\u00f1a de Recolecci\u00f3n de Residuos Tecnol\u00f3gicos\u201d. En los primeros a\u00f1os, la recolecci\u00f3n se realiz\u00f3 durante s\u00f3lo un d\u00eda, para ello contaron con la colaboraci\u00f3n de la Municipalidad de la Ciudad de San Juan y trabajaron con una empresa mendocina a la que se trasladaba todo lo recolectado.<\/p>\n<p>Posteriormente, establecieron v\u00ednculos con la Secretar\u00eda de Estado de Ambiente y Desarrollo Sustentable, formando as\u00ed un grupo de trabajo entre las tres entidades.<\/p>\n<p>En el 2019, a trav\u00e9s de la firma de un Acta Complementaria celebrada junto a la Universidad Nacional de San Juan, la Secretar\u00eda de Ambiente y la Municipalidad, se comprometen a proveer la log\u00edstica necesaria para el traslado en contenedores y del material recolectado, desde el Colegio Central Universitario Mariano Moreno hasta el Parque de Tecnolog\u00edas Ambientales.<\/p>\n<p>Este a\u00f1o, y en cumplimiento de los protocolos vigentes, se implementaron nuevos procedimientos de trabajo, por lo que se solicit\u00f3 el Punto Verde itinerante de la Municipalidad de la Capital, de esta forma y con la colaboraci\u00f3n de Monitores Urbanos, se evitar\u00e1 el contacto directo con quienes lleven sus RAEE.<\/p>\n<p>Por otra parte, alumnos del Colegio, apoyados y guiados constantemente por la directora Prof. Esther S\u00e1nchez, la Prof. Virginia Carrillo y la Lic. Graciela Moreno, se ocupan de realizar una campa\u00f1a de concientizaci\u00f3n sobre el peligro de descarte de los residuos tecnol\u00f3gicos, junto con los residuos domiciliarios comunes, y a difundir iniciativas entre la comunidad, a fin de contribuir con una disposici\u00f3n segura de los RAEE, sobre el desecho de este tipo de artefactos, informando a la comunidad acerca de los componentes que contienen los aparatos electr\u00f3nicos, cuyo descarte sin un tratamiento adecuado, pueda ser potencialmente peligroso.<\/p>\n<p>&nbsp;<\/p>\n<p>&nbsp;<\/p>\n<p>&nbsp;<\/p>\n","protected":false},"excerpt":{"rendered":"<p>Hasta fines de mayo, el Instituto Preuniversitario Central Universitario Mariano Moreno de la Universidad Nacional de San Juan, realiza la<\/p>\n","protected":false},"author":3,"featured_media":37714,"comment_status":"closed","ping_status":"closed","sticky":false,"template":"","format":"standard","meta":{"_acf_changed":false,"_seopress_robots_primary_cat":"none","_seopress_titles_title":"","_seopress_titles_desc":"","_seopress_robots_index":"","colormag_page_container_layout":"default_layout","colormag_page_sidebar_layout":"default_layout","footnotes":""},"categories":[6],"tags":[],"class_list":["post-37712","post","type-post","status-publish","format-standard","has-post-thumbnail","hentry","category-eventos"],"acf":[],"_links":{"self":[{"href":"https:\/\/vocesparalelas.com.ar\/sitio\/wp-json\/wp\/v2\/posts\/37712","targetHints":{"allow":["GET"]}}],"collection":[{"href":"https:\/\/vocesparalelas.com.ar\/sitio\/wp-json\/wp\/v2\/posts"}],"about":[{"href":"https:\/\/vocesparalelas.com.ar\/sitio\/wp-json\/wp\/v2\/types\/post"}],"author":[{"embeddable":true,"href":"https:\/\/vocesparalelas.com.ar\/sitio\/wp-json\/wp\/v2\/users\/3"}],"replies":[{"embeddable":true,"href":"https:\/\/vocesparalelas.com.ar\/sitio\/wp-json\/wp\/v2\/comments?post=37712"}],"version-history":[{"count":1,"href":"https:\/\/vocesparalelas.com.ar\/sitio\/wp-json\/wp\/v2\/posts\/37712\/revisions"}],"predecessor-version":[{"id":37715,"href":"https:\/\/vocesparalelas.com.ar\/sitio\/wp-json\/wp\/v2\/posts\/37712\/revisions\/37715"}],"wp:featuredmedia":[{"embeddable":true,"href":"https:\/\/vocesparalelas.com.ar\/sitio\/wp-json\/wp\/v2\/media\/37714"}],"wp:attachment":[{"href":"https:\/\/vocesparalelas.com.ar\/sitio\/wp-json\/wp\/v2\/media?parent=37712"}],"wp:term":[{"taxonomy":"category","embeddable":true,"href":"https:\/\/vocesparalelas.com.ar\/sitio\/wp-json\/wp\/v2\/categories?post=37712"},{"taxonomy":"post_tag","embeddable":true,"href":"https:\/\/vocesparalelas.com.ar\/sitio\/wp-json\/wp\/v2\/tags?post=37712"}],"curies":[{"name":"wp","href":"https:\/\/api.w.org\/{rel}","templated":true}]}}