{"id":37708,"date":"2021-05-12T22:05:48","date_gmt":"2021-05-13T01:05:48","guid":{"rendered":"http:\/\/vocesparalelas.com.ar\/sitio\/?p=37708"},"modified":"2021-05-13T23:45:58","modified_gmt":"2021-05-14T02:45:58","slug":"suba-hasta-un-21-a-partir-de-mayo-en-los-aranceles-de-educacion-privada","status":"publish","type":"post","link":"https:\/\/vocesparalelas.com.ar\/sitio\/suba-hasta-un-21-a-partir-de-mayo-en-los-aranceles-de-educacion-privada\/","title":{"rendered":"Suba hasta un 21% a partir de Mayo en los Aranceles de Educaci\u00f3n Privada"},"content":{"rendered":"<p>La Direcci\u00f3n de Educaci\u00f3n Privada del Ministerio de Educaci\u00f3n del Gobierno de San Juan informa que solicit\u00f3 el an\u00e1lisis e intervenci\u00f3n del Instituto de Investigaciones Econ\u00f3micas y Estad\u00edsticas del Ministerio de Hacienda y Finanzas &#8211; IIEE -, ante la solicitud realizada por las instituciones educativas de gesti\u00f3n privada para actualizar aranceles de las cuotas y as\u00ed sostener los costos de mantenimiento que deben afrontar para el funcionamiento operativo de los establecimientos educativos.<\/p>\n<p>Este procedimiento se viene implementando desde el a\u00f1o 2020 y posibilit\u00f3 establecer el \u00cdndice Provincial de Aranceles de Educaci\u00f3n Privada &#8211; IPADEP . Este se obtiene en forma peri\u00f3dica trimestral y se publica el primer d\u00eda h\u00e1bil despu\u00e9s de 40 d\u00edas corridos de finalizado el trimestre por el IIEE.<\/p>\n<p>Las variables que se tienen en cuenta para calcular el \u00edndice son tres:<\/p>\n<ol>\n<li>Evoluci\u00f3n de salarios cargo testigo de Docente con Antig\u00fcedad<\/li>\n<li>\u00cdndice de Precios al Consumidor Nacional (IPC Naci\u00f3n)<\/li>\n<li>Coeficiente de Variaci\u00f3n Salarial (CVS) Nacional<\/li>\n<\/ol>\n<p>Teniendo en cuenta las variables la Direcci\u00f3n de Educaci\u00f3n Privada autoriz\u00f3 el incremento de aranceles de hasta un 21% a partir de mayo. Este porcentaje es el correspondiente al \u00edndice acumulado del cuarto trimestre del 2020 (7%) y el primer trimestre 2021 (14%).<\/p>\n<p>&nbsp;<\/p>\n<p>&nbsp;<\/p>\n<p>&nbsp;<\/p>\n","protected":false},"excerpt":{"rendered":"<p>La Direcci\u00f3n de Educaci\u00f3n Privada del Ministerio de Educaci\u00f3n del Gobierno de San Juan informa que solicit\u00f3 el an\u00e1lisis e<\/p>\n","protected":false},"author":3,"featured_media":37710,"comment_status":"closed","ping_status":"closed","sticky":false,"template":"","format":"standard","meta":{"_acf_changed":false,"_seopress_robots_primary_cat":"none","_seopress_titles_title":"","_seopress_titles_desc":"","_seopress_robots_index":"","colormag_page_container_layout":"default_layout","colormag_page_sidebar_layout":"default_layout","footnotes":""},"categories":[6],"tags":[],"class_list":["post-37708","post","type-post","status-publish","format-standard","has-post-thumbnail","hentry","category-eventos"],"acf":[],"_links":{"self":[{"href":"https:\/\/vocesparalelas.com.ar\/sitio\/wp-json\/wp\/v2\/posts\/37708","targetHints":{"allow":["GET"]}}],"collection":[{"href":"https:\/\/vocesparalelas.com.ar\/sitio\/wp-json\/wp\/v2\/posts"}],"about":[{"href":"https:\/\/vocesparalelas.com.ar\/sitio\/wp-json\/wp\/v2\/types\/post"}],"author":[{"embeddable":true,"href":"https:\/\/vocesparalelas.com.ar\/sitio\/wp-json\/wp\/v2\/users\/3"}],"replies":[{"embeddable":true,"href":"https:\/\/vocesparalelas.com.ar\/sitio\/wp-json\/wp\/v2\/comments?post=37708"}],"version-history":[{"count":1,"href":"https:\/\/vocesparalelas.com.ar\/sitio\/wp-json\/wp\/v2\/posts\/37708\/revisions"}],"predecessor-version":[{"id":37711,"href":"https:\/\/vocesparalelas.com.ar\/sitio\/wp-json\/wp\/v2\/posts\/37708\/revisions\/37711"}],"wp:featuredmedia":[{"embeddable":true,"href":"https:\/\/vocesparalelas.com.ar\/sitio\/wp-json\/wp\/v2\/media\/37710"}],"wp:attachment":[{"href":"https:\/\/vocesparalelas.com.ar\/sitio\/wp-json\/wp\/v2\/media?parent=37708"}],"wp:term":[{"taxonomy":"category","embeddable":true,"href":"https:\/\/vocesparalelas.com.ar\/sitio\/wp-json\/wp\/v2\/categories?post=37708"},{"taxonomy":"post_tag","embeddable":true,"href":"https:\/\/vocesparalelas.com.ar\/sitio\/wp-json\/wp\/v2\/tags?post=37708"}],"curies":[{"name":"wp","href":"https:\/\/api.w.org\/{rel}","templated":true}]}}