{"id":37704,"date":"2021-05-12T21:56:00","date_gmt":"2021-05-13T00:56:00","guid":{"rendered":"http:\/\/vocesparalelas.com.ar\/sitio\/?p=37704"},"modified":"2021-05-13T23:15:11","modified_gmt":"2021-05-14T02:15:11","slug":"se-convoca-a-profesionales-inscriptos-a-cubrir-88-cargos","status":"publish","type":"post","link":"https:\/\/vocesparalelas.com.ar\/sitio\/se-convoca-a-profesionales-inscriptos-a-cubrir-88-cargos\/","title":{"rendered":"Se convoca a profesionales inscriptos a cubrir 88 cargos"},"content":{"rendered":"<p>El Ministerio de Educaci\u00f3n del Gobierno de San Juan tras el permanente seguimiento y relevamiento de las situaciones en las que se desarrollan las trayectorias pedag\u00f3gicas especialmente ante la excepcionalidad de la pandemia, advierte la esencial intervenci\u00f3n del personal t\u00e9cnico profesional de Gabinetes Interdisciplinarios para la asistencia y contenci\u00f3n estudiantes, familias y educadores.<\/p>\n<p>Con el prop\u00f3sito de fortalecer el \u00e1rea se crearon 60 cargos, sumado a la cobertura de vacantes por jubilaciones y de suplencias por largo tratamiento y por COVID. En total se incorporar\u00e1n 88 profesionales. Las especialidades son: Psicolog\u00eda, Psicopedagog\u00eda, Trabajo Social, Fonoaudiolog\u00eda, Kinesiolog\u00eda y Terapista Ocupacional.<\/p>\n<p>Se aclara que la convocatoria es para los postulantes que registraron inscripci\u00f3n en los llamados de 2018-2019 -2020 y en 2021.<\/p>\n<p>El ofrecimiento se realiza de ma\u00f1ana y tarde, el 14, 17 y 18 de Mayo, en la Sala de Capacitaci\u00f3n, en el dep\u00f3sito Central del Ministerio de Educaci\u00f3n, en \u00a09 de Julio 1515 &#8211; E &#8211; Capital, en el edificio del exCaf\u00e9 Am\u00e9rica).<\/p>\n<p>Por mayor informaci\u00f3n y detalles espec\u00edficos de los ofrecimientos, los aspirantes pueden ingresar a partir del Mi\u00e9rcoles, 12 de Mayo, a partir de las 12 horas al sitio oficial del Ministerio de Educaci\u00f3n<\/p>\n<p><a href=\"http:\/\/educacion.sanjuan.gob.ar\/\">http:\/\/educacion.sanjuan.gob.ar\/<\/a><\/p>\n<p>Consultas comunicarse en horario de 8 a 13 horas al 4302280 \u2013 430 5840.<\/p>\n<p>&nbsp;<\/p>\n<p>&nbsp;<\/p>\n","protected":false},"excerpt":{"rendered":"<p>El Ministerio de Educaci\u00f3n del Gobierno de San Juan tras el permanente seguimiento y relevamiento de las situaciones en las<\/p>\n","protected":false},"author":3,"featured_media":37706,"comment_status":"closed","ping_status":"closed","sticky":false,"template":"","format":"standard","meta":{"_acf_changed":false,"_seopress_robots_primary_cat":"none","_seopress_titles_title":"","_seopress_titles_desc":"","_seopress_robots_index":"","colormag_page_container_layout":"default_layout","colormag_page_sidebar_layout":"default_layout","footnotes":""},"categories":[5],"tags":[],"class_list":["post-37704","post","type-post","status-publish","format-standard","has-post-thumbnail","hentry","category-ofrecimientos"],"acf":[],"_links":{"self":[{"href":"https:\/\/vocesparalelas.com.ar\/sitio\/wp-json\/wp\/v2\/posts\/37704","targetHints":{"allow":["GET"]}}],"collection":[{"href":"https:\/\/vocesparalelas.com.ar\/sitio\/wp-json\/wp\/v2\/posts"}],"about":[{"href":"https:\/\/vocesparalelas.com.ar\/sitio\/wp-json\/wp\/v2\/types\/post"}],"author":[{"embeddable":true,"href":"https:\/\/vocesparalelas.com.ar\/sitio\/wp-json\/wp\/v2\/users\/3"}],"replies":[{"embeddable":true,"href":"https:\/\/vocesparalelas.com.ar\/sitio\/wp-json\/wp\/v2\/comments?post=37704"}],"version-history":[{"count":1,"href":"https:\/\/vocesparalelas.com.ar\/sitio\/wp-json\/wp\/v2\/posts\/37704\/revisions"}],"predecessor-version":[{"id":37707,"href":"https:\/\/vocesparalelas.com.ar\/sitio\/wp-json\/wp\/v2\/posts\/37704\/revisions\/37707"}],"wp:featuredmedia":[{"embeddable":true,"href":"https:\/\/vocesparalelas.com.ar\/sitio\/wp-json\/wp\/v2\/media\/37706"}],"wp:attachment":[{"href":"https:\/\/vocesparalelas.com.ar\/sitio\/wp-json\/wp\/v2\/media?parent=37704"}],"wp:term":[{"taxonomy":"category","embeddable":true,"href":"https:\/\/vocesparalelas.com.ar\/sitio\/wp-json\/wp\/v2\/categories?post=37704"},{"taxonomy":"post_tag","embeddable":true,"href":"https:\/\/vocesparalelas.com.ar\/sitio\/wp-json\/wp\/v2\/tags?post=37704"}],"curies":[{"name":"wp","href":"https:\/\/api.w.org\/{rel}","templated":true}]}}