{"id":37700,"date":"2021-05-12T20:56:41","date_gmt":"2021-05-12T23:56:41","guid":{"rendered":"http:\/\/vocesparalelas.com.ar\/sitio\/?p=37700"},"modified":"2021-05-13T23:17:26","modified_gmt":"2021-05-14T02:17:26","slug":"se-presenta-sintomas-y-desplazamientos","status":"publish","type":"post","link":"https:\/\/vocesparalelas.com.ar\/sitio\/se-presenta-sintomas-y-desplazamientos\/","title":{"rendered":"Se presenta \u201cS\u00edntomas y desplazamientos\u201d"},"content":{"rendered":"<p>El Jueves, 13 de Mayo, a las 20 hs.; se transmite por el\u00a0canal de YouTube del Museo Franklin Rawson\u00a0se presenta \u201cS\u00edntomas y desplazamientos\u201d, publicaci\u00f3n que compendia y referencia el panorama de la escena del arte contempor\u00e1neo de San Juan.<\/p>\n<p>Esto es un producto de un trabajo conjunto entre el\u00a0Museo Provincial de Bellas Artes Franklin Rawson a trav\u00e9s del Ministerio de Turismo y Cultura del Gobierno de San Juan.<\/p>\n<p>S\u00edntomas y desplazamientos fue editado por el MPBAFR en el marco de la exposici\u00f3n hom\u00f3nima realizada entre Diciembre 2018 y Marzo 2019.<\/p>\n<p>La muestra reuni\u00f3 m\u00e1s de 70 artistas de San Juan, abarcando t\u00e9cnicas de grabado, escultura, pintura y formatos como video-instalaci\u00f3n, pintura digital, instalaci\u00f3n sonora, performance, entre otros.<\/p>\n<p>El libro-cat\u00e1logo toma como objeto de reflexi\u00f3n las obras de m\u00e1s de setenta artistas sanjuaninos contempor\u00e1neos. Los modos de relaci\u00f3n entre los trabajos y con la historia regional; sus formas de representaci\u00f3n, sus dispositivos, estrategias, que forman parte de un archivo en proceso permanente. Parte de esa historia queda reflejada en sus p\u00e1ginas. La investigaci\u00f3n abre nuevas etapas en ese relato.<\/p>\n<p>La presentaci\u00f3n del material est\u00e1 prevista en el auditorio del museo y estar\u00e1 a cargo del curador y presidente de la Asociaci\u00f3n Argentina de Cr\u00edticos de Arte, Fernando Farina, y del docente e investigador Alberto S\u00e1nchez Maratta.<\/p>\n<p><strong><span style=\"color: #008000;\">Los artistas de San Juan participantes<\/span><\/strong><\/p>\n<p>Ariel Aballay, Arturo Aguiar, Paula Albarrac\u00edn, Miguel Aliste, Justo Barboza, Silvia Bianco, Ricardo Bustos, Carlos Campod\u00f3nico, Adela Cort\u00ednez, Humberto Costa, Nelson Cuello, Dina Cusnir, Beatriz Del Bono, Marcos Diaz, Emanuel Diaz Ruiz, Alfredo Dufour, Fanny Escolar de Siere, Eduardo Esquivel, Mariana Esquivel, Martin Fern\u00e1ndez, Fernanda Garc\u00eda, Beatriz Garc\u00eda Huertas, Gustavo Garramu\u00f1o, Camilo G\u00f3mez, Carlos G\u00f3mez Centuri\u00f3n, Carlos Gonz\u00e1lez Guti\u00e9rrez, Agostina Hebilla, Pablo Henr\u00edquez, Mariana Ju\u00e1rez, Andr\u00e9s Labak\u00e9 In\u00e9s Lalanne, Carolina L\u00e9rtora, Federico Levato, Los Hermanos Kutter, Alejandro Mart\u00ednez, Silvina Mart\u00ednez, Jorge Mar\u00fan, Susana Matell\u00e1n, Carolina Mel\u00f3, Adriana Miranda, Flavia Moncunill, Carla Monguilner, Carlos Montenegro, Virginia Moreno, Ivan Murgic, Natalia Ortiz, Eric Nobre, Ob Caenum, Jesus Ortiz, Martin Leandro Paez Ramos, Malena Peralta, Claudia P\u00e9rez de Sanctis, Mario P\u00e9rez, Oscar Pintor, Pamela Ponce, Proyecto Salamanca, Daniel Quinteros, Natalia Quiroga, Cecilia Rabbi Baldi, Luciana Rago, Miguel Ramirez, Patricio Reig, Leonor Rigau, Sandra Rodr\u00edguez, Mirta Romero, Eneida Roso, Mat\u00edas Ruarte, Leonardo S\u00e1nchez, Pablo Sayres, Natalia Segurado, Arturo Sierra, Duilio Tapia, Candelaria Tascheret, Marcelo Uliarte, Hugo Vinzio, Tamara Wassaf, Mercedes Yacante.<\/p>\n<p>&nbsp;<\/p>\n<p><img loading=\"lazy\" decoding=\"async\" class=\"alignnone wp-image-22179 size-large\" src=\"https:\/\/vocesparalelas.com.ar\/sitio\/wp-content\/uploads\/2019\/07\/MUSEO-FR-01-800x531.jpg\" alt=\"\" width=\"800\" height=\"531\" srcset=\"https:\/\/vocesparalelas.com.ar\/sitio\/wp-content\/uploads\/2019\/07\/MUSEO-FR-01-800x531.jpg 800w, https:\/\/vocesparalelas.com.ar\/sitio\/wp-content\/uploads\/2019\/07\/MUSEO-FR-01-300x199.jpg 300w, https:\/\/vocesparalelas.com.ar\/sitio\/wp-content\/uploads\/2019\/07\/MUSEO-FR-01-768x510.jpg 768w, https:\/\/vocesparalelas.com.ar\/sitio\/wp-content\/uploads\/2019\/07\/MUSEO-FR-01.jpg 1000w\" sizes=\"auto, (max-width: 800px) 100vw, 800px\" \/><\/p>\n<p>&nbsp;<\/p>\n<p>&nbsp;<\/p>\n","protected":false},"excerpt":{"rendered":"<p>El Jueves, 13 de Mayo, a las 20 hs.; se transmite por el\u00a0canal de YouTube del Museo Franklin Rawson\u00a0se presenta<\/p>\n","protected":false},"author":3,"featured_media":37702,"comment_status":"closed","ping_status":"closed","sticky":false,"template":"","format":"standard","meta":{"_acf_changed":false,"_seopress_robots_primary_cat":"none","_seopress_titles_title":"","_seopress_titles_desc":"","_seopress_robots_index":"","colormag_page_container_layout":"default_layout","colormag_page_sidebar_layout":"default_layout","footnotes":""},"categories":[20],"tags":[],"class_list":["post-37700","post","type-post","status-publish","format-standard","has-post-thumbnail","hentry","category-cartelera"],"acf":[],"_links":{"self":[{"href":"https:\/\/vocesparalelas.com.ar\/sitio\/wp-json\/wp\/v2\/posts\/37700","targetHints":{"allow":["GET"]}}],"collection":[{"href":"https:\/\/vocesparalelas.com.ar\/sitio\/wp-json\/wp\/v2\/posts"}],"about":[{"href":"https:\/\/vocesparalelas.com.ar\/sitio\/wp-json\/wp\/v2\/types\/post"}],"author":[{"embeddable":true,"href":"https:\/\/vocesparalelas.com.ar\/sitio\/wp-json\/wp\/v2\/users\/3"}],"replies":[{"embeddable":true,"href":"https:\/\/vocesparalelas.com.ar\/sitio\/wp-json\/wp\/v2\/comments?post=37700"}],"version-history":[{"count":1,"href":"https:\/\/vocesparalelas.com.ar\/sitio\/wp-json\/wp\/v2\/posts\/37700\/revisions"}],"predecessor-version":[{"id":37703,"href":"https:\/\/vocesparalelas.com.ar\/sitio\/wp-json\/wp\/v2\/posts\/37700\/revisions\/37703"}],"wp:featuredmedia":[{"embeddable":true,"href":"https:\/\/vocesparalelas.com.ar\/sitio\/wp-json\/wp\/v2\/media\/37702"}],"wp:attachment":[{"href":"https:\/\/vocesparalelas.com.ar\/sitio\/wp-json\/wp\/v2\/media?parent=37700"}],"wp:term":[{"taxonomy":"category","embeddable":true,"href":"https:\/\/vocesparalelas.com.ar\/sitio\/wp-json\/wp\/v2\/categories?post=37700"},{"taxonomy":"post_tag","embeddable":true,"href":"https:\/\/vocesparalelas.com.ar\/sitio\/wp-json\/wp\/v2\/tags?post=37700"}],"curies":[{"name":"wp","href":"https:\/\/api.w.org\/{rel}","templated":true}]}}