{"id":37693,"date":"2021-05-12T20:41:53","date_gmt":"2021-05-12T23:41:53","guid":{"rendered":"http:\/\/vocesparalelas.com.ar\/sitio\/?p=37693"},"modified":"2021-05-12T20:41:53","modified_gmt":"2021-05-12T23:41:53","slug":"9-parte-de-los-avances-de-la-vacunacion-en-san-juan","status":"publish","type":"post","link":"https:\/\/vocesparalelas.com.ar\/sitio\/9-parte-de-los-avances-de-la-vacunacion-en-san-juan\/","title":{"rendered":"9\u00b0 Parte de los avances de la Vacunaci\u00f3n en San Juan"},"content":{"rendered":"<p>El Ministerio de Salud P\u00fablica da a conocer el parte semanal correspondiente al 12 de mayo de 2021.<\/p>\n<p>En ese marco, los siguientes son los n\u00fameros oficiales de vacunaci\u00f3n en la provincia de San Juan:<\/p>\n<p><img loading=\"lazy\" decoding=\"async\" class=\"alignnone wp-image-37695 size-full\" src=\"https:\/\/vocesparalelas.com.ar\/sitio\/wp-content\/uploads\/2021\/05\/VACU-01.jpg\" alt=\"\" width=\"800\" height=\"459\" srcset=\"https:\/\/vocesparalelas.com.ar\/sitio\/wp-content\/uploads\/2021\/05\/VACU-01.jpg 800w, https:\/\/vocesparalelas.com.ar\/sitio\/wp-content\/uploads\/2021\/05\/VACU-01-300x172.jpg 300w, https:\/\/vocesparalelas.com.ar\/sitio\/wp-content\/uploads\/2021\/05\/VACU-01-768x441.jpg 768w\" sizes=\"auto, (max-width: 800px) 100vw, 800px\" \/><\/p>\n<p>&nbsp;<\/p>\n<ul>\n<li>Poblaci\u00f3n objetivo: 255.804<\/li>\n<li>Total de dosis aplicadas:171.880<\/li>\n<li>Primera dosis: 143.736<\/li>\n<li>Segunda dosis: 28.144<\/li>\n<li>Cantidad de dosis en San Juan: 193.350<\/li>\n<\/ul>\n<p><strong><span style=\"color: #ff0000;\">Grupos estrat\u00e9gicos y esenciales que pueden acceder a las vacunas<\/span><\/strong><\/p>\n<p>La estrategia de vacunaci\u00f3n busca cubrir a toda la poblaci\u00f3n objetivo de manera gratuita, equitativa e igualitaria. El orden de prioridad en la poblaci\u00f3n objetivo a vacunar se estableci\u00f3 considerando la protecci\u00f3n de los grupos con mayor riesgo, junto a grupos de poblaci\u00f3n estrat\u00e9gicos necesarios para asegurar el desarrollo de actividades prioritarias teniendo en cuenta la disponibilidad progresiva de dosis de vacunas.<\/p>\n<p>La provincia de San Juan tiene previsto inocular en esta etapa a 255.804 personas de los siguientes grupos:<\/p>\n<p>&nbsp;<\/p>\n<p><img loading=\"lazy\" decoding=\"async\" class=\"alignnone wp-image-37697 size-full\" src=\"https:\/\/vocesparalelas.com.ar\/sitio\/wp-content\/uploads\/2021\/05\/VACU-03.jpg\" alt=\"\" width=\"800\" height=\"655\" srcset=\"https:\/\/vocesparalelas.com.ar\/sitio\/wp-content\/uploads\/2021\/05\/VACU-03.jpg 800w, https:\/\/vocesparalelas.com.ar\/sitio\/wp-content\/uploads\/2021\/05\/VACU-03-300x246.jpg 300w, https:\/\/vocesparalelas.com.ar\/sitio\/wp-content\/uploads\/2021\/05\/VACU-03-768x629.jpg 768w\" sizes=\"auto, (max-width: 800px) 100vw, 800px\" \/><\/p>\n<p>&nbsp;<\/p>\n<ul>\n<li>Personal de salud del \u00e1mbito p\u00fablico y privado.<\/li>\n<li>Docentes de Nivel Inicial, jardines maternales, Educaci\u00f3n Especial, directivos de todos los niveles.<\/li>\n<li>Docentes de 1\u00ba, 2\u00ba y 3\u00ba grado<\/li>\n<li>Docentes de 4\u00ba, 5\u00ba y 6\u00ba grado<\/li>\n<li>Docentes de secundaria \u00e1mbito p\u00fablico y privado<\/li>\n<li>Docentes auxiliares integradoras<\/li>\n<li>Porteros de todos los niveles<\/li>\n<li>Adultos mayores de 80 a\u00f1os.<\/li>\n<li>Adultos mayores de 70 a\u00f1os<\/li>\n<li>Adultos mayores de 60 a\u00f1os<\/li>\n<li>De 18 a 59 a\u00f1os con comorbilidades<\/li>\n<li>Fuerzas de seguridad y defensa: Ej\u00e9rcito Argentino, Gendarmer\u00eda Nacional Argentina, Polic\u00eda de San Juan y personal del Servicio Penitenciario.<\/li>\n<li>Geri\u00e1tricos y residencias de larga estad\u00eda.<\/li>\n<li>Trasplantados.<\/li>\n<li>Centros de di\u00e1lisis p\u00fablicos y privados.<\/li>\n<\/ul>\n<p>Una vez finalizados estos grupos, y a medida de la disponibilidad de vacunas, se convocar\u00e1 a otros sectores de la poblaci\u00f3n para ser vacunados.<\/p>\n<p><strong><span style=\"color: #ff0000;\">Lugares previstos de vacunaci\u00f3n<\/span><\/strong><\/p>\n<p>La provincia de San Juan cuenta hoy con los siguientes centros de vacunaci\u00f3n distribuidos en toda la provincia.<\/p>\n<p><img loading=\"lazy\" decoding=\"async\" class=\"alignnone wp-image-37698 size-full\" src=\"https:\/\/vocesparalelas.com.ar\/sitio\/wp-content\/uploads\/2021\/05\/VACU-04.jpg\" alt=\"\" width=\"800\" height=\"771\" srcset=\"https:\/\/vocesparalelas.com.ar\/sitio\/wp-content\/uploads\/2021\/05\/VACU-04.jpg 800w, https:\/\/vocesparalelas.com.ar\/sitio\/wp-content\/uploads\/2021\/05\/VACU-04-300x289.jpg 300w, https:\/\/vocesparalelas.com.ar\/sitio\/wp-content\/uploads\/2021\/05\/VACU-04-768x740.jpg 768w\" sizes=\"auto, (max-width: 800px) 100vw, 800px\" \/><\/p>\n","protected":false},"excerpt":{"rendered":"<p>El Ministerio de Salud P\u00fablica da a conocer el parte semanal correspondiente al 12 de mayo de 2021. En ese<\/p>\n","protected":false},"author":3,"featured_media":37696,"comment_status":"closed","ping_status":"closed","sticky":false,"template":"","format":"standard","meta":{"_acf_changed":false,"_seopress_robots_primary_cat":"none","_seopress_titles_title":"","_seopress_titles_desc":"","_seopress_robots_index":"","colormag_page_container_layout":"default_layout","colormag_page_sidebar_layout":"default_layout","footnotes":""},"categories":[1],"tags":[],"class_list":["post-37693","post","type-post","status-publish","format-standard","has-post-thumbnail","hentry","category-destacadas"],"acf":[],"_links":{"self":[{"href":"https:\/\/vocesparalelas.com.ar\/sitio\/wp-json\/wp\/v2\/posts\/37693","targetHints":{"allow":["GET"]}}],"collection":[{"href":"https:\/\/vocesparalelas.com.ar\/sitio\/wp-json\/wp\/v2\/posts"}],"about":[{"href":"https:\/\/vocesparalelas.com.ar\/sitio\/wp-json\/wp\/v2\/types\/post"}],"author":[{"embeddable":true,"href":"https:\/\/vocesparalelas.com.ar\/sitio\/wp-json\/wp\/v2\/users\/3"}],"replies":[{"embeddable":true,"href":"https:\/\/vocesparalelas.com.ar\/sitio\/wp-json\/wp\/v2\/comments?post=37693"}],"version-history":[{"count":1,"href":"https:\/\/vocesparalelas.com.ar\/sitio\/wp-json\/wp\/v2\/posts\/37693\/revisions"}],"predecessor-version":[{"id":37699,"href":"https:\/\/vocesparalelas.com.ar\/sitio\/wp-json\/wp\/v2\/posts\/37693\/revisions\/37699"}],"wp:featuredmedia":[{"embeddable":true,"href":"https:\/\/vocesparalelas.com.ar\/sitio\/wp-json\/wp\/v2\/media\/37696"}],"wp:attachment":[{"href":"https:\/\/vocesparalelas.com.ar\/sitio\/wp-json\/wp\/v2\/media?parent=37693"}],"wp:term":[{"taxonomy":"category","embeddable":true,"href":"https:\/\/vocesparalelas.com.ar\/sitio\/wp-json\/wp\/v2\/categories?post=37693"},{"taxonomy":"post_tag","embeddable":true,"href":"https:\/\/vocesparalelas.com.ar\/sitio\/wp-json\/wp\/v2\/tags?post=37693"}],"curies":[{"name":"wp","href":"https:\/\/api.w.org\/{rel}","templated":true}]}}