{"id":37688,"date":"2021-05-11T17:32:43","date_gmt":"2021-05-11T20:32:43","guid":{"rendered":"http:\/\/vocesparalelas.com.ar\/sitio\/?p=37688"},"modified":"2021-05-12T01:33:11","modified_gmt":"2021-05-12T04:33:11","slug":"operativo-de-vacunacion-antigripal-y-antineumococica-en-el-parque-rivadavia","status":"publish","type":"post","link":"https:\/\/vocesparalelas.com.ar\/sitio\/operativo-de-vacunacion-antigripal-y-antineumococica-en-el-parque-rivadavia\/","title":{"rendered":"Operativo de vacunaci\u00f3n, antigripal y antineumoc\u00f3cica en el Parque Rivadavia"},"content":{"rendered":"<p>La Municipalidad de Rivadavia informa que el Mi\u00e9rcoles, 12 de Mayo, de 9 a 12hs.; en el Parque de Rivadavia se realiza junto junta con la Zona Sanitaria IV del Ministerio de Salud P\u00fablica del Gobierno de San Juan, un nuevo operativo de vacunaci\u00f3n, antigripal y antineumoc\u00f3cica.<\/p>\n<p>Se vacunaci\u00f3n est\u00e1 destinada a los grupos prioritarios: personal de salud, mayores de 65 a\u00f1os, embarazadas y ni\u00f1os de 6 a 24 meses.<\/p>\n<p>Hasta el momento, en Rivadavia, han vacunado m\u00e1s de 800 personas, en los operativos realizados en Marquesado, B\u00b0 Los Zorzales, B\u00b0 Wilkinson y V\u00b0 Flora.<\/p>\n<p>El objetivo es llegar a diferentes puntos del departamento para que los vecinos reciban su dosis de forma r\u00e1pida y segura.<\/p>\n<p>&nbsp;<\/p>\n<p><img loading=\"lazy\" decoding=\"async\" class=\"alignnone wp-image-37690 size-full\" src=\"https:\/\/vocesparalelas.com.ar\/sitio\/wp-content\/uploads\/2021\/05\/RIVADAVIA-VACUNACION.jpg\" alt=\"\" width=\"800\" height=\"640\" \/><\/p>\n<p>&nbsp;<\/p>\n<p><img loading=\"lazy\" decoding=\"async\" class=\"alignnone wp-image-15197 size-large\" src=\"https:\/\/vocesparalelas.com.ar\/sitio\/wp-content\/uploads\/2018\/09\/PARQUE-DE-RIVADAVIA-01-800x600.jpg\" alt=\"\" width=\"800\" height=\"600\" srcset=\"https:\/\/vocesparalelas.com.ar\/sitio\/wp-content\/uploads\/2018\/09\/PARQUE-DE-RIVADAVIA-01-800x600.jpg 800w, https:\/\/vocesparalelas.com.ar\/sitio\/wp-content\/uploads\/2018\/09\/PARQUE-DE-RIVADAVIA-01-300x225.jpg 300w, https:\/\/vocesparalelas.com.ar\/sitio\/wp-content\/uploads\/2018\/09\/PARQUE-DE-RIVADAVIA-01-768x576.jpg 768w, https:\/\/vocesparalelas.com.ar\/sitio\/wp-content\/uploads\/2018\/09\/PARQUE-DE-RIVADAVIA-01.jpg 1000w\" sizes=\"auto, (max-width: 800px) 100vw, 800px\" \/><\/p>\n","protected":false},"excerpt":{"rendered":"<p>La Municipalidad de Rivadavia informa que el Mi\u00e9rcoles, 12 de Mayo, de 9 a 12hs.; en el Parque de Rivadavia<\/p>\n","protected":false},"author":3,"featured_media":3895,"comment_status":"closed","ping_status":"closed","sticky":false,"template":"","format":"standard","meta":{"_acf_changed":false,"_seopress_robots_primary_cat":"none","_seopress_titles_title":"","_seopress_titles_desc":"","_seopress_robots_index":"","colormag_page_container_layout":"default_layout","colormag_page_sidebar_layout":"default_layout","footnotes":""},"categories":[1],"tags":[],"class_list":["post-37688","post","type-post","status-publish","format-standard","has-post-thumbnail","hentry","category-destacadas"],"acf":[],"_links":{"self":[{"href":"https:\/\/vocesparalelas.com.ar\/sitio\/wp-json\/wp\/v2\/posts\/37688","targetHints":{"allow":["GET"]}}],"collection":[{"href":"https:\/\/vocesparalelas.com.ar\/sitio\/wp-json\/wp\/v2\/posts"}],"about":[{"href":"https:\/\/vocesparalelas.com.ar\/sitio\/wp-json\/wp\/v2\/types\/post"}],"author":[{"embeddable":true,"href":"https:\/\/vocesparalelas.com.ar\/sitio\/wp-json\/wp\/v2\/users\/3"}],"replies":[{"embeddable":true,"href":"https:\/\/vocesparalelas.com.ar\/sitio\/wp-json\/wp\/v2\/comments?post=37688"}],"version-history":[{"count":1,"href":"https:\/\/vocesparalelas.com.ar\/sitio\/wp-json\/wp\/v2\/posts\/37688\/revisions"}],"predecessor-version":[{"id":37691,"href":"https:\/\/vocesparalelas.com.ar\/sitio\/wp-json\/wp\/v2\/posts\/37688\/revisions\/37691"}],"wp:featuredmedia":[{"embeddable":true,"href":"https:\/\/vocesparalelas.com.ar\/sitio\/wp-json\/wp\/v2\/media\/3895"}],"wp:attachment":[{"href":"https:\/\/vocesparalelas.com.ar\/sitio\/wp-json\/wp\/v2\/media?parent=37688"}],"wp:term":[{"taxonomy":"category","embeddable":true,"href":"https:\/\/vocesparalelas.com.ar\/sitio\/wp-json\/wp\/v2\/categories?post=37688"},{"taxonomy":"post_tag","embeddable":true,"href":"https:\/\/vocesparalelas.com.ar\/sitio\/wp-json\/wp\/v2\/tags?post=37688"}],"curies":[{"name":"wp","href":"https:\/\/api.w.org\/{rel}","templated":true}]}}