{"id":37684,"date":"2021-05-12T01:16:58","date_gmt":"2021-05-12T04:16:58","guid":{"rendered":"http:\/\/vocesparalelas.com.ar\/sitio\/?p=37684"},"modified":"2021-05-12T01:16:58","modified_gmt":"2021-05-12T04:16:58","slug":"energico-comunicado-de-la-mesa-provincial-de-derechos-humanos","status":"publish","type":"post","link":"https:\/\/vocesparalelas.com.ar\/sitio\/energico-comunicado-de-la-mesa-provincial-de-derechos-humanos\/","title":{"rendered":"En\u00e9rgico comunicado de la Mesa Provincial de Derechos Humanos"},"content":{"rendered":"<div class=\"itemFullText jbintrotext\">\n<p>En el marco de la reuni\u00f3n celebrada en la C\u00e1mara de Diputados de San Juan, la Mesa Provincial de Derechos Humanos emiti\u00f3 un comunicado, cuyo texto es el que reproducimos a continuaci\u00f3n:<\/p>\n<\/div>\n<div class=\"itemFullText\">\n<p>Los actos de violencia, odio y discriminaci\u00f3n, son inaceptables en un Estado Democr\u00e1tico, por eso es contundente la respuesta institucional y ciudadana que de manera espont\u00e1nea se ha expresado en el d\u00eda de hoy repudiando en\u00e9rgicamente estos hechos.<\/p>\n<p>En una sociedad democr\u00e1tica la construcci\u00f3n colectiva depende del di\u00e1logo, la escucha activa y la generaci\u00f3n de consensos; hemos comprendido que el camino al futuro es con todos como protagonistas de la soluci\u00f3n, basados en la tolerancia y no violencia, ambos ejes reafirmados por la sociedad en el Acuerdo San Juan.<\/p>\n<p>Por lo expresado, creemos en la educaci\u00f3n como la mejor herramienta para generar conciencia social, renovamos nuestro compromiso a seguir promoviendo el respeto y la protecci\u00f3n del pleno ejercicio de los derechos de todas las sanjuaninas y todos los sanjuaninos, especialmente el principio de igualdad y no discriminaci\u00f3n, sin distinci\u00f3n de credo, g\u00e9nero, raza, ideolog\u00eda, buscando construir una sociedad que fortalece los valores democr\u00e1ticos de igualdad, libertad, justicia y solidaridad.<\/p>\n<\/div>\n<p>&nbsp;<\/p>\n","protected":false},"excerpt":{"rendered":"<p>En el marco de la reuni\u00f3n celebrada en la C\u00e1mara de Diputados de San Juan, la Mesa Provincial de Derechos<\/p>\n","protected":false},"author":3,"featured_media":37686,"comment_status":"closed","ping_status":"closed","sticky":false,"template":"","format":"standard","meta":{"_acf_changed":false,"_seopress_robots_primary_cat":"none","_seopress_titles_title":"","_seopress_titles_desc":"","_seopress_robots_index":"","colormag_page_container_layout":"default_layout","colormag_page_sidebar_layout":"default_layout","footnotes":""},"categories":[1],"tags":[],"class_list":["post-37684","post","type-post","status-publish","format-standard","has-post-thumbnail","hentry","category-destacadas"],"acf":[],"_links":{"self":[{"href":"https:\/\/vocesparalelas.com.ar\/sitio\/wp-json\/wp\/v2\/posts\/37684","targetHints":{"allow":["GET"]}}],"collection":[{"href":"https:\/\/vocesparalelas.com.ar\/sitio\/wp-json\/wp\/v2\/posts"}],"about":[{"href":"https:\/\/vocesparalelas.com.ar\/sitio\/wp-json\/wp\/v2\/types\/post"}],"author":[{"embeddable":true,"href":"https:\/\/vocesparalelas.com.ar\/sitio\/wp-json\/wp\/v2\/users\/3"}],"replies":[{"embeddable":true,"href":"https:\/\/vocesparalelas.com.ar\/sitio\/wp-json\/wp\/v2\/comments?post=37684"}],"version-history":[{"count":1,"href":"https:\/\/vocesparalelas.com.ar\/sitio\/wp-json\/wp\/v2\/posts\/37684\/revisions"}],"predecessor-version":[{"id":37687,"href":"https:\/\/vocesparalelas.com.ar\/sitio\/wp-json\/wp\/v2\/posts\/37684\/revisions\/37687"}],"wp:featuredmedia":[{"embeddable":true,"href":"https:\/\/vocesparalelas.com.ar\/sitio\/wp-json\/wp\/v2\/media\/37686"}],"wp:attachment":[{"href":"https:\/\/vocesparalelas.com.ar\/sitio\/wp-json\/wp\/v2\/media?parent=37684"}],"wp:term":[{"taxonomy":"category","embeddable":true,"href":"https:\/\/vocesparalelas.com.ar\/sitio\/wp-json\/wp\/v2\/categories?post=37684"},{"taxonomy":"post_tag","embeddable":true,"href":"https:\/\/vocesparalelas.com.ar\/sitio\/wp-json\/wp\/v2\/tags?post=37684"}],"curies":[{"name":"wp","href":"https:\/\/api.w.org\/{rel}","templated":true}]}}