{"id":37680,"date":"2021-05-12T01:13:33","date_gmt":"2021-05-12T04:13:33","guid":{"rendered":"http:\/\/vocesparalelas.com.ar\/sitio\/?p=37680"},"modified":"2021-05-13T00:01:04","modified_gmt":"2021-05-13T03:01:04","slug":"isologotipos-de-la-identidad-institucional-de-la-unsj","status":"publish","type":"post","link":"https:\/\/vocesparalelas.com.ar\/sitio\/isologotipos-de-la-identidad-institucional-de-la-unsj\/","title":{"rendered":"Isologotipos de la identidad institucional de la UNSJ"},"content":{"rendered":"<p>Como parte del proyecto de Fortalecimiento de la Identidad Institucional de la Universidad Nacional de San Juan se pone a disposici\u00f3n los links de descarga del redise\u00f1o gr\u00e1fico de la imagen universitaria. Dicha construcci\u00f3n se realiz\u00f3 despu\u00e9s de un largo camino, con aportes importantes de miembros del Consejo Superior y profesionales de la UNSJ, junto a las experiencias del personal nodocente quienes brindaron las herramientas necesarias para lograrlo.<\/p>\n<p>En el 2017, se aprob\u00f3 la Ordenanza 028\/17 -CS, donde qued\u00f3 establecido el Manual de Identidad Visual para guiar el correcto uso en la comunicaci\u00f3n institucional: sus diversas aplicaciones (impresas y digitales), las combinaciones de distintos logotipos, las diferentes versiones vinculadas a los sistemas de impresi\u00f3n y tama\u00f1os, la importancia de los usos crom\u00e1ticos que hacen a la identidad de cada unidad acad\u00e9mica dentro de la UNSJ, las recomendaciones sobre restricciones en las aplicaciones con el objeto de mantener los conceptos fundantes, la coherencia visual, entre otros \u00edtems.<\/p>\n<p>En breve se desarrollar\u00e1\u00a0una formaci\u00f3n para toda la comunidad universitaria sobre la Consolidaci\u00f3n de la Identidad Visual UNSJ.<\/p>\n<p><strong><span style=\"color: #99cc00;\">Link de descarga b\u00e1sica de isologotipos<\/span><\/strong><\/p>\n<p><a href=\"https:\/\/drive.google.com\/drive\/folders\/1Y5QqAZ-oP4gfwpZMeoqNkLJYlIq-15rb\">https:\/\/drive.google.com\/drive\/folders\/1Y5QqAZ-oP4gfwpZMeoqNkLJYlIq-15rb<\/a><\/p>\n<p><strong><span style=\"color: #99cc00;\">Link de descarga de la identidad completa, m\u00e1s el manual de identidad institucional<\/span><\/strong><\/p>\n<p><a href=\"http:\/\/www.unsj.edu.ar\/comunicacion\/externa_interna\">http:\/\/www.unsj.edu.ar\/comunicacion\/externa_interna<\/a><\/p>\n<p>&nbsp;<\/p>\n<p><img loading=\"lazy\" decoding=\"async\" class=\"alignnone wp-image-37682 size-full\" src=\"https:\/\/vocesparalelas.com.ar\/sitio\/wp-content\/uploads\/2021\/05\/UNSJ-ISOLOGO.jpg\" alt=\"\" width=\"800\" height=\"600\" srcset=\"https:\/\/vocesparalelas.com.ar\/sitio\/wp-content\/uploads\/2021\/05\/UNSJ-ISOLOGO.jpg 800w, https:\/\/vocesparalelas.com.ar\/sitio\/wp-content\/uploads\/2021\/05\/UNSJ-ISOLOGO-300x225.jpg 300w, https:\/\/vocesparalelas.com.ar\/sitio\/wp-content\/uploads\/2021\/05\/UNSJ-ISOLOGO-768x576.jpg 768w\" sizes=\"auto, (max-width: 800px) 100vw, 800px\" \/><\/p>\n","protected":false},"excerpt":{"rendered":"<p>Como parte del proyecto de Fortalecimiento de la Identidad Institucional de la Universidad Nacional de San Juan se pone a<\/p>\n","protected":false},"author":3,"featured_media":22486,"comment_status":"closed","ping_status":"closed","sticky":false,"template":"","format":"standard","meta":{"_acf_changed":false,"_seopress_robots_primary_cat":"none","_seopress_titles_title":"","_seopress_titles_desc":"","_seopress_robots_index":"","colormag_page_container_layout":"default_layout","colormag_page_sidebar_layout":"default_layout","footnotes":""},"categories":[5],"tags":[],"class_list":["post-37680","post","type-post","status-publish","format-standard","has-post-thumbnail","hentry","category-ofrecimientos"],"acf":[],"_links":{"self":[{"href":"https:\/\/vocesparalelas.com.ar\/sitio\/wp-json\/wp\/v2\/posts\/37680","targetHints":{"allow":["GET"]}}],"collection":[{"href":"https:\/\/vocesparalelas.com.ar\/sitio\/wp-json\/wp\/v2\/posts"}],"about":[{"href":"https:\/\/vocesparalelas.com.ar\/sitio\/wp-json\/wp\/v2\/types\/post"}],"author":[{"embeddable":true,"href":"https:\/\/vocesparalelas.com.ar\/sitio\/wp-json\/wp\/v2\/users\/3"}],"replies":[{"embeddable":true,"href":"https:\/\/vocesparalelas.com.ar\/sitio\/wp-json\/wp\/v2\/comments?post=37680"}],"version-history":[{"count":1,"href":"https:\/\/vocesparalelas.com.ar\/sitio\/wp-json\/wp\/v2\/posts\/37680\/revisions"}],"predecessor-version":[{"id":37683,"href":"https:\/\/vocesparalelas.com.ar\/sitio\/wp-json\/wp\/v2\/posts\/37680\/revisions\/37683"}],"wp:featuredmedia":[{"embeddable":true,"href":"https:\/\/vocesparalelas.com.ar\/sitio\/wp-json\/wp\/v2\/media\/22486"}],"wp:attachment":[{"href":"https:\/\/vocesparalelas.com.ar\/sitio\/wp-json\/wp\/v2\/media?parent=37680"}],"wp:term":[{"taxonomy":"category","embeddable":true,"href":"https:\/\/vocesparalelas.com.ar\/sitio\/wp-json\/wp\/v2\/categories?post=37680"},{"taxonomy":"post_tag","embeddable":true,"href":"https:\/\/vocesparalelas.com.ar\/sitio\/wp-json\/wp\/v2\/tags?post=37680"}],"curies":[{"name":"wp","href":"https:\/\/api.w.org\/{rel}","templated":true}]}}