{"id":37675,"date":"2021-05-12T00:59:42","date_gmt":"2021-05-12T03:59:42","guid":{"rendered":"http:\/\/vocesparalelas.com.ar\/sitio\/?p=37675"},"modified":"2021-05-13T00:00:27","modified_gmt":"2021-05-13T03:00:27","slug":"cuidar-con-empatia-compromiso-y-sentido-humanizado-en-tiempos-de-pandemia-en-el-dia-internacional-de-la-enfermeria-en-san-juan","status":"publish","type":"post","link":"https:\/\/vocesparalelas.com.ar\/sitio\/cuidar-con-empatia-compromiso-y-sentido-humanizado-en-tiempos-de-pandemia-en-el-dia-internacional-de-la-enfermeria-en-san-juan\/","title":{"rendered":"\u201cCuidar con empat\u00eda, compromiso y sentido humanizado en tiempos de pandemia\u201d en el D\u00eda Internacional de la Enfermer\u00eda en San Juan"},"content":{"rendered":"<p>En un a\u00f1o contextualizado por la pandemia COVID-19, la tarea del enfermero es primordial. Ellos heroicamente brindan cuidado a los pacientes y proyectan alegr\u00eda con sentido humanizado, que pretenden permeabilizarlo a todo el equipo de salud y a la sociedad en su conjunto.<\/p>\n<p>Por ello, el lema por el D\u00eda Internacional de la Enfermer\u00eda \u201cCuidar con empat\u00eda, compromiso y sentido humanizado en tiempos de pandemia\u201d.<\/p>\n<p>Del 11 al 14 de Mayo, siempre con inicio a las 11 horas, el Departamento de Enfermer\u00eda del Hospital Dr. Marcial Quiroga realiza jornadas cient\u00edficas virtuales desde el sal\u00f3n de actos del nosocomio, entrega de tarjetas identificatorias para fortalecer cuidado humanizado, homenajes, reconocimientos y menciones.<\/p>\n<p>Para participar de las jornadas acad\u00e9micas, v\u00eda zoom, no es necesaria inscripci\u00f3n previa. Se puede seguir por medio del siguiente enlace:<\/p>\n<p><a href=\"https:\/\/zoom.us\/j\/99948590402?pwd=ZytObkJsSHh2VVBPbm1aRmhpMUxXdz09\">https:\/\/zoom.us\/j\/99948590402?pwd=ZytObkJsSHh2VVBPbm1aRmhpMUxXdz09<\/a><\/p>\n<p>ID de reuni\u00f3n: 999 4859 0402. C\u00f3digo de acceso: 503013<\/p>\n<p><img loading=\"lazy\" decoding=\"async\" class=\"alignnone wp-image-37677 size-full\" src=\"https:\/\/vocesparalelas.com.ar\/sitio\/wp-content\/uploads\/2021\/05\/HMQ-ENFERMERAS-01.jpg\" alt=\"\" width=\"800\" height=\"444\" srcset=\"https:\/\/vocesparalelas.com.ar\/sitio\/wp-content\/uploads\/2021\/05\/HMQ-ENFERMERAS-01.jpg 800w, https:\/\/vocesparalelas.com.ar\/sitio\/wp-content\/uploads\/2021\/05\/HMQ-ENFERMERAS-01-300x167.jpg 300w, https:\/\/vocesparalelas.com.ar\/sitio\/wp-content\/uploads\/2021\/05\/HMQ-ENFERMERAS-01-768x426.jpg 768w\" sizes=\"auto, (max-width: 800px) 100vw, 800px\" \/><\/p>\n<p><strong><span style=\"color: #339966;\">Programa de actividades<\/span><\/strong><\/p>\n<p><strong><span style=\"color: #339966;\">Martes, 11 de Mayo, Jornada acad\u00e9mica<\/span><\/strong><\/p>\n<ul>\n<li>La humanizaci\u00f3n relacionada con los derechos del paciente<\/li>\n<\/ul>\n<p>Disertante: Lic. Gabriela Santib\u00e1\u00f1ez<\/p>\n<ul>\n<li>Tema: la humanizaci\u00f3n es un desaf\u00edo en tiempos de pandemia<\/li>\n<\/ul>\n<p>Disertante: Lic. c. Sandra Garc\u00eda<\/p>\n<ul>\n<li>Entrega de identificaci\u00f3n al personal de enfermer\u00eda como estrategia para fortalecer cuidado humanizado.<\/li>\n<\/ul>\n<p><span style=\"color: #339966;\"><strong>Mi\u00e9rcoles, 12 de Mayo<\/strong><\/span><\/p>\n<p>Acto central por el d\u00eda internacional de la enfermer\u00eda con la participaci\u00f3n de autoridades,<strong> c<\/strong>ambio de cuerpo de bandera y entrega de menciones.<\/p>\n<p><span style=\"color: #339966;\"><strong>Jueves, 13 de Mayo, Jornada acad\u00e9mica<\/strong><\/span><\/p>\n<ul>\n<li>Experiencias del cuidado en tiempos de Pandemia COVID-19<\/li>\n<\/ul>\n<p>Disertante: Lic. Sebasti\u00e1n Pereyra<\/p>\n<ul>\n<li>Motivaci\u00f3n al personal de enfermer\u00eda<\/li>\n<\/ul>\n<p>Disertante: Lic. Yanina Gonz\u00e1lez<\/p>\n<p><span style=\"color: #339966;\"><strong>Viernes, 14 de Mayo, Jornada acad\u00e9mica<\/strong><\/span><\/p>\n<ul>\n<li>Tema: Aspectos emocionales de quienes cuidan en una unidad de terapia intensiva neonatal.<\/li>\n<\/ul>\n<p>Disertante:Lic. Mar\u00eda Laura Casta\u00f1eda.<\/p>\n<ul>\n<li>Evaluaci\u00f3n de la calidad de los registros de enfermer\u00eda del Hospital Marcial Quiroga.<\/li>\n<\/ul>\n<p>Disertante: Lic. Stella Maris Aguilar.<\/p>\n<p><img loading=\"lazy\" decoding=\"async\" class=\"alignnone wp-image-7500 size-large\" src=\"https:\/\/vocesparalelas.com.ar\/sitio\/wp-content\/uploads\/2017\/11\/HOSPITAL-MARCIAL-QUIROGA-2-800x450.jpg\" alt=\"\" width=\"800\" height=\"450\" srcset=\"https:\/\/vocesparalelas.com.ar\/sitio\/wp-content\/uploads\/2017\/11\/HOSPITAL-MARCIAL-QUIROGA-2-800x450.jpg 800w, https:\/\/vocesparalelas.com.ar\/sitio\/wp-content\/uploads\/2017\/11\/HOSPITAL-MARCIAL-QUIROGA-2-300x169.jpg 300w, https:\/\/vocesparalelas.com.ar\/sitio\/wp-content\/uploads\/2017\/11\/HOSPITAL-MARCIAL-QUIROGA-2-768x432.jpg 768w, https:\/\/vocesparalelas.com.ar\/sitio\/wp-content\/uploads\/2017\/11\/HOSPITAL-MARCIAL-QUIROGA-2.jpg 1024w\" sizes=\"auto, (max-width: 800px) 100vw, 800px\" \/><\/p>\n<p>&nbsp;<\/p>\n","protected":false},"excerpt":{"rendered":"<p>En un a\u00f1o contextualizado por la pandemia COVID-19, la tarea del enfermero es primordial. Ellos heroicamente brindan cuidado a los<\/p>\n","protected":false},"author":3,"featured_media":37678,"comment_status":"closed","ping_status":"closed","sticky":false,"template":"","format":"standard","meta":{"_acf_changed":false,"_seopress_robots_primary_cat":"none","_seopress_titles_title":"","_seopress_titles_desc":"","_seopress_robots_index":"","colormag_page_container_layout":"default_layout","colormag_page_sidebar_layout":"default_layout","footnotes":""},"categories":[9],"tags":[],"class_list":["post-37675","post","type-post","status-publish","format-standard","has-post-thumbnail","hentry","category-cursos"],"acf":[],"_links":{"self":[{"href":"https:\/\/vocesparalelas.com.ar\/sitio\/wp-json\/wp\/v2\/posts\/37675","targetHints":{"allow":["GET"]}}],"collection":[{"href":"https:\/\/vocesparalelas.com.ar\/sitio\/wp-json\/wp\/v2\/posts"}],"about":[{"href":"https:\/\/vocesparalelas.com.ar\/sitio\/wp-json\/wp\/v2\/types\/post"}],"author":[{"embeddable":true,"href":"https:\/\/vocesparalelas.com.ar\/sitio\/wp-json\/wp\/v2\/users\/3"}],"replies":[{"embeddable":true,"href":"https:\/\/vocesparalelas.com.ar\/sitio\/wp-json\/wp\/v2\/comments?post=37675"}],"version-history":[{"count":1,"href":"https:\/\/vocesparalelas.com.ar\/sitio\/wp-json\/wp\/v2\/posts\/37675\/revisions"}],"predecessor-version":[{"id":37679,"href":"https:\/\/vocesparalelas.com.ar\/sitio\/wp-json\/wp\/v2\/posts\/37675\/revisions\/37679"}],"wp:featuredmedia":[{"embeddable":true,"href":"https:\/\/vocesparalelas.com.ar\/sitio\/wp-json\/wp\/v2\/media\/37678"}],"wp:attachment":[{"href":"https:\/\/vocesparalelas.com.ar\/sitio\/wp-json\/wp\/v2\/media?parent=37675"}],"wp:term":[{"taxonomy":"category","embeddable":true,"href":"https:\/\/vocesparalelas.com.ar\/sitio\/wp-json\/wp\/v2\/categories?post=37675"},{"taxonomy":"post_tag","embeddable":true,"href":"https:\/\/vocesparalelas.com.ar\/sitio\/wp-json\/wp\/v2\/tags?post=37675"}],"curies":[{"name":"wp","href":"https:\/\/api.w.org\/{rel}","templated":true}]}}