{"id":37667,"date":"2021-05-11T23:37:06","date_gmt":"2021-05-12T02:37:06","guid":{"rendered":"http:\/\/vocesparalelas.com.ar\/sitio\/?p=37667"},"modified":"2021-05-18T00:00:53","modified_gmt":"2021-05-18T03:00:53","slug":"concurso-literario-san-juan-escribe-premio-jorge-leonidas-escudero","status":"publish","type":"post","link":"https:\/\/vocesparalelas.com.ar\/sitio\/concurso-literario-san-juan-escribe-premio-jorge-leonidas-escudero\/","title":{"rendered":"Concurso Literario \u00abSan Juan Escribe\u00bb Premio Jorge Le\u00f3nidas Escudero"},"content":{"rendered":"<p>La Municipalidad de Rivadavia junto a la C\u00e1mara de Diputados de San Juan, lanzaron la convocatoria para el concurso literario, abierto, gratuito y de tema libre, \u201cSan Juan Escribe, premio Jorge Le\u00f3nidas Escudero\u201d.<\/p>\n<p>Los interesados pueden presentar sus obras hasta el 2 de Julio, sobre g\u00e9neros l\u00edrico, dram\u00e1tico y narrativo, de las anteriores ediciones, se suma la categor\u00eda de relatos breves.<\/p>\n<p>Por consultas podes acercarte a la Direcci\u00f3n de Turismo y Cultura, Av. Libertador Gral. San Mart\u00edn y Rastreador Calivar.<\/p>\n<p><img loading=\"lazy\" decoding=\"async\" class=\"alignnone wp-image-37868 size-full\" src=\"https:\/\/vocesparalelas.com.ar\/sitio\/wp-content\/uploads\/2021\/05\/SAN-JUAN-ESCRIBE.jpg\" alt=\"\" width=\"703\" height=\"1024\" \/><\/p>\n<p>Bases y condiciones en <a href=\"http:\/\/www.diputadossanjuan.gob.ar\/\">www.diputadossanjuan.gob.ar<\/a> o al WhatsApp 2644844525.<\/p>\n<p><iframe loading=\"lazy\" title=\"CDSJ CONCURSO SAN JUAN ESCRIBE\" width=\"800\" height=\"450\" src=\"https:\/\/www.youtube.com\/embed\/W9YFE8hz83k?feature=oembed\" frameborder=\"0\" allow=\"accelerometer; autoplay; clipboard-write; encrypted-media; gyroscope; picture-in-picture\" allowfullscreen><\/iframe><\/p>\n<p>&nbsp;<\/p>\n<p>&nbsp;<\/p>\n<p><img loading=\"lazy\" decoding=\"async\" class=\"alignnone wp-image-2493 size-large\" src=\"https:\/\/vocesparalelas.com.ar\/sitio\/wp-content\/uploads\/2017\/06\/RIVADAVIA-FRENTE-01-800x534.jpg\" alt=\"\" width=\"800\" height=\"534\" srcset=\"https:\/\/vocesparalelas.com.ar\/sitio\/wp-content\/uploads\/2017\/06\/RIVADAVIA-FRENTE-01-800x534.jpg 800w, https:\/\/vocesparalelas.com.ar\/sitio\/wp-content\/uploads\/2017\/06\/RIVADAVIA-FRENTE-01-300x200.jpg 300w, https:\/\/vocesparalelas.com.ar\/sitio\/wp-content\/uploads\/2017\/06\/RIVADAVIA-FRENTE-01-768x512.jpg 768w, https:\/\/vocesparalelas.com.ar\/sitio\/wp-content\/uploads\/2017\/06\/RIVADAVIA-FRENTE-01.jpg 1000w\" sizes=\"auto, (max-width: 800px) 100vw, 800px\" \/><\/p>\n<p>&nbsp;<\/p>\n<p>&nbsp;<\/p>\n","protected":false},"excerpt":{"rendered":"<p>La Municipalidad de Rivadavia junto a la C\u00e1mara de Diputados de San Juan, lanzaron la convocatoria para el concurso literario,<\/p>\n","protected":false},"author":3,"featured_media":37178,"comment_status":"closed","ping_status":"closed","sticky":false,"template":"","format":"video","meta":{"_acf_changed":false,"_seopress_robots_primary_cat":"none","_seopress_titles_title":"","_seopress_titles_desc":"","_seopress_robots_index":"","colormag_page_container_layout":"default_layout","colormag_page_sidebar_layout":"default_layout","footnotes":""},"categories":[8,7],"tags":[],"class_list":["post-37667","post","type-post","status-publish","format-video","has-post-thumbnail","hentry","category-concursos","category-videos","post_format-post-format-video"],"acf":[],"_links":{"self":[{"href":"https:\/\/vocesparalelas.com.ar\/sitio\/wp-json\/wp\/v2\/posts\/37667","targetHints":{"allow":["GET"]}}],"collection":[{"href":"https:\/\/vocesparalelas.com.ar\/sitio\/wp-json\/wp\/v2\/posts"}],"about":[{"href":"https:\/\/vocesparalelas.com.ar\/sitio\/wp-json\/wp\/v2\/types\/post"}],"author":[{"embeddable":true,"href":"https:\/\/vocesparalelas.com.ar\/sitio\/wp-json\/wp\/v2\/users\/3"}],"replies":[{"embeddable":true,"href":"https:\/\/vocesparalelas.com.ar\/sitio\/wp-json\/wp\/v2\/comments?post=37667"}],"version-history":[{"count":3,"href":"https:\/\/vocesparalelas.com.ar\/sitio\/wp-json\/wp\/v2\/posts\/37667\/revisions"}],"predecessor-version":[{"id":37870,"href":"https:\/\/vocesparalelas.com.ar\/sitio\/wp-json\/wp\/v2\/posts\/37667\/revisions\/37870"}],"wp:featuredmedia":[{"embeddable":true,"href":"https:\/\/vocesparalelas.com.ar\/sitio\/wp-json\/wp\/v2\/media\/37178"}],"wp:attachment":[{"href":"https:\/\/vocesparalelas.com.ar\/sitio\/wp-json\/wp\/v2\/media?parent=37667"}],"wp:term":[{"taxonomy":"category","embeddable":true,"href":"https:\/\/vocesparalelas.com.ar\/sitio\/wp-json\/wp\/v2\/categories?post=37667"},{"taxonomy":"post_tag","embeddable":true,"href":"https:\/\/vocesparalelas.com.ar\/sitio\/wp-json\/wp\/v2\/tags?post=37667"}],"curies":[{"name":"wp","href":"https:\/\/api.w.org\/{rel}","templated":true}]}}