{"id":37664,"date":"2021-05-11T22:28:28","date_gmt":"2021-05-12T01:28:28","guid":{"rendered":"http:\/\/vocesparalelas.com.ar\/sitio\/?p=37664"},"modified":"2021-05-12T01:34:06","modified_gmt":"2021-05-12T04:34:06","slug":"la-sociedad-de-chacareros-temporarios-de-san-juan-renovo-sus-autoridades","status":"publish","type":"post","link":"https:\/\/vocesparalelas.com.ar\/sitio\/la-sociedad-de-chacareros-temporarios-de-san-juan-renovo-sus-autoridades\/","title":{"rendered":"La Sociedad de Chacareros Temporarios de San Juan renov\u00f3 sus autoridades"},"content":{"rendered":"<p>La Sociedad de Chacareros Temporarios de San Juan realiz\u00f3 su Asamblea General Ordinaria. En esa oportunidad se realiz\u00f3 la elecci\u00f3n de las nuevas autoridades de la instituci\u00f3n. El se\u00f1or Osvaldo Recio result\u00f3 electo presidente. Recio tiene 52 a\u00f1os y es productor de toda la vida. \u201cEs un oficio que aprend\u00ed de mi padre y de mi abuelo que tambi\u00e9n fueron productores\u201d, dijo el nuevo presidente, quien cultiva verdeo y zanahoria durante el invierno, y sand\u00eda, mel\u00f3n y tomate en verano. Anteriormente ten\u00eda su chacra en Santa Luc\u00eda, pero el avance urbano lo oblig\u00f3 a trasladar su actividad a Angaco.<\/p>\n<p>Recio destac\u00f3 que el objetivo de esta nueva gesti\u00f3n es unir a los integrantes de la Sociedad de Chacareros, escuchar las inquietudes de todos sus miembros y de todos los que forman parte del Mercado Concentrador: productores, puesteros, verduleros y empleados.<\/p>\n<p><strong><span style=\"color: #ff6600;\">Comisi\u00f3n Directiva<\/span><\/strong><\/p>\n<ul>\n<li>Presidente Osvaldo Recio<\/li>\n<li>Secretario Gabriel Ceferino Ausina<\/li>\n<li>Tesorero Orlando Cotilla<\/li>\n<\/ul>\n<p><span style=\"color: #ff6600;\"><strong>Vocales Titulares<\/strong><\/span><\/p>\n<ul>\n<li>Mario Alberto Torrente<\/li>\n<li><span style=\"line-height: 1.5;\">N\u00e9stor Antonio Gim\u00e9nez<\/span><\/li>\n<li><span style=\"line-height: 1.5;\">Luis Antonio Cotilla Linares<\/span><\/li>\n<li><span style=\"line-height: 1.5;\">Jos\u00e9 Alejandro L\u00f3pez<\/span><\/li>\n<li><span style=\"line-height: 1.5;\">Ismael Antonio Zaragoza<\/span><\/li>\n<li><span style=\"line-height: 1.5;\">Andr\u00e9s Marcelo Carrizo<\/span><\/li>\n<\/ul>\n<p><strong><span style=\"color: #ff6600;\">Vocales Suplentes<\/span><\/strong><\/p>\n<ul>\n<li>Orlando Agenor Guardia<\/li>\n<li><span style=\"line-height: 1.5;\">Mario H\u00e9ctor Torrente<\/span><\/li>\n<li><span style=\"line-height: 1.5;\">Jos\u00e9 Antonio Zaragoza<\/span><\/li>\n<\/ul>\n<p><span style=\"color: #ff6600;\"><strong>Revisor de cuentas<\/strong><\/span><\/p>\n<ul>\n<li>Jorge Luis Orozco<\/li>\n<li><span style=\"line-height: 1.5;\">Rafael Montoro<\/span><\/li>\n<\/ul>\n<p><strong><span style=\"color: #ff6600;\">Revisor de cuentas suplente<\/span><\/strong><\/p>\n<ul>\n<li>Jorge Antonio Fayos<\/li>\n<\/ul>\n<p>Algunos de los proyectos que buscar\u00e1n concretar es la implementaci\u00f3n de un seguro contra siniestros clim\u00e1ticos para los socios, tramitar beneficios impositivos frente a los costos el\u00e9ctricos que resultan ser muy costosos para el sector chacarero y gestionar el acceso a viviendas para socios e hijos de socios.<\/p>\n<p>&nbsp;<\/p>\n<p>&nbsp;<\/p>\n<p>&nbsp;<\/p>\n<p>&nbsp;<\/p>\n<p>&nbsp;<\/p>\n","protected":false},"excerpt":{"rendered":"<p>La Sociedad de Chacareros Temporarios de San Juan realiz\u00f3 su Asamblea General Ordinaria. En esa oportunidad se realiz\u00f3 la elecci\u00f3n<\/p>\n","protected":false},"author":3,"featured_media":17691,"comment_status":"closed","ping_status":"closed","sticky":false,"template":"","format":"standard","meta":{"_acf_changed":false,"_seopress_robots_primary_cat":"none","_seopress_titles_title":"","_seopress_titles_desc":"","_seopress_robots_index":"","colormag_page_container_layout":"default_layout","colormag_page_sidebar_layout":"default_layout","footnotes":""},"categories":[6],"tags":[],"class_list":["post-37664","post","type-post","status-publish","format-standard","has-post-thumbnail","hentry","category-eventos"],"acf":[],"_links":{"self":[{"href":"https:\/\/vocesparalelas.com.ar\/sitio\/wp-json\/wp\/v2\/posts\/37664","targetHints":{"allow":["GET"]}}],"collection":[{"href":"https:\/\/vocesparalelas.com.ar\/sitio\/wp-json\/wp\/v2\/posts"}],"about":[{"href":"https:\/\/vocesparalelas.com.ar\/sitio\/wp-json\/wp\/v2\/types\/post"}],"author":[{"embeddable":true,"href":"https:\/\/vocesparalelas.com.ar\/sitio\/wp-json\/wp\/v2\/users\/3"}],"replies":[{"embeddable":true,"href":"https:\/\/vocesparalelas.com.ar\/sitio\/wp-json\/wp\/v2\/comments?post=37664"}],"version-history":[{"count":1,"href":"https:\/\/vocesparalelas.com.ar\/sitio\/wp-json\/wp\/v2\/posts\/37664\/revisions"}],"predecessor-version":[{"id":37666,"href":"https:\/\/vocesparalelas.com.ar\/sitio\/wp-json\/wp\/v2\/posts\/37664\/revisions\/37666"}],"wp:featuredmedia":[{"embeddable":true,"href":"https:\/\/vocesparalelas.com.ar\/sitio\/wp-json\/wp\/v2\/media\/17691"}],"wp:attachment":[{"href":"https:\/\/vocesparalelas.com.ar\/sitio\/wp-json\/wp\/v2\/media?parent=37664"}],"wp:term":[{"taxonomy":"category","embeddable":true,"href":"https:\/\/vocesparalelas.com.ar\/sitio\/wp-json\/wp\/v2\/categories?post=37664"},{"taxonomy":"post_tag","embeddable":true,"href":"https:\/\/vocesparalelas.com.ar\/sitio\/wp-json\/wp\/v2\/tags?post=37664"}],"curies":[{"name":"wp","href":"https:\/\/api.w.org\/{rel}","templated":true}]}}