{"id":37657,"date":"2021-05-11T22:02:24","date_gmt":"2021-05-12T01:02:24","guid":{"rendered":"http:\/\/vocesparalelas.com.ar\/sitio\/?p=37657"},"modified":"2021-05-11T22:02:24","modified_gmt":"2021-05-12T01:02:24","slug":"el-bcra-y-el-gobierno-de-san-juan-firmaron-un-convenio-de-cooperacion-en-educacion-financiera","status":"publish","type":"post","link":"https:\/\/vocesparalelas.com.ar\/sitio\/el-bcra-y-el-gobierno-de-san-juan-firmaron-un-convenio-de-cooperacion-en-educacion-financiera\/","title":{"rendered":"El BCRA y el Gobierno de San Juan firmaron un convenio de cooperaci\u00f3n en educaci\u00f3n financiera"},"content":{"rendered":"<p>El presidente del Banco Central de la Rep\u00fablica Argentina &#8211; BCRA -, Lic. Miguel Pesce, y el gobernador de la Provincia de San Juan, Dr. Sergio U\u00f1ac, suscribieron, en la sede del BCRA, un convenio de cooperaci\u00f3n en educaci\u00f3n financiera para incrementar las habilidades de las personas usuarias y promover una mayor inclusi\u00f3n financiera de los sectores m\u00e1s vulnerables.<\/p>\n<p>El Banco Central viene desarrollando programas educativos federales junto con los gobiernos provinciales para llevar la educaci\u00f3n financiera a todo el pa\u00eds. La semana pasada, el BCRA firm\u00f3 un convenio con la provincia de Santa Fe. En 2020, el Banco Central capacit\u00f3 a docentes de tres provincias: Catamarca, San Luis y Neuqu\u00e9n. Estos programas, en colaboraci\u00f3n para la producci\u00f3n de materiales con el Ministerio de Educaci\u00f3n de la Naci\u00f3n, promueven un mayor uso de los servicios disponibles y buscan facilitar la toma de decisiones informadas.<\/p>\n<p>\u201cHoy nos toca trabajar con un tema muy importante, que es la educaci\u00f3n y la inclusi\u00f3n financiera\u201d, afirm\u00f3 Pesce, durante el acto. \u201cNos esperan nuevos desaf\u00edos, vienen cambios tecnol\u00f3gicos importantes, cambios que nos aproximan, pero que tambi\u00e9n requieren de educaci\u00f3n\u201d.<\/p>\n<p>El presidente se refiri\u00f3 a las novedades en el sistema de pagos, especialmente a los pagos electr\u00f3nicos: \u201cEs necesario que la gente conozca c\u00f3mo funcionan estos instrumentos, sus ventajas y tambi\u00e9n sus riegos\u201d, dijo, y a\u00f1adi\u00f3 que \u00abla educaci\u00f3n sirve para capacitar en los instrumentos y para prevenir sobre aquellas cuestiones que la gente no est\u00e1 preparada\u201d.<\/p>\n<p>Finalmente, destac\u00f3 la acci\u00f3n de los programas educativos del BCRA. \u201cVamos a llegar a trav\u00e9s de la escuela a los chicos, y a trav\u00e9s de ellos a las familias\u201d, se\u00f1al\u00f3, y concluy\u00f3: \u201cpara que podamos recibir los desaf\u00edos del futuro bien preparados\u201d.<\/p>\n<p>Por su parte, U\u00f1ac subray\u00f3 la importancia del acuerdo. \u201cLa educaci\u00f3n financiera hoy es tan demandada como la educaci\u00f3n dos siglos atr\u00e1s\u201d, afirm\u00f3.<\/p>\n<p>El mandatario a\u00f1adi\u00f3 que \u201ccon este convenio tambi\u00e9n hacemos tangible el federalismo en nuestro pa\u00eds. Este es un pa\u00eds federal y por peque\u00f1as que sean las provincias tambi\u00e9n podemos aportar y, en este caso, recibir este tipo de capacitaci\u00f3n\u201d, dijo, y a\u00f1adi\u00f3: \u201cPonemos la Provincia a disposici\u00f3n, la totalidad de las carteras ministeriales que tiene la provincia de San Juan. para que podamos visibilizar cu\u00e1l ser\u00eda el horizonte inmediato y c\u00f3mo podemos trabajar en conjunto\u201d.<\/p>\n<p>La ministra de Hacienda y Finanzas de la Provincia, CPN Marisa L\u00f3pez, quien tambi\u00e9n particip\u00f3 del encuentro, consider\u00f3 que \u201cla educaci\u00f3n es un bien p\u00fablico y la educaci\u00f3n financiera es de vital importancia no solo para docentes y alumnos, sino tambi\u00e9n para sectores sociales que necesitan estar capacitados financieramente, en aspectos como el ahorro, la inversi\u00f3n y el consumo\u201d.<\/p>\n<p>La titular de la cartera econ\u00f3mica provincial a\u00f1adi\u00f3 que a continuaci\u00f3n se realizar\u00e1 la firma de actas complementarias con los ministerios de Educaci\u00f3n, de Desarrollo Humano y de Hacienda para avanzar en capacitaci\u00f3n financiera.<\/p>\n<p>En el acto de firma del acuerdo tambi\u00e9n estuvo presente el vicepresidente del BCRA, Lic. Sergio Woyecheszen, y participaron de forma virtual por parte del organismo la subgerente general de Regulaci\u00f3n Financiera, Econ. Daniela Bossio; el gerente principal de Inclusi\u00f3n Financiera, Lic. Gast\u00f3n Repetto; y el gerente de Educaci\u00f3n Financiera, Lic. Mariano Iglesias.<\/p>\n<p><img loading=\"lazy\" decoding=\"async\" class=\"alignnone wp-image-37660 size-full\" src=\"https:\/\/vocesparalelas.com.ar\/sitio\/wp-content\/uploads\/2021\/05\/EDUCACION-FINANCIERA-02.jpg\" alt=\"\" width=\"800\" height=\"534\" srcset=\"https:\/\/vocesparalelas.com.ar\/sitio\/wp-content\/uploads\/2021\/05\/EDUCACION-FINANCIERA-02.jpg 800w, https:\/\/vocesparalelas.com.ar\/sitio\/wp-content\/uploads\/2021\/05\/EDUCACION-FINANCIERA-02-300x200.jpg 300w, https:\/\/vocesparalelas.com.ar\/sitio\/wp-content\/uploads\/2021\/05\/EDUCACION-FINANCIERA-02-768x513.jpg 768w\" sizes=\"auto, (max-width: 800px) 100vw, 800px\" \/><\/p>\n<p><strong><span style=\"color: #99cc00;\">Convenio con San Juan<\/span><\/strong><\/p>\n<p>El convenio firmado con la provincia de San Juan sienta las bases para que el Banco Central avance en distintas l\u00edneas de trabajo, no s\u00f3lo con el Ministerio de Educaci\u00f3n provincial, sino tambi\u00e9n con el Ministerio de Desarrollo Humano y Promoci\u00f3n Social y el Ministerio de Hacienda y Finanzas de la provincia.<\/p>\n<p>De esta forma, se podr\u00e1n adaptar las actividades, los contenidos y los materiales educativos a los requerimientos tanto docentes, como de estudiantes de escuelas secundarias, como as\u00ed tambi\u00e9n de personas microemprendedoras de la provincia, entre otros.<\/p>\n<p><strong><span style=\"color: #99cc00;\">Los programas de educaci\u00f3n financiera del BCRA<\/span><\/strong><\/p>\n<p>En 2020, el BCRA capacit\u00f3 virtualmente a 567 docentes de 3 provincias (Catamarca, San Luis y Neuqu\u00e9n), que trabajaron en el aula con 5.965 estudiantes de 166 escuelas (51 de ellas rurales). Las y los estudiantes realizaron actividades para transferir los saberes y las habilidades adquiridas a su comunidad cercana (familia, personas adultas mayores, vecinos y vecinas, entre otras).<\/p>\n<p>Estos programas se centran en la comparaci\u00f3n y selecci\u00f3n de productos financieros, estrategias de ahorro e inversi\u00f3n, el uso de los medios de pago electr\u00f3nicos y los canales electr\u00f3nicos para la realizaci\u00f3n de diversas operaciones, y la comprensi\u00f3n de los instrumentos de cr\u00e9dito, entre otros.<\/p>\n<p>&nbsp;<\/p>\n<p>&nbsp;<\/p>\n<p>&nbsp;<\/p>\n","protected":false},"excerpt":{"rendered":"<p>El presidente del Banco Central de la Rep\u00fablica Argentina &#8211; BCRA -, Lic. Miguel Pesce, y el gobernador de la<\/p>\n","protected":false},"author":3,"featured_media":37659,"comment_status":"closed","ping_status":"closed","sticky":false,"template":"","format":"standard","meta":{"_acf_changed":false,"_seopress_robots_primary_cat":"none","_seopress_titles_title":"","_seopress_titles_desc":"","_seopress_robots_index":"","colormag_page_container_layout":"default_layout","colormag_page_sidebar_layout":"default_layout","footnotes":""},"categories":[1],"tags":[],"class_list":["post-37657","post","type-post","status-publish","format-standard","has-post-thumbnail","hentry","category-destacadas"],"acf":[],"_links":{"self":[{"href":"https:\/\/vocesparalelas.com.ar\/sitio\/wp-json\/wp\/v2\/posts\/37657","targetHints":{"allow":["GET"]}}],"collection":[{"href":"https:\/\/vocesparalelas.com.ar\/sitio\/wp-json\/wp\/v2\/posts"}],"about":[{"href":"https:\/\/vocesparalelas.com.ar\/sitio\/wp-json\/wp\/v2\/types\/post"}],"author":[{"embeddable":true,"href":"https:\/\/vocesparalelas.com.ar\/sitio\/wp-json\/wp\/v2\/users\/3"}],"replies":[{"embeddable":true,"href":"https:\/\/vocesparalelas.com.ar\/sitio\/wp-json\/wp\/v2\/comments?post=37657"}],"version-history":[{"count":1,"href":"https:\/\/vocesparalelas.com.ar\/sitio\/wp-json\/wp\/v2\/posts\/37657\/revisions"}],"predecessor-version":[{"id":37661,"href":"https:\/\/vocesparalelas.com.ar\/sitio\/wp-json\/wp\/v2\/posts\/37657\/revisions\/37661"}],"wp:featuredmedia":[{"embeddable":true,"href":"https:\/\/vocesparalelas.com.ar\/sitio\/wp-json\/wp\/v2\/media\/37659"}],"wp:attachment":[{"href":"https:\/\/vocesparalelas.com.ar\/sitio\/wp-json\/wp\/v2\/media?parent=37657"}],"wp:term":[{"taxonomy":"category","embeddable":true,"href":"https:\/\/vocesparalelas.com.ar\/sitio\/wp-json\/wp\/v2\/categories?post=37657"},{"taxonomy":"post_tag","embeddable":true,"href":"https:\/\/vocesparalelas.com.ar\/sitio\/wp-json\/wp\/v2\/tags?post=37657"}],"curies":[{"name":"wp","href":"https:\/\/api.w.org\/{rel}","templated":true}]}}