{"id":37651,"date":"2021-05-10T22:53:21","date_gmt":"2021-05-11T01:53:21","guid":{"rendered":"http:\/\/vocesparalelas.com.ar\/sitio\/?p=37651"},"modified":"2021-05-10T22:53:21","modified_gmt":"2021-05-11T01:53:21","slug":"hacia-la-elaboracion-del-anteproyecto-de-ley-sobre-normas-de-edificacion-sustentable","status":"publish","type":"post","link":"https:\/\/vocesparalelas.com.ar\/sitio\/hacia-la-elaboracion-del-anteproyecto-de-ley-sobre-normas-de-edificacion-sustentable\/","title":{"rendered":"Hacia la elaboraci\u00f3n del anteproyecto de ley sobre normas de edificaci\u00f3n sustentable"},"content":{"rendered":"<p>La edificaci\u00f3n sustentable es lo m\u00e1s moderno en materia de infraestructura y arquitectura de inmuebles y permite un gran aprovechamiento de las bondades naturales, como el sol, el aire y la forestaci\u00f3n, en los lugares definidos para nuevas construcciones.<\/p>\n<p>El Ministerio de Salud P\u00fablica del Gobierno de San Juan firm\u00f3 un convenio con la Secretaria de Ambiente y Desarrollo Sustentable para la incorporaci\u00f3n de tres profesionales destinados a la elaboraci\u00f3n de un anteproyecto de ley, cuya finalidad es generar normativas de certificaci\u00f3n de edificios Sustentables en la provincia.<\/p>\n<p>La idea es que en las futuras construcciones de San Juan se apliquen los lineamientos \u00f3ptimos y determinaciones espec\u00edficas a mejorar la sustentabilidad edilicia en la provincia. Y se levanten edificios que se ajusten a condiciones de confort y habilidades \u00f3ptimas, adem\u00e1s de tener en cuenta las zonas \u00e1ridas y s\u00edsmicas de nuestro suelo sanjuanino.<\/p>\n<p>La ministra de Salud P\u00fablica, Dra. Alejandra Venerando eligi\u00f3 en representaci\u00f3n del MSP a los siguientes profesionales que tomar\u00e1n contacto con el resto de los integrantes de elaborar\u00e1n el proyecto de ley de la Norma de Certificaci\u00f3n para Edificios Sustentables<\/p>\n<ul>\n<li>Dr. Mat\u00edas Espejo,<\/li>\n<li>Arquitecta Silvia P\u00e9rez y<\/li>\n<li>Licenciada Ver\u00f3nica Clavel.<\/li>\n<\/ul>\n<p>Sobre el tema, la titular de la cartera sanitaria sostuvo que \u201ces imperiosa la necesidad que tenemos de comenzar a construir en la provincia con par\u00e1metros de la edificaci\u00f3n sustentable. Necesitamos aprovechar nuestro sol sanjuanino, las horas de luz natural que tenemos y la conexi\u00f3n con el entorno\u201d.<\/p>\n<p>La ministro asegur\u00f3 tambi\u00e9n que \u201cdebemos concientizar a todos para que en poco tiempo se cambie para bien los par\u00e1metros de edificaci\u00f3n y podamos aprovechar las bondades que tenemos. Desde salud ya comenzamos en el hospital de Albard\u00f3n con la utilizaci\u00f3n de paneles solares que generan una disminuci\u00f3n en el consumo de energ\u00eda y un ahorro en climatizaci\u00f3n\u201d.<\/p>\n<p>Por su parte, el Secretario de Estado de Ambiente y Desarrollo Sustentable, Lic. Ra\u00fal Tello explic\u00f3 que \u201ceste es un tema muy importante y lo debemos analizar como algo revolucionario. Comenzar a edificar con par\u00e1metros de sustentabilidad es vital en el ambiente y clima que tenemos en la provincia\u201d explic\u00f3.<\/p>\n<p>Participaron de la firma del convenio, adem\u00e1s, la arquitecta Claudia Agnelli, directora de Anchipurac, el doctor Mat\u00edas Espejo, Subsecretario de Medicina Preventiva y la licenciada Ver\u00f3nica Clavel, referente provincial de Higiene y Seguridad.<\/p>\n<p>&nbsp;<\/p>\n<p>&nbsp;<\/p>\n","protected":false},"excerpt":{"rendered":"<p>La edificaci\u00f3n sustentable es lo m\u00e1s moderno en materia de infraestructura y arquitectura de inmuebles y permite un gran aprovechamiento<\/p>\n","protected":false},"author":3,"featured_media":37653,"comment_status":"closed","ping_status":"closed","sticky":false,"template":"","format":"standard","meta":{"_acf_changed":false,"_seopress_robots_primary_cat":"none","_seopress_titles_title":"","_seopress_titles_desc":"","_seopress_robots_index":"","colormag_page_container_layout":"default_layout","colormag_page_sidebar_layout":"default_layout","footnotes":""},"categories":[1],"tags":[],"class_list":["post-37651","post","type-post","status-publish","format-standard","has-post-thumbnail","hentry","category-destacadas"],"acf":[],"_links":{"self":[{"href":"https:\/\/vocesparalelas.com.ar\/sitio\/wp-json\/wp\/v2\/posts\/37651","targetHints":{"allow":["GET"]}}],"collection":[{"href":"https:\/\/vocesparalelas.com.ar\/sitio\/wp-json\/wp\/v2\/posts"}],"about":[{"href":"https:\/\/vocesparalelas.com.ar\/sitio\/wp-json\/wp\/v2\/types\/post"}],"author":[{"embeddable":true,"href":"https:\/\/vocesparalelas.com.ar\/sitio\/wp-json\/wp\/v2\/users\/3"}],"replies":[{"embeddable":true,"href":"https:\/\/vocesparalelas.com.ar\/sitio\/wp-json\/wp\/v2\/comments?post=37651"}],"version-history":[{"count":1,"href":"https:\/\/vocesparalelas.com.ar\/sitio\/wp-json\/wp\/v2\/posts\/37651\/revisions"}],"predecessor-version":[{"id":37654,"href":"https:\/\/vocesparalelas.com.ar\/sitio\/wp-json\/wp\/v2\/posts\/37651\/revisions\/37654"}],"wp:featuredmedia":[{"embeddable":true,"href":"https:\/\/vocesparalelas.com.ar\/sitio\/wp-json\/wp\/v2\/media\/37653"}],"wp:attachment":[{"href":"https:\/\/vocesparalelas.com.ar\/sitio\/wp-json\/wp\/v2\/media?parent=37651"}],"wp:term":[{"taxonomy":"category","embeddable":true,"href":"https:\/\/vocesparalelas.com.ar\/sitio\/wp-json\/wp\/v2\/categories?post=37651"},{"taxonomy":"post_tag","embeddable":true,"href":"https:\/\/vocesparalelas.com.ar\/sitio\/wp-json\/wp\/v2\/tags?post=37651"}],"curies":[{"name":"wp","href":"https:\/\/api.w.org\/{rel}","templated":true}]}}