{"id":37648,"date":"2021-05-10T22:44:23","date_gmt":"2021-05-11T01:44:23","guid":{"rendered":"http:\/\/vocesparalelas.com.ar\/sitio\/?p=37648"},"modified":"2021-05-12T01:17:35","modified_gmt":"2021-05-12T04:17:35","slug":"el-futuro-de-los-museos-recuperar-y-reimaginar-en-el-dia-internacional-de-los-museos","status":"publish","type":"post","link":"https:\/\/vocesparalelas.com.ar\/sitio\/el-futuro-de-los-museos-recuperar-y-reimaginar-en-el-dia-internacional-de-los-museos\/","title":{"rendered":"\u201cEl futuro de los museos. Recuperar y reimaginar\u201d en el D\u00eda Internacional de los Museos"},"content":{"rendered":"<p>Intervenciones art\u00edsticas, proyecciones de luces, pintura en vivo, muestras y visitas guiadas, ser\u00e1n parte de las actividades programadas en San Juan para celebrar el D\u00eda Internacional de los Museos.<\/p>\n<p>Esta fecha tan importante se conmemora desde 1977 todos los 18 de mayo. Desde el Consejo Internacional de Museos &#8211; ICOM &#8211; se busca sensibilizar y difundir la importancia de los museos como espacio para el intercambio y el enriquecimiento de las culturas.<\/p>\n<p>Bajo el lema \u201cEl futuro de los museos: Recuperar y reimaginar\u201d, el Ministerio de Turismo y Cultura en conjunto con instituciones nacionales, provinciales y municipales de la provincia realizar\u00e1n un despliegue art\u00edstico \u00fanico bajo protocolo sanitario.<\/p>\n<p>Espacios culturales participantes<\/p>\n<ul>\n<li>Museo y Biblioteca Casa Natal de Sarmiento,<\/li>\n<li>Museo Provincial de Bellas Artes Franklin Rawson<\/li>\n<li>Museo Hist\u00f3rico Provincial Agust\u00edn Gnecco,<\/li>\n<li>Museo de la Historia Urbana,<\/li>\n<li>Centro Cultural Estaci\u00f3n San Mart\u00edn<\/li>\n<li>Teatro del Bicentenario como instituci\u00f3n invitada.<\/li>\n<\/ul>\n<p>Est\u00e1 previsto que desde las 10 hasta las 23 horas del Martes, 18 de Mayo, la comunidad puede conocer y disfrutar de las propuestas de cada instituci\u00f3n.<\/p>\n<p>En este sentido, la secretaria de Cultura Virginia Agote destac\u00f3 que \u00abla importancia de esta iniciativa es muy gratificante poder celebrar esta fecha cultural en forma conjunta; con una propuesta coordinada y planificada entre las diferentes instituciones, re imaginando nuestros espacios en estos tiempos de cambios tan profundos, y compartirlo con toda la comunidad que son parte de cada uno de ellos\u201d, se\u00f1al\u00f3.<\/p>\n<p><span style=\"color: #008000;\"><strong>Conoc\u00e9 las cinco propuestas culturales<\/strong><\/span><\/p>\n<p><span style=\"color: #008000;\"><strong>Museo Franklin Rawson<\/strong><\/span><\/p>\n<ul>\n<li>El MPBAFR lleva adelante una intervenci\u00f3n art\u00edstica interdisciplinaria en la fachada del edificio. La combinaci\u00f3n de juegos de luces, m\u00fasica ambiental y proyecciones internas\/externas crear\u00e1n un marco especial para transformar el edificio en una \u201cobra viva\u201d.<\/li>\n<li>En la ocasi\u00f3n se cuenta con la participaci\u00f3n de: Mercedes Yacante y Marcos Diaz Rossi (artistas visuales), Juan Manuel Noguera (artista audiovisual), Valent\u00edn C\u00f3rdoba (artista lum\u00ednico), y Ezequiel Cruz y Diego Contreras (DJs).<\/li>\n<li>Hora de realizaci\u00f3n: de 20 a 23 hs en la explanada del museo.<\/li>\n<\/ul>\n<p><span style=\"color: #008000;\"><strong>Museo Agust\u00edn Gnecco con el Teatro del Bicentenario<\/strong><\/span><\/p>\n<ul>\n<li>El Museo Gnecco, conjuntamente con el Teatro del Bicentenario, presentan \u201cObivlion, los sonidos del silencio\u201d. Se trata de una muestra de objetos musicales de la colecci\u00f3n que relatan historia, sonidos y belleza. Se puede apreciar piezas que vuelven a cobrar vida, desde un sentido metaf\u00f3rico, en el hall central del Teatro del Bicentenario. Obivlion se presenta en conjunto con la exposici\u00f3n homenaje a Astor Piazzolla, uno de los compositores m\u00e1s reconocidos en el mundo.<\/li>\n<li>Hora de realizaci\u00f3n: desde las 10 hasta las 20 hs.<\/li>\n<li>Visita express: de martes a viernes, de 10 a 13 hs (sin turno previo)<\/li>\n<li>Visita general: de mi\u00e9rcoles a domingo en dos turnos por d\u00eda, 18.30 hs y 19.30 hs (con turno previo a trav\u00e9s de la p\u00e1gina web del Teatro del Bicentenario).<\/li>\n<li>Horario general de visita de la muestra en Hall: de lunes a viernes desde las 10 hasta las 20 hs, s\u00e1bados y domingos, de 17:30hs a 20:30hs<\/li>\n<\/ul>\n<p><span style=\"color: #008000;\"><strong>Centro Cultural Estaci\u00f3n San Mart\u00edn<\/strong><\/span><\/p>\n<ul>\n<li>La Estaci\u00f3n San Mart\u00edn propone una Iluminaci\u00f3n especial para la fachada del edificio. La propuesta contempla una visita guiada por la exposici\u00f3n \u201cReflejArte\u201d: 18 Mundos + 1. Esta muestra colectiva de artes visuales contar\u00e1 con la participaci\u00f3n en vivo de los artistas expositores y la actuaci\u00f3n especial del Ballet Municipal San Juan Nuestro Tiempo.<\/li>\n<li>La actividad est\u00e1 segmentada en dos horarios. A las 20 hs., visita guiada por la muestra con cupo reducido. A las 21 hs., la Intervenci\u00f3n art\u00edstica de tango en el Hall central.<\/li>\n<\/ul>\n<p><strong><span style=\"color: #008000;\">Museo de la Historia Urbana<\/span><\/strong><\/p>\n<ul>\n<li>El Museo ilumina su edificio en una acci\u00f3n conmemorativa, interviniendo la mirada de los espectadores con la proyecci\u00f3n de su reciente archivo en los muros externos. En el interior del Museo a trav\u00e9s de realidad aumentada y dispositivos m\u00f3viles, se puede recorrer el San Juan antiguo.<\/li>\n<li>Hora de realizaci\u00f3n: desde las 20 hs.<\/li>\n<\/ul>\n<p><span style=\"color: #008000;\"><strong>Museo y Biblioteca Casa Natal de Sarmiento<\/strong><\/span><\/p>\n<ul>\n<li>Bajo el lema \u201cLa casa cuenta su historia\u201d, este hist\u00f3rico lugar intervendr\u00e1 su fachada con fotos que muestran la evoluci\u00f3n en el tiempo del edificio y el entorno urbano, \u201cBarrio El Carrascal\u201d. El registro ser\u00e1 acompa\u00f1ado con textos descriptivos y visitas gu\u00edas que brindar\u00e1n el contexto y las referencias hist\u00f3ricas, durante los horarios de apertura del museo.<\/li>\n<li>Hora de realizaci\u00f3n: desde las 12 hs.<\/li>\n<li>Visita Guiada: de 12 a 16 hs.<\/li>\n<\/ul>\n","protected":false},"excerpt":{"rendered":"<p>Intervenciones art\u00edsticas, proyecciones de luces, pintura en vivo, muestras y visitas guiadas, ser\u00e1n parte de las actividades programadas en San<\/p>\n","protected":false},"author":3,"featured_media":31783,"comment_status":"closed","ping_status":"closed","sticky":false,"template":"","format":"standard","meta":{"_acf_changed":false,"_seopress_robots_primary_cat":"none","_seopress_titles_title":"","_seopress_titles_desc":"","_seopress_robots_index":"","colormag_page_container_layout":"default_layout","colormag_page_sidebar_layout":"default_layout","footnotes":""},"categories":[20],"tags":[],"class_list":["post-37648","post","type-post","status-publish","format-standard","has-post-thumbnail","hentry","category-cartelera"],"acf":[],"_links":{"self":[{"href":"https:\/\/vocesparalelas.com.ar\/sitio\/wp-json\/wp\/v2\/posts\/37648","targetHints":{"allow":["GET"]}}],"collection":[{"href":"https:\/\/vocesparalelas.com.ar\/sitio\/wp-json\/wp\/v2\/posts"}],"about":[{"href":"https:\/\/vocesparalelas.com.ar\/sitio\/wp-json\/wp\/v2\/types\/post"}],"author":[{"embeddable":true,"href":"https:\/\/vocesparalelas.com.ar\/sitio\/wp-json\/wp\/v2\/users\/3"}],"replies":[{"embeddable":true,"href":"https:\/\/vocesparalelas.com.ar\/sitio\/wp-json\/wp\/v2\/comments?post=37648"}],"version-history":[{"count":1,"href":"https:\/\/vocesparalelas.com.ar\/sitio\/wp-json\/wp\/v2\/posts\/37648\/revisions"}],"predecessor-version":[{"id":37650,"href":"https:\/\/vocesparalelas.com.ar\/sitio\/wp-json\/wp\/v2\/posts\/37648\/revisions\/37650"}],"wp:featuredmedia":[{"embeddable":true,"href":"https:\/\/vocesparalelas.com.ar\/sitio\/wp-json\/wp\/v2\/media\/31783"}],"wp:attachment":[{"href":"https:\/\/vocesparalelas.com.ar\/sitio\/wp-json\/wp\/v2\/media?parent=37648"}],"wp:term":[{"taxonomy":"category","embeddable":true,"href":"https:\/\/vocesparalelas.com.ar\/sitio\/wp-json\/wp\/v2\/categories?post=37648"},{"taxonomy":"post_tag","embeddable":true,"href":"https:\/\/vocesparalelas.com.ar\/sitio\/wp-json\/wp\/v2\/tags?post=37648"}],"curies":[{"name":"wp","href":"https:\/\/api.w.org\/{rel}","templated":true}]}}