{"id":37626,"date":"2021-05-10T18:40:37","date_gmt":"2021-05-10T21:40:37","guid":{"rendered":"http:\/\/vocesparalelas.com.ar\/sitio\/?p=37626"},"modified":"2021-05-12T01:18:41","modified_gmt":"2021-05-12T04:18:41","slug":"charla-sobre-estrategias-para-facilitar-el-aprendizaje-de-los-estudiantes","status":"publish","type":"post","link":"https:\/\/vocesparalelas.com.ar\/sitio\/charla-sobre-estrategias-para-facilitar-el-aprendizaje-de-los-estudiantes\/","title":{"rendered":"Charla sobre estrategias para facilitar el aprendizaje de los estudiantes"},"content":{"rendered":"<p>El Centro de Educaci\u00f3n Cient\u00edfica y Tecnol\u00f3gica &#8211; CECyT &#8211; del Ministerio de Educaci\u00f3n del Gobierno de San Juan realiza un encuentro virtual gratuito de formaci\u00f3n para padres y\/o tutores de estudiantes, para brindarles diversas herramientas que les ayuden en la tarea escolar desde los hogares.<\/p>\n<p>En este contexto especial de pandemia y de escolarizaci\u00f3n combinada entre lo presencial y lo virtual, las familias siguen siendo protagonistas activas de las trayectorias escolares de los estudiantes.<\/p>\n<p>El CECyT convoc\u00f3 a la especialista en Neuropsicolog\u00eda y Educaci\u00f3n Amalia Varela Manzini, que explica las diferentes estrategias para articular motivaci\u00f3n y emociones al momento de aprender desde casa.<\/p>\n<p>El prop\u00f3sito es aplicar t\u00e9cnicas did\u00e1cticas eficaces para dirigir el aprendizaje de ni\u00f1os y adolescentes, presentadas en forma simple para la Familia desde la psicolog\u00eda positiva y la neuroeducaci\u00f3n.<\/p>\n<p>El encuentro tiene una duraci\u00f3n de una hora trav\u00e9s de Google Meet, el Jueves, 20 de Mayo, a las 15 horas<\/p>\n<p><strong><span style=\"color: #008000;\">Para participar\u00a0<\/span><\/strong><\/p>\n<p><a href=\"http:\/\/www.meet.google.com\/cbq-jfyb-uuk\">http:\/\/www.meet.google.com\/cbq-jfyb-uuk<\/a><\/p>\n<p>En la charla se presentar\u00e1n herramientas pedag\u00f3gicas b\u00e1sicas y did\u00e1cticas que madres, padres o tutores pueden emplear para fortalecer, acompa\u00f1ar y sostener las tareas escolares desde casa. Entre los temas se abordar\u00e1: \u00bfQu\u00e9 es aprender? \u00bfC\u00f3mo aprendemos? \u00bfC\u00f3mo te gusta aprender? \u00bfQu\u00e9 se siente cuando aprendemos? \u00bfPara qu\u00e9 sirve aprender?, entre otros.<\/p>\n<p><span style=\"color: #008000;\"><strong>Redes para consultas<\/strong><\/span><\/p>\n<ul>\n<li>Fapage: CECyT &#8211; Educaci\u00f3n.Ciencia.Tecnolog\u00eda<\/li>\n<li>Instagram : CECyT.SanJuan<\/li>\n<li>Canal de YouTube: CECyT Ministerio de Educaci\u00f3n<\/li>\n<li><span id=\"cloak0fe03f7be9f12dc5b14834f8a91943b3\"><a href=\"mailto:feriainnovacionsj@gmail.com\">feriainnovacionsj@gmail.com<\/a><\/span><\/li>\n<li><span id=\"cloak2fa783b604863fb5d853c1bb0fa77c6e\"><a href=\"mailto:cecytsj@sanjuan.edu.ar\">cecytsj@sanjuan.edu.ar<\/a><\/span><\/li>\n<\/ul>\n<p><span style=\"color: #008000;\"><strong>Link para el d\u00eda y hora del encuentro:<\/strong><\/span><\/p>\n<ul>\n<li><a href=\"http:\/\/www.meet.google.com\/cbq-jfyb-uuk\" target=\"_blank\" rel=\"noopener noreferrer\">www.meet.google.com\/cbq-jfyb-uuk<\/a><\/li>\n<\/ul>\n<p><span style=\"color: #008000;\"><strong>Sobre la Prof. Mar\u00eda Amalia Varela Manzini<\/strong><\/span><\/p>\n<p>Es m\u00e1ster en Neuropsicolog\u00eda y Educaci\u00f3n &#8211; UNIR; m\u00e1ster en Espa\u00f1ol como Lengua Extranjera &#8211; UNIR; master of Arts &#8211; Heinrich Heine Universit\u00e4t D\u00fcsseldorf y profesora de Letras \u2013 UNSJ.<\/p>\n<p>&nbsp;<\/p>\n<p><img loading=\"lazy\" decoding=\"async\" class=\"alignnone wp-image-37628 size-full\" src=\"https:\/\/vocesparalelas.com.ar\/sitio\/wp-content\/uploads\/2021\/05\/EDUCACION-DOCENTE.jpg\" alt=\"\" width=\"800\" height=\"449\" srcset=\"https:\/\/vocesparalelas.com.ar\/sitio\/wp-content\/uploads\/2021\/05\/EDUCACION-DOCENTE.jpg 800w, https:\/\/vocesparalelas.com.ar\/sitio\/wp-content\/uploads\/2021\/05\/EDUCACION-DOCENTE-300x168.jpg 300w, https:\/\/vocesparalelas.com.ar\/sitio\/wp-content\/uploads\/2021\/05\/EDUCACION-DOCENTE-768x431.jpg 768w\" sizes=\"auto, (max-width: 800px) 100vw, 800px\" \/><\/p>\n","protected":false},"excerpt":{"rendered":"<p>El Centro de Educaci\u00f3n Cient\u00edfica y Tecnol\u00f3gica &#8211; CECyT &#8211; del Ministerio de Educaci\u00f3n del Gobierno de San Juan realiza<\/p>\n","protected":false},"author":3,"featured_media":30856,"comment_status":"closed","ping_status":"closed","sticky":false,"template":"","format":"standard","meta":{"_acf_changed":false,"_seopress_robots_primary_cat":"none","_seopress_titles_title":"","_seopress_titles_desc":"","_seopress_robots_index":"","colormag_page_container_layout":"default_layout","colormag_page_sidebar_layout":"default_layout","footnotes":""},"categories":[9],"tags":[],"class_list":["post-37626","post","type-post","status-publish","format-standard","has-post-thumbnail","hentry","category-cursos"],"acf":[],"_links":{"self":[{"href":"https:\/\/vocesparalelas.com.ar\/sitio\/wp-json\/wp\/v2\/posts\/37626","targetHints":{"allow":["GET"]}}],"collection":[{"href":"https:\/\/vocesparalelas.com.ar\/sitio\/wp-json\/wp\/v2\/posts"}],"about":[{"href":"https:\/\/vocesparalelas.com.ar\/sitio\/wp-json\/wp\/v2\/types\/post"}],"author":[{"embeddable":true,"href":"https:\/\/vocesparalelas.com.ar\/sitio\/wp-json\/wp\/v2\/users\/3"}],"replies":[{"embeddable":true,"href":"https:\/\/vocesparalelas.com.ar\/sitio\/wp-json\/wp\/v2\/comments?post=37626"}],"version-history":[{"count":1,"href":"https:\/\/vocesparalelas.com.ar\/sitio\/wp-json\/wp\/v2\/posts\/37626\/revisions"}],"predecessor-version":[{"id":37629,"href":"https:\/\/vocesparalelas.com.ar\/sitio\/wp-json\/wp\/v2\/posts\/37626\/revisions\/37629"}],"wp:featuredmedia":[{"embeddable":true,"href":"https:\/\/vocesparalelas.com.ar\/sitio\/wp-json\/wp\/v2\/media\/30856"}],"wp:attachment":[{"href":"https:\/\/vocesparalelas.com.ar\/sitio\/wp-json\/wp\/v2\/media?parent=37626"}],"wp:term":[{"taxonomy":"category","embeddable":true,"href":"https:\/\/vocesparalelas.com.ar\/sitio\/wp-json\/wp\/v2\/categories?post=37626"},{"taxonomy":"post_tag","embeddable":true,"href":"https:\/\/vocesparalelas.com.ar\/sitio\/wp-json\/wp\/v2\/tags?post=37626"}],"curies":[{"name":"wp","href":"https:\/\/api.w.org\/{rel}","templated":true}]}}