{"id":37612,"date":"2021-05-09T11:43:28","date_gmt":"2021-05-09T14:43:28","guid":{"rendered":"http:\/\/vocesparalelas.com.ar\/sitio\/?p=37612"},"modified":"2021-05-10T22:31:27","modified_gmt":"2021-05-11T01:31:27","slug":"taller-virtual-gratuito-radio-express","status":"publish","type":"post","link":"https:\/\/vocesparalelas.com.ar\/sitio\/taller-virtual-gratuito-radio-express\/","title":{"rendered":"Taller virtual gratuito \u00abRadio Express\u00bb"},"content":{"rendered":"<p>El Centro de Innovaci\u00f3n Educativa Tecnol\u00f3gica del Ministerio de Educaci\u00f3n del Gobierno de San Juan contin\u00faa con talleres para los chicos y j\u00f3venes, con una propuesta educativa no formal que estimula y potencia habilidades y competencias.<\/p>\n<p>Especialistas en nuevas tecnolog\u00edas apuntan a crear entornos de aprendizaje basados en creatividad, brindando todas las herramientas que permitan experimentar, concretar ideas y proyectos a trav\u00e9s de actividades l\u00fadicas.<\/p>\n<p>Radio Express es un espacio de exploraci\u00f3n para chicos y chicas de 13 a 18 a\u00f1os para la realizaci\u00f3n de un podcast radial como una de las diversas herramientas en el mundo de la comunicaci\u00f3n como spots, publicidad, generaci\u00f3n de noticias, revistas y otros, en ocho encuentros virtuales.<\/p>\n<p><strong><span style=\"color: #ff9900;\">Temario<\/span><\/strong><\/p>\n<ul>\n<li>c\u00f3mo se producen las ondas sonoras y la audici\u00f3n;<\/li>\n<li>Qu\u00e9 es la comunicaci\u00f3n, su uso y su fin;<\/li>\n<li>C\u00f3mo comunicar y para qu\u00e9 comunicar;<\/li>\n<li>Conducci\u00f3n, etapas de la producci\u00f3n de un podcast tips a tener en cuenta,<\/li>\n<li>c\u00f3mo elaborar notas period\u00edsticas entre otros.<\/li>\n<\/ul>\n<p><strong><span style=\"color: #ff9900;\">Beneficiarios<\/span><\/strong><\/p>\n<ul>\n<li><strong><span style=\"color: #ff9900;\">Objetivos:<\/span> <\/strong>producci\u00f3n, grabaci\u00f3n y edici\u00f3n de un podcast radial.<\/li>\n<li><strong><span style=\"color: #ff9900;\">Destinatarios:<\/span><\/strong> chicas y chicos de 13 a 18 a\u00f1os<\/li>\n<li><strong><span style=\"color: #ff9900;\">Cantidad de encuentros:<\/span><\/strong> 8 encuentros<\/li>\n<li><strong><span style=\"color: #ff9900;\">D\u00edas y horarios:<\/span> <\/strong>mi\u00e9rcoles a las 15 horas o viernes a las 15 horas<\/li>\n<li><strong><span style=\"color: #ff9900;\">Inicio:<\/span> <\/strong>19 de Mayo<\/li>\n<li>Inscripciones hasta el 17 de Mayo<\/li>\n<\/ul>\n<p><span style=\"color: #ff9900;\"><strong>Inscripci\u00f3n<\/strong><\/span><\/p>\n<p><a href=\"https:\/\/docs.google.com\/forms\/d\/e\/1FAIpQLSeBbp6gvLdE722CQYLmuPQW6N7F6W6e4VgbQEFj_Ly9TxoxkQ\/viewform\">https:\/\/docs.google.com\/forms\/d\/e\/1FAIpQLSeBbp6gvLdE722CQYLmuPQW6N7F6W6e4VgbQEFj_Ly9TxoxkQ\/viewform<\/a><\/p>\n<p>Por consultas comunicarse o mayor informaci\u00f3n de 8 a 13 horas al WhatsApp: 264 5724002.<\/p>\n<p>&nbsp;<\/p>\n<p>&nbsp;<\/p>\n<p>&nbsp;<\/p>\n","protected":false},"excerpt":{"rendered":"<p>El Centro de Innovaci\u00f3n Educativa Tecnol\u00f3gica del Ministerio de Educaci\u00f3n del Gobierno de San Juan contin\u00faa con talleres para los<\/p>\n","protected":false},"author":3,"featured_media":37614,"comment_status":"closed","ping_status":"closed","sticky":false,"template":"","format":"standard","meta":{"_acf_changed":false,"_seopress_robots_primary_cat":"none","_seopress_titles_title":"","_seopress_titles_desc":"","_seopress_robots_index":"","colormag_page_container_layout":"default_layout","colormag_page_sidebar_layout":"default_layout","footnotes":""},"categories":[9],"tags":[],"class_list":["post-37612","post","type-post","status-publish","format-standard","has-post-thumbnail","hentry","category-cursos"],"acf":[],"_links":{"self":[{"href":"https:\/\/vocesparalelas.com.ar\/sitio\/wp-json\/wp\/v2\/posts\/37612","targetHints":{"allow":["GET"]}}],"collection":[{"href":"https:\/\/vocesparalelas.com.ar\/sitio\/wp-json\/wp\/v2\/posts"}],"about":[{"href":"https:\/\/vocesparalelas.com.ar\/sitio\/wp-json\/wp\/v2\/types\/post"}],"author":[{"embeddable":true,"href":"https:\/\/vocesparalelas.com.ar\/sitio\/wp-json\/wp\/v2\/users\/3"}],"replies":[{"embeddable":true,"href":"https:\/\/vocesparalelas.com.ar\/sitio\/wp-json\/wp\/v2\/comments?post=37612"}],"version-history":[{"count":1,"href":"https:\/\/vocesparalelas.com.ar\/sitio\/wp-json\/wp\/v2\/posts\/37612\/revisions"}],"predecessor-version":[{"id":37615,"href":"https:\/\/vocesparalelas.com.ar\/sitio\/wp-json\/wp\/v2\/posts\/37612\/revisions\/37615"}],"wp:featuredmedia":[{"embeddable":true,"href":"https:\/\/vocesparalelas.com.ar\/sitio\/wp-json\/wp\/v2\/media\/37614"}],"wp:attachment":[{"href":"https:\/\/vocesparalelas.com.ar\/sitio\/wp-json\/wp\/v2\/media?parent=37612"}],"wp:term":[{"taxonomy":"category","embeddable":true,"href":"https:\/\/vocesparalelas.com.ar\/sitio\/wp-json\/wp\/v2\/categories?post=37612"},{"taxonomy":"post_tag","embeddable":true,"href":"https:\/\/vocesparalelas.com.ar\/sitio\/wp-json\/wp\/v2\/tags?post=37612"}],"curies":[{"name":"wp","href":"https:\/\/api.w.org\/{rel}","templated":true}]}}