{"id":37598,"date":"2021-05-08T12:18:13","date_gmt":"2021-05-08T15:18:13","guid":{"rendered":"http:\/\/vocesparalelas.com.ar\/sitio\/?p=37598"},"modified":"2021-05-10T22:22:46","modified_gmt":"2021-05-11T01:22:46","slug":"se-convoca-a-cubrir-cinco-cargos-de-supervisor-de-la-rama-primaria","status":"publish","type":"post","link":"https:\/\/vocesparalelas.com.ar\/sitio\/se-convoca-a-cubrir-cinco-cargos-de-supervisor-de-la-rama-primaria\/","title":{"rendered":"Se convoca a cubrir cinco cargos de supervisor de la Rama Primaria"},"content":{"rendered":"<p>La Junta de Clasificaci\u00f3n Docente Rama Primaria del Ministerio de Educaci\u00f3n del Gobierno de San Juan, convoca a cubrir cargos vacantes de supervisor por Resoluci\u00f3n N\u00ba 2162-ME-2020, de acuerdo al siguiente cronograma:<\/p>\n<ul>\n<li>Exhibici\u00f3n de Cargos Vacantes: 10, 11 y 12 de Mayo<\/li>\n<li>Acto de Ofrecimiento de Cargos: 13 de Mayo<\/li>\n<\/ul>\n<p>El acto de ofrecimiento se realizar\u00e1 el jueves 13 bajo estricto protocolo preventivo sanitario en la sede de esta Junta, ubicada en Tucum\u00e1n 75 norte, Capital, de acuerdo al siguiente orden y horario:<\/p>\n<ul>\n<li>Supervisor Escolar de Educaci\u00f3n Agropecuaria \u2013 Zona 2: 9 horas<\/li>\n<li>Supervisor Escolar de Educaci\u00f3n F\u00edsica \u2013 Zona 4: 9:30 horas.<\/li>\n<li>Supervisor Escolar de Educaci\u00f3n Primaria \u2013 Zona 5: 10 horas<\/li>\n<li>Supervisor Escolar de Educaci\u00f3n Primaria \u2013 Zona 10: 10 horas<\/li>\n<li>Supervisor Escolar de Educaci\u00f3n Primaria \u2013 Zona 13: 10 horas<\/li>\n<\/ul>\n<p>Los docentes interesados deber\u00e1n asistir con la siguiente documentaci\u00f3n:<\/p>\n<ul>\n<li>DNI<\/li>\n<li>Fotocopia de DNI cara y reverso<\/li>\n<li>Declaraci\u00f3n Jurada de Cargos emitida por el SIGE.<\/li>\n<li>Resoluci\u00f3n del cargo directivo por el cual concursa<\/li>\n<\/ul>\n<p>Por consultas comunicarse en horario de 8 a 13 al 4302206.<\/p>\n","protected":false},"excerpt":{"rendered":"<p>La Junta de Clasificaci\u00f3n Docente Rama Primaria del Ministerio de Educaci\u00f3n del Gobierno de San Juan, convoca a cubrir cargos<\/p>\n","protected":false},"author":3,"featured_media":5000,"comment_status":"closed","ping_status":"closed","sticky":false,"template":"","format":"standard","meta":{"_acf_changed":false,"_seopress_robots_primary_cat":"none","_seopress_titles_title":"","_seopress_titles_desc":"","_seopress_robots_index":"","colormag_page_container_layout":"default_layout","colormag_page_sidebar_layout":"default_layout","footnotes":""},"categories":[5],"tags":[],"class_list":["post-37598","post","type-post","status-publish","format-standard","has-post-thumbnail","hentry","category-ofrecimientos"],"acf":[],"_links":{"self":[{"href":"https:\/\/vocesparalelas.com.ar\/sitio\/wp-json\/wp\/v2\/posts\/37598","targetHints":{"allow":["GET"]}}],"collection":[{"href":"https:\/\/vocesparalelas.com.ar\/sitio\/wp-json\/wp\/v2\/posts"}],"about":[{"href":"https:\/\/vocesparalelas.com.ar\/sitio\/wp-json\/wp\/v2\/types\/post"}],"author":[{"embeddable":true,"href":"https:\/\/vocesparalelas.com.ar\/sitio\/wp-json\/wp\/v2\/users\/3"}],"replies":[{"embeddable":true,"href":"https:\/\/vocesparalelas.com.ar\/sitio\/wp-json\/wp\/v2\/comments?post=37598"}],"version-history":[{"count":1,"href":"https:\/\/vocesparalelas.com.ar\/sitio\/wp-json\/wp\/v2\/posts\/37598\/revisions"}],"predecessor-version":[{"id":37600,"href":"https:\/\/vocesparalelas.com.ar\/sitio\/wp-json\/wp\/v2\/posts\/37598\/revisions\/37600"}],"wp:featuredmedia":[{"embeddable":true,"href":"https:\/\/vocesparalelas.com.ar\/sitio\/wp-json\/wp\/v2\/media\/5000"}],"wp:attachment":[{"href":"https:\/\/vocesparalelas.com.ar\/sitio\/wp-json\/wp\/v2\/media?parent=37598"}],"wp:term":[{"taxonomy":"category","embeddable":true,"href":"https:\/\/vocesparalelas.com.ar\/sitio\/wp-json\/wp\/v2\/categories?post=37598"},{"taxonomy":"post_tag","embeddable":true,"href":"https:\/\/vocesparalelas.com.ar\/sitio\/wp-json\/wp\/v2\/tags?post=37598"}],"curies":[{"name":"wp","href":"https:\/\/api.w.org\/{rel}","templated":true}]}}