{"id":37592,"date":"2021-05-07T23:59:51","date_gmt":"2021-05-08T02:59:51","guid":{"rendered":"http:\/\/vocesparalelas.com.ar\/sitio\/?p=37592"},"modified":"2021-05-07T23:59:51","modified_gmt":"2021-05-08T02:59:51","slug":"conadu-historica-rechazo-la-oferta-salarial-docente-universitaria-del-gobierno-nacional","status":"publish","type":"post","link":"https:\/\/vocesparalelas.com.ar\/sitio\/conadu-historica-rechazo-la-oferta-salarial-docente-universitaria-del-gobierno-nacional\/","title":{"rendered":"CONADU HIST\u00d3RICA rechaz\u00f3 la oferta salarial Docente Universitaria del Gobierno Nacional"},"content":{"rendered":"<p>Finaliz\u00f3 la reuni\u00f3n de la Mesa Nacional de Negociaci\u00f3n Salarial del sector Docente Universitario y Preuniversitario, donde la Federaci\u00f3n transmiti\u00f3 la voluntad de su Congreso Extraordinario, el cual por abrumadora mayor\u00eda de Congresales de todo el pa\u00eds, m\u00e1s de 100, resolvi\u00f3 rechazar por insuficiente la oferta salarial del gobierno nacional.<\/p>\n<p>La Federaci\u00f3n transita la segunda jornada del paro nacional por 48 horas por una recomposici\u00f3n salarial que supere a la inflaci\u00f3n y la compensaci\u00f3n por gastos de conectividad para sostener la educaci\u00f3n virtual durante la pandemia.<\/p>\n<p>El Congreso sesion\u00f3 bajo la Presidencia Honoraria de la heroica lucha del Pueblo Colombiano y sus m\u00e1rtires, y acompa\u00f1\u00f3 con su presencia el Secretario General de la Federaci\u00f3n Colombiana de Trabajadores de la Educaci\u00f3n &#8211; FECODE -, Compa\u00f1ero Luis E. Salazar Bola\u00f1os, quien recibi\u00f3 la solidaridad de las y los presentes.<\/p>\n<p>Al terminar el Congreso, los paritarios de la Federaci\u00f3n se sumaron a la reuni\u00f3n virtual de la paritaria salarial.<\/p>\n<p>Abierta la paritaria por el Ministro de Educaci\u00f3n de la Naci\u00f3n, Dr. Nicol\u00e1s Trotta y el Secretario de Pol\u00edticas Universitarias, Dr. Jaime Perczyk, las distintas representaciones opinaron sobre la propuesta salarial del gobierno.<\/p>\n<p>Una vez m\u00e1s, las Federaciones que han dicho \u201cacepto\u201d a todas las ofertas salariales que fueron deteriorando a\u00f1o tras a\u00f1o los ingresos de la docencia de las Universidades Nacionales, por sexto a\u00f1o consecutivo contin\u00faa la p\u00e9rdida del poder adquisitivo de los sueldos, convalidaron un nuevo ajuste. CONADU HIST\u00d3RICA se pronunci\u00f3 en rechazo, valorando que se sigue profundizando con estas sumas, la desjerarquizaci\u00f3n del trabajo que las y los m\u00e1s de 160 mil docentes de todos los niveles vienen sosteniendo desde sus hogares durante la pandemia.<\/p>\n<p>Desde la Federaci\u00f3n destacaron que muchos gremios de base nucleados en la otra Federaci\u00f3n &#8211; CONADU &#8211; tambi\u00e9n rechazaron la oferta como Rosario, C\u00f3rdoba, R\u00edo Cuarto, La Rioja, Centro, Mar del Plata, General Sarmiento, San Juan, Moreno, Nordeste, entre otros.<\/p>\n<p>Tambi\u00e9n docentes autoconvocades de la universidad nacional de Villa Mar\u00eda rechazaron y pararon por 48 hs. Ello habla de la disconformidad de la mayor\u00eda de la base docente con esta nueva mezquina oferta del gobierno, inferior a la acordada con los gremios de la Educaci\u00f3n B\u00e1sica Obligatoria en la paritaria nacional docente.<\/p>\n<p>Ante esta situaci\u00f3n, la CONADU HIST\u00d3RICA ratific\u00f3 por unanimidad su voluntad de continuar con el plan de lucha y las acciones de denuncia sobre este nuevo ajuste, declarando que se buscara acordar con todas las asociaciones dispuestas a seguir defendiendo el salario y los derechos laborales de la docencia universitaria y preuniversitaria.<\/p>\n<p>#ADICUS #ElGremioUniversitario #CONADUHist\u00f3rica #ParitariaSalarial<\/p>\n<p>&nbsp;<\/p>\n<p>&nbsp;<\/p>\n","protected":false},"excerpt":{"rendered":"<p>Finaliz\u00f3 la reuni\u00f3n de la Mesa Nacional de Negociaci\u00f3n Salarial del sector Docente Universitario y Preuniversitario, donde la Federaci\u00f3n transmiti\u00f3<\/p>\n","protected":false},"author":3,"featured_media":37594,"comment_status":"closed","ping_status":"closed","sticky":false,"template":"","format":"standard","meta":{"_acf_changed":false,"_seopress_robots_primary_cat":"none","_seopress_titles_title":"","_seopress_titles_desc":"","_seopress_robots_index":"","colormag_page_container_layout":"default_layout","colormag_page_sidebar_layout":"default_layout","footnotes":""},"categories":[1],"tags":[],"class_list":["post-37592","post","type-post","status-publish","format-standard","has-post-thumbnail","hentry","category-destacadas"],"acf":[],"_links":{"self":[{"href":"https:\/\/vocesparalelas.com.ar\/sitio\/wp-json\/wp\/v2\/posts\/37592","targetHints":{"allow":["GET"]}}],"collection":[{"href":"https:\/\/vocesparalelas.com.ar\/sitio\/wp-json\/wp\/v2\/posts"}],"about":[{"href":"https:\/\/vocesparalelas.com.ar\/sitio\/wp-json\/wp\/v2\/types\/post"}],"author":[{"embeddable":true,"href":"https:\/\/vocesparalelas.com.ar\/sitio\/wp-json\/wp\/v2\/users\/3"}],"replies":[{"embeddable":true,"href":"https:\/\/vocesparalelas.com.ar\/sitio\/wp-json\/wp\/v2\/comments?post=37592"}],"version-history":[{"count":1,"href":"https:\/\/vocesparalelas.com.ar\/sitio\/wp-json\/wp\/v2\/posts\/37592\/revisions"}],"predecessor-version":[{"id":37595,"href":"https:\/\/vocesparalelas.com.ar\/sitio\/wp-json\/wp\/v2\/posts\/37592\/revisions\/37595"}],"wp:featuredmedia":[{"embeddable":true,"href":"https:\/\/vocesparalelas.com.ar\/sitio\/wp-json\/wp\/v2\/media\/37594"}],"wp:attachment":[{"href":"https:\/\/vocesparalelas.com.ar\/sitio\/wp-json\/wp\/v2\/media?parent=37592"}],"wp:term":[{"taxonomy":"category","embeddable":true,"href":"https:\/\/vocesparalelas.com.ar\/sitio\/wp-json\/wp\/v2\/categories?post=37592"},{"taxonomy":"post_tag","embeddable":true,"href":"https:\/\/vocesparalelas.com.ar\/sitio\/wp-json\/wp\/v2\/tags?post=37592"}],"curies":[{"name":"wp","href":"https:\/\/api.w.org\/{rel}","templated":true}]}}