{"id":37577,"date":"2021-05-07T23:36:50","date_gmt":"2021-05-08T02:36:50","guid":{"rendered":"http:\/\/vocesparalelas.com.ar\/sitio\/?p=37577"},"modified":"2021-05-10T22:23:35","modified_gmt":"2021-05-11T01:23:35","slug":"1-500-millones-destinado-para-la-reparacion-de-37-escuelas-afectadas-por-el-terremoto-del-18-de-enero-en-san-juan","status":"publish","type":"post","link":"https:\/\/vocesparalelas.com.ar\/sitio\/1-500-millones-destinado-para-la-reparacion-de-37-escuelas-afectadas-por-el-terremoto-del-18-de-enero-en-san-juan\/","title":{"rendered":"$1.500 millones destinado para la reparaci\u00f3n de 37 escuelas afectadas por el Terremoto\u00a0del 18 de Enero en San Juan"},"content":{"rendered":"<p>El gobernador de San Juan, Dr. Sergio U\u00f1ac, junto al ministro de Educaci\u00f3n de la Naci\u00f3n, Dr. Nicol\u00e1s Trotta, anunciaron el desembolso de $1.500 millones que son destinados a infraestructura escolar, lo que incluye la reparaci\u00f3n de 37 escuelas que fueron afectadas por el terremoto\u00a0del 18 de Enero, y la\u00a0construcci\u00f3n de un nuevo edificio para la EPET N\u00b04.<\/p>\n<p><img loading=\"lazy\" decoding=\"async\" class=\"alignnone wp-image-37581 size-full\" src=\"https:\/\/vocesparalelas.com.ar\/sitio\/wp-content\/uploads\/2021\/05\/ESCUELA-NACION-03.jpg\" alt=\"\" width=\"800\" height=\"601\" srcset=\"https:\/\/vocesparalelas.com.ar\/sitio\/wp-content\/uploads\/2021\/05\/ESCUELA-NACION-03.jpg 800w, https:\/\/vocesparalelas.com.ar\/sitio\/wp-content\/uploads\/2021\/05\/ESCUELA-NACION-03-300x225.jpg 300w, https:\/\/vocesparalelas.com.ar\/sitio\/wp-content\/uploads\/2021\/05\/ESCUELA-NACION-03-768x577.jpg 768w\" sizes=\"auto, (max-width: 800px) 100vw, 800px\" \/><\/p>\n<p>El financiamiento est\u00e1 destinado a reparaciones y obras urgentes en establecimientos educativos de los departamentos:<\/p>\n<ul>\n<li>Capital, 11 escuelas,<\/li>\n<li>Pocito, 6 escuelas,<\/li>\n<li>Rivadavia, 6 escuelas,<\/li>\n<li>Rawson, 3 escuelas,<\/li>\n<li>Sarmiento, 3 escuelas,<\/li>\n<li>Angaco, 2 escuelas,<\/li>\n<li>J\u00e1chal, 2 escuelas,<\/li>\n<li>Albard\u00f3n, 1 escuela,<\/li>\n<li>Caucete, 1 escuela,<\/li>\n<li>Chimbas, 1 escuela y<\/li>\n<li>9 de Julio, 1 escuela<\/li>\n<\/ul>\n<p>A su turno, el ministro de Educaci\u00f3n de San Juan, Lic. Felipe De Los R\u00edos calific\u00f3 este hecho como el cumplimiento de la palabra empe\u00f1ada por parte del presidente y del ministro de Educaci\u00f3n nacional y a\u00f1adi\u00f3 que \u00aben 60 d\u00edas el ministro Ortiz Andino con su equipo tendr\u00e1n el llamado a licitaci\u00f3n y luego podremos inaugurar la escuela\u00bb.<\/p>\n<p><iframe loading=\"lazy\" title=\"EDUCACI\u00d3N\" width=\"800\" height=\"450\" src=\"https:\/\/www.youtube.com\/embed\/DqSNvWuKbso?feature=oembed\" frameborder=\"0\" allow=\"accelerometer; autoplay; clipboard-write; encrypted-media; gyroscope; picture-in-picture\" allowfullscreen><\/iframe><\/p>\n<p>&nbsp;<\/p>\n<p>Con respecto a lo anterior destac\u00f3 que \u00abel gobernador en su gesti\u00f3n ha creado m\u00e1s de 500 cargos en el nivel primario, 75.000 horas en el nivel medio, dos profesorados que justamente se han aprobado y comenzamos este a\u00f1o un instituto superior t\u00e9cnico profesional en el departamento San Mart\u00edn. Venimos de inaugurar una escuela de capacitaci\u00f3n laboral. Hemos generado 500 cargos en el nivel inicial, y fortalecimos la educaci\u00f3n especial\u00bb.<\/p>\n<p>A su turno, el ministro de Educaci\u00f3n de la Naci\u00f3n, Dr. Nicol\u00e1s Trotta dijo que \u00aben San Juan reafirmamos la prioridad en la educaci\u00f3n y la presencialidad con protocolos, dejando en claro que frente a la alarma epidemiol\u00f3gica, hubo que suspender la presencialidad de manera moment\u00e1nea en zonas como el AMBA porque hay que cuidar la vida\u00bb.<\/p>\n<p><iframe loading=\"lazy\" title=\"EDUCACI\u00d3N\" width=\"800\" height=\"450\" src=\"https:\/\/www.youtube.com\/embed\/o-cC5Qnw8_I?feature=oembed\" frameborder=\"0\" allow=\"accelerometer; autoplay; clipboard-write; encrypted-media; gyroscope; picture-in-picture\" allowfullscreen><\/iframe><\/p>\n<p>\u00abHoy conjugamos el compromiso del Estado nacional con el del provincial. Aquel 18 de enero tuvo impacto en algunos sectores de la provincia y en el campo educativo, entonces el presidente viaj\u00f3 a San Juan para dejar en claro cu\u00e1l era la tarea a desplegar. Hoy asumimos el compromiso para la refacci\u00f3n de 37 obras estructurales vinculadas al pasado terremoto. La mitad de los fondos destinados ya ha sido girada a la Provincia, acompa\u00f1ando a los sanjuaninos\u00bb, manifest\u00f3 Trotta.<\/p>\n<p>El titular de la cartera nacional explic\u00f3 que la prioridad de la Educaci\u00f3n para el Gobierno nacional es inobjetable y asegur\u00f3 que se llevar\u00e1 a cabo la construcci\u00f3n del nuevo edificio de la EPET N\u00b0 4. \u00abEsa infraestructura es para saldar una deuda hist\u00f3rica. Creemos que todos los d\u00edas en que se asumen estas decisiones son parte de la reconstrucci\u00f3n de la Argentina\u00bb, asegur\u00f3.<\/p>\n<p>Para finalizar, el ministro nacional destac\u00f3 la gesti\u00f3n de U\u00f1ac al indicar que \u00abSan Juan es un ejemplo de avance y transformaci\u00f3n social para el pa\u00eds\u201d.<\/p>\n<p>Durante el acto, el Gobernador, Dr. Sergio U\u00f1ac valor\u00f3 que \u201cla construcci\u00f3n de nuevo edificio de la EPET N\u00b04 y las refacciones a las escuelas sea gracias a que el presidente Alberto Fern\u00e1ndez y el ministro Trotta pusieron a San Juan en el centro de las decisiones pol\u00edticas\u201d.<\/p>\n<p><iframe loading=\"lazy\" title=\"EDUCACI\u00d3N\" width=\"800\" height=\"450\" src=\"https:\/\/www.youtube.com\/embed\/-BqI7jY-30s?feature=oembed\" frameborder=\"0\" allow=\"accelerometer; autoplay; clipboard-write; encrypted-media; gyroscope; picture-in-picture\" allowfullscreen><\/iframe><\/p>\n<p>Luego, brind\u00f3 detalles sobre las visitas del ministro de Ambiente, Juan Cabandi\u00e9 y de la secretaria ejecutiva del Consejo Nacional de Coordinaci\u00f3n de Pol\u00edticas Sociales, Victoria Tolosa Paz y los beneficios que dejaron para la provincia.<\/p>\n<p>\u00abNos esforzamos todos los d\u00edas para poder cumplir con el mandato supremo de que los sanjuaninos sientan que esta querida provincia tiene presente, pero tambi\u00e9n tiene futuro y que las perspectivas de desarrollo se pueden dar desde ac\u00e1 y que desde ac\u00e1 podemos aportar para la construcci\u00f3n de un pa\u00eds federal\u201d, asegur\u00f3 el gobernador.<\/p>\n<p>Acompa\u00f1aron en la ocasi\u00f3n el vicegobernador de la provincia, CPN Roberto Gattoni; ministro de Educaci\u00f3n, Lic. Felipe de Los R\u00edos; ministro de Obras y Servicios P\u00fablicos, Ing. Julio Ort\u00edz Andino; secretaria de Educaci\u00f3n, Lic. Rosana Vicentella; director de infraestructura escolar, Ing. Oscar Montero; intendente de la Ciudad, Dr. Emilio Baistrocchi; secretarios generales de UDAP, Prof. Luis Lucero; UDA, Prof. Roberto Rosas; y AMET, Prof. Daniel Quiroga.<\/p>\n<p><img loading=\"lazy\" decoding=\"async\" class=\"alignnone wp-image-37580 size-full\" src=\"https:\/\/vocesparalelas.com.ar\/sitio\/wp-content\/uploads\/2021\/05\/ESCUELAS-NACION-02.jpg\" alt=\"\" width=\"800\" height=\"425\" srcset=\"https:\/\/vocesparalelas.com.ar\/sitio\/wp-content\/uploads\/2021\/05\/ESCUELAS-NACION-02.jpg 800w, https:\/\/vocesparalelas.com.ar\/sitio\/wp-content\/uploads\/2021\/05\/ESCUELAS-NACION-02-300x159.jpg 300w, https:\/\/vocesparalelas.com.ar\/sitio\/wp-content\/uploads\/2021\/05\/ESCUELAS-NACION-02-768x408.jpg 768w\" sizes=\"auto, (max-width: 800px) 100vw, 800px\" \/><\/p>\n<p><span style=\"color: #339966;\"><strong>Listado de escuelas a refaccionar<\/strong><\/span><\/p>\n<ul>\n<li>EPET N\u00ba 2<\/li>\n<li>Escuela Vicecomodoro Gustavo A. Marambio<\/li>\n<li>Escuela Cirilo Sarmiento<\/li>\n<li>Escuela Juan Jos\u00e9 Paso<\/li>\n<li>Escuela Provincia Santiago Del Estero \/ Anexo Escuela de Comercio Gral. Manuel Belgrano<\/li>\n<li>ENI 3 Julieta Sarmiento<\/li>\n<li>Escuela Paula Albarrac\u00edn De Sarmiento<\/li>\n<li>Escuela Superior Sarmiento \/ Bienvenida Sarmiento<\/li>\n<li>Escuela Francisco Narciso de Laprida \/ Bernardino Rivadavia<\/li>\n<li>EPET N\u00ba 4 \u2013 CENS N 348 \u2013 Madre Teresa de Calcuta \u2013 En obra-<\/li>\n<li>Escuela De Fruticultura y Enolog\u00eda<\/li>\n<li>Escuela Miguel De Azcu\u00e9naga<\/li>\n<li>Escuela Capital Federal<\/li>\n<li>Escuela Manuel Belgrano \/ Col. Santa Mar\u00eda<\/li>\n<li>Escuela Obispo Zapata<\/li>\n<li>Escuela Rep\u00fablica Oriental Del Uruguay<\/li>\n<li>Escuela Doctor Alejandro Fleming<\/li>\n<li>Escuela Agroindustrial Monse\u00f1or Dr. Juan Antonio Videla Cuello &#8211; Instituto Superior De San Isidro<\/li>\n<li>Escuela Dr. Luis Agote<\/li>\n<li>Escuela Batalla de Tucum\u00e1n<\/li>\n<li>Escuela Pedro de Valdivia<\/li>\n<li>Escuela Tierra del Fuego<\/li>\n<li>Escuela Pedro \u00c1lvarez<\/li>\n<li>Escuela Jos\u00e9 Rudecindo Rojo &#8211; Etcl Jos\u00e9 Rudecindo Rojo<\/li>\n<li>Escuela Dra. Francisca R\u00edos De P\u00e1ez &#8211; Esc. Secundaria Francisca R\u00edos de P\u00e1ez<\/li>\n<li>EPET N\u00ba 3- San Juan<\/li>\n<li>Escuela Cecilio \u00c1vila<\/li>\n<li>Escuela Presidente Sarmiento<\/li>\n<li>Escuela Provincia de Tucum\u00e1n<\/li>\n<li>Escuela Timoteo Maradona<\/li>\n<li>Colegio Provincial. B\u00b0 Parque Rivadavia Norte<\/li>\n<li>Escuela Cornelio Saavedra &#8211; JINZ N\u00ba 44 &#8211; Escuela Cornelio Saavedra (T.M.) \u2013 Anexo<\/li>\n<li>Escuela General Marino Bartolom\u00e9 Carreras<\/li>\n<li>Escuela Juan Jos\u00e9 Castelli<\/li>\n<li>Escuela Paulo Vi &#8211; J.I.N.Z. N\u00ba 10 &#8211; Escuela Paulo Vi &#8211; Anexo \u2013<\/li>\n<li>Escuela Ing. F\u00e9lix Aguilar &#8211; Periodista Jorge Bates &#8211; Cens de Sarmiento H\u00e9roes de Malvinas<\/li>\n<li>ENI N\u00ba 14 &#8211; Alfonsina Storni<\/li>\n<\/ul>\n<p><iframe loading=\"lazy\" title=\"Destinar\u00e1n $1 500 millones para reparar 37 escuelas y construir el nuevo edificio de la EPET N\u00b04\" width=\"800\" height=\"450\" src=\"https:\/\/www.youtube.com\/embed\/Pwr9Kz6wLX8?feature=oembed\" frameborder=\"0\" allow=\"accelerometer; autoplay; clipboard-write; encrypted-media; gyroscope; picture-in-picture\" allowfullscreen><\/iframe><\/p>\n<p>&nbsp;<\/p>\n<p>&nbsp;<\/p>\n<p>&nbsp;<\/p>\n","protected":false},"excerpt":{"rendered":"<p>El gobernador de San Juan, Dr. Sergio U\u00f1ac, junto al ministro de Educaci\u00f3n de la Naci\u00f3n, Dr. Nicol\u00e1s Trotta, anunciaron<\/p>\n","protected":false},"author":3,"featured_media":37579,"comment_status":"closed","ping_status":"closed","sticky":false,"template":"","format":"video","meta":{"_acf_changed":false,"_seopress_robots_primary_cat":"none","_seopress_titles_title":"","_seopress_titles_desc":"","_seopress_robots_index":"","colormag_page_container_layout":"default_layout","colormag_page_sidebar_layout":"default_layout","footnotes":""},"categories":[10,7],"tags":[],"class_list":["post-37577","post","type-post","status-publish","format-video","has-post-thumbnail","hentry","category-opiniones","category-videos","post_format-post-format-video"],"acf":[],"_links":{"self":[{"href":"https:\/\/vocesparalelas.com.ar\/sitio\/wp-json\/wp\/v2\/posts\/37577","targetHints":{"allow":["GET"]}}],"collection":[{"href":"https:\/\/vocesparalelas.com.ar\/sitio\/wp-json\/wp\/v2\/posts"}],"about":[{"href":"https:\/\/vocesparalelas.com.ar\/sitio\/wp-json\/wp\/v2\/types\/post"}],"author":[{"embeddable":true,"href":"https:\/\/vocesparalelas.com.ar\/sitio\/wp-json\/wp\/v2\/users\/3"}],"replies":[{"embeddable":true,"href":"https:\/\/vocesparalelas.com.ar\/sitio\/wp-json\/wp\/v2\/comments?post=37577"}],"version-history":[{"count":1,"href":"https:\/\/vocesparalelas.com.ar\/sitio\/wp-json\/wp\/v2\/posts\/37577\/revisions"}],"predecessor-version":[{"id":37582,"href":"https:\/\/vocesparalelas.com.ar\/sitio\/wp-json\/wp\/v2\/posts\/37577\/revisions\/37582"}],"wp:featuredmedia":[{"embeddable":true,"href":"https:\/\/vocesparalelas.com.ar\/sitio\/wp-json\/wp\/v2\/media\/37579"}],"wp:attachment":[{"href":"https:\/\/vocesparalelas.com.ar\/sitio\/wp-json\/wp\/v2\/media?parent=37577"}],"wp:term":[{"taxonomy":"category","embeddable":true,"href":"https:\/\/vocesparalelas.com.ar\/sitio\/wp-json\/wp\/v2\/categories?post=37577"},{"taxonomy":"post_tag","embeddable":true,"href":"https:\/\/vocesparalelas.com.ar\/sitio\/wp-json\/wp\/v2\/tags?post=37577"}],"curies":[{"name":"wp","href":"https:\/\/api.w.org\/{rel}","templated":true}]}}