{"id":37564,"date":"2021-05-07T20:59:31","date_gmt":"2021-05-07T23:59:31","guid":{"rendered":"http:\/\/vocesparalelas.com.ar\/sitio\/?p=37564"},"modified":"2021-05-07T21:10:08","modified_gmt":"2021-05-08T00:10:08","slug":"se-lanzo-el-programa-de-asistencia-financiera-para-emprendedores-mineros-en-el-dia-nacional-de-la-mineria","status":"publish","type":"post","link":"https:\/\/vocesparalelas.com.ar\/sitio\/se-lanzo-el-programa-de-asistencia-financiera-para-emprendedores-mineros-en-el-dia-nacional-de-la-mineria\/","title":{"rendered":"Se lanz\u00f3 el Programa de Asistencia Financiera para Emprendedores Mineros, en el D\u00eda Nacional de la Miner\u00eda"},"content":{"rendered":"<p>En el D\u00eda Nacional de la Miner\u00eda, el gobernador de San Juan, Dr. Sergio U\u00f1ac, puso en marcha el Programa de Asistencia Financiera para Emprendedores Mineros, en el marco del D\u00eda Nacional de la Miner\u00eda.<\/p>\n<p>El acto estuvo presidido por el mandatario sanjuanino, quien estuvo acompa\u00f1ado por el vicegobernador CPN Roberto Gattoni; el ministro de Miner\u00eda, Ing. Carlos Astudillo; los secretarios t\u00e9cnico de Miner\u00eda, Ing. Mario Ju\u00e1rez; de Control Minero, Ing. Hugo Chirino; de Desarrollo Minero Sustentable, Ing. Juan Manuel Pinto; de Agua y Energ\u00eda, Ing. Juan Caparroz; subsecretario de Coordinaci\u00f3n Administrativa, Patricia Guarnero. Adem\u00e1s, participaron del encuentro representantes de c\u00e1maras , consejos, gremios, cooperativas y federaciones del sector.<\/p>\n<p>En primer lugar, se anunci\u00f3 que el ministerio redoblar\u00e1 la apuesta con los aportes para equipamiento y recuperaci\u00f3n de pozos de riego, tarea con la que se encuentran comprometidos desde hace tiempo y trabajando en conjunto con el Departamento de Hidr\u00e1ulica para hacer frente a la hist\u00f3rica sequ\u00eda que atraviesa la provincia.<\/p>\n<p>Por otra parte, se comunic\u00f3 el aumento de un 30% en las becas universitarias que entrega Miner\u00eda para estudiantes universitarios de los departamentos de Iglesia, Calingasta, J\u00e1chal y Valle F\u00e9rtil. De esta manera, el monto total invertido por el ministerio ascender\u00eda a los $9.000.000.<\/p>\n<p>El acto tuvo lugar en el marco de la celebraci\u00f3n, como cada 7 de mayo, del D\u00eda Nacional de la Miner\u00eda, en conmemoraci\u00f3n la la ley emitida por la Asamblea General Constituyente de 1813, denominada Ley de Fomento Minero, con el objetivo de desarrollar la explotaci\u00f3n de recursos minerales, agua, petr\u00f3leo y carb\u00f3n. Hoy la miner\u00eda sigue siendo una actividad relevante en nuestra provincia.<\/p>\n<p>Presidiendo el acto, U\u00f1ac destac\u00f3 que \u201cel objetivo durante los 6 a\u00f1os de gesti\u00f3n en materia minera se plasma en el apoyo y madurez pol\u00edtica, social e institucional donde distintas actividades se relacionan y con ello se potencian en busca de un objetivo general que es generar m\u00e1s y mejor empleo para los sanjuaninos\u201d.<\/p>\n<p>U\u00f1ac valor\u00f3 que a\u00fan en pandemia se lograron los equilibrios justos para que la actividad pueda desarrollarse, diciendo que \u201centre todos los sanjuaninos logramos las condiciones necesarias para que se genere trabajo en la provincia\u201d.<\/p>\n<p>A la vez, brind\u00f3 una valoraci\u00f3n sobre el proyecto minero Josemar\u00eda: \u00abEstamos hablando de una de las inversiones mineras m\u00e1s importantes en los \u00faltimos tiempos. Est\u00e1n todas las herramientas dadas para que sea una realidad, y es algo que debemos celebrar\u00bb.<\/p>\n<p>Tambi\u00e9n, el mandatario sanjuanino puso sobre la mesa el consenso entre todos los sectores, en contexto de pandemia, lo que logr\u00f3 cerrar un a\u00f1o con una desocupaci\u00f3n por debajo de la media, entre las m\u00e1s bajas a nivel nacional.<\/p>\n<p>Luego, ensalz\u00f3 la figura de Domingo Faustino Sarmiento, qui\u00e9n dej\u00f3 dos grandes legados con origen sanjuanino: la educaci\u00f3n como herramienta de transformaci\u00f3n social y apostar por la miner\u00eda.<\/p>\n<p>En ese sentido, U\u00f1ac expres\u00f3 que \u201cel Estado est\u00e1 garantizando algo que es absolutamente trascendente; que todos los sanjuaninos partan de la misma base\u00bb.<\/p>\n<p>Para finalizar, el gobernador vincul\u00f3 la miner\u00eda con proyectos para fortalecer otros sectores como la peque\u00f1a miner\u00eda, el sector agr\u00edcola, proyectos vinculados al desarrollo h\u00eddrico, Educaci\u00f3n, Ciencia y Tecnolog\u00eda y dijo que \u201cesto me parece que es un camino transitable, perfectible, lo podemos mejorar a\u00fan la convocatoria es a que entre todos con el aporte de todos lo podamos mejorar, pero en t\u00e9rminos generales es el camino todos juntos apostando por la diversificaci\u00f3n, por el medo ambiente, pero sobre todo apostando al trabajo de los sanjuaninos\u201d.<\/p>\n<p>A continuaci\u00f3n, el ministro Astudillo expres\u00f3 que \u201chemos avanzado en pandemia, hoy avanzamos como sociedad y desde el Gobierno y el sector minero demostramos que cuando acordamos y planificamos solidariamente un futuro para el bienestar de la provincia y el pa\u00eds, estamos en el camino correcto. Logramos mantener la producci\u00f3n planteada de un a\u00f1o a otro en pandemia, manteniendo al sector en su trabajo y con bastantes dificultades, as\u00ed habilitamos el sector de exploraci\u00f3n y no paramos, tambi\u00e9n en la producci\u00f3n y exportaci\u00f3n de cales en la provincia. Todo lo logramos en conjunto, incluido el Acuerdo San Juan, apunt\u00f3 a una miner\u00eda posible en la actualidad mirando al futuro\u201d.<\/p>\n<p>En esa l\u00ednea, afirm\u00f3 que la provincia apuntala adem\u00e1s de la miner\u00eda a gran escala, a los sectores de peque\u00f1a y mediana escala; \u00abesa que siempre estuvo, las cales, el cuarzo, el travertino\u00bb.<\/p>\n<p>\u00abEs por ello que hoy presentamos una l\u00ednea de pr\u00e9stamos para este n\u00facleo minero, con fondos aportados desde el Instituto de Exploraci\u00f3n y Explotaci\u00f3n Minera conjuntamente con los fondos del Ministerio de Miner\u00eda\u00bb, detall\u00f3.<\/p>\n<p>\u00abLa idea es que en conjunto sigamos construyendo una miner\u00eda creadora de puestos de trabajo, amigable con el ambiente. Este es nuestro pensamiento como Gobierno, enfocado en el ambiente, en el trabajador y en la creaci\u00f3n de riquezas\u00bb, cerr\u00f3 Astudillo.<\/p>\n<p>A su turno, el presidente de la C\u00e1mara Minera de San Juan, Mario Hern\u00e1ndez, valor\u00f3 las pol\u00edticas p\u00fablicas en torno al sector al se\u00f1alar que \u00abla provincia brinda claras se\u00f1ales de confianza, pensando en el largo plazo\u00bb.<\/p>\n<p>En un contexto de una pandemia global producto del COVID-19 y el aislamiento social decretado por el Gobierno nacional, el sector minero realiza un valioso esfuerzo para que la miner\u00eda siga firme, privilegiando el cuidado de sus trabajadores. Este trabajo conjunto del Estado provincial y representantes del sector bajo el cumplimiento estricto de protocolos sanitarios, logr\u00f3 sostener a la industria minera como uno de los pilares de crecimiento de San Juan, generadora de empleo y desarrollo econ\u00f3mico local a trav\u00e9s de la creaci\u00f3n de una miner\u00eda sostenible y sustentable.<\/p>\n<p><img loading=\"lazy\" decoding=\"async\" class=\"alignnone wp-image-37566 size-full\" src=\"https:\/\/vocesparalelas.com.ar\/sitio\/wp-content\/uploads\/2021\/05\/MINERIA-DIA-01.jpg\" alt=\"\" width=\"800\" height=\"416\" srcset=\"https:\/\/vocesparalelas.com.ar\/sitio\/wp-content\/uploads\/2021\/05\/MINERIA-DIA-01.jpg 800w, https:\/\/vocesparalelas.com.ar\/sitio\/wp-content\/uploads\/2021\/05\/MINERIA-DIA-01-300x156.jpg 300w, https:\/\/vocesparalelas.com.ar\/sitio\/wp-content\/uploads\/2021\/05\/MINERIA-DIA-01-768x399.jpg 768w\" sizes=\"auto, (max-width: 800px) 100vw, 800px\" \/><\/p>\n<p><strong><span style=\"color: #ff9900;\">Sobre el Programa de Asistencia Financiera para Emprendedores Mineros<\/span><\/strong><\/p>\n<p>De acuerdo a lo detallado por el secretario de Desarrollo Sustentable Minero, Juan Manuel Pintos, el Ministerio de Miner\u00eda pondr\u00e1 a disposici\u00f3n de los peque\u00f1os y medianos emprendedores 50 millones de pesos, distribuidos en 3 l\u00edneas de cr\u00e9dito: una a 0 tasa de inter\u00e9s a devolver en 12 meses, la otra con 9 por ciento anual de inter\u00e9s , de 4.500.000 pesos a devolver en 12 meses.<\/p>\n<p>Estas dos \u00faltimas tienen un plazo de gracia de 3 meses. Los interesados pueden inscribirse en el Ministerio de Miner\u00eda, a partir de la semana pr\u00f3xima, donde estar\u00e1 habilitado el reglamento operativo con el formulario correspondiente para retirar.<\/p>\n<p>&nbsp;<\/p>\n<p><iframe loading=\"lazy\" title=\"En el D\u00eda de la Miner\u00eda, U\u00f1ac lanz\u00f3 cr\u00e9ditos para financiar a los emprendedores mineros\" width=\"800\" height=\"450\" src=\"https:\/\/www.youtube.com\/embed\/eWYzAk3kcXg?feature=oembed\" frameborder=\"0\" allow=\"accelerometer; autoplay; clipboard-write; encrypted-media; gyroscope; picture-in-picture\" allowfullscreen><\/iframe><\/p>\n","protected":false},"excerpt":{"rendered":"<p>En el D\u00eda Nacional de la Miner\u00eda, el gobernador de San Juan, Dr. Sergio U\u00f1ac, puso en marcha el Programa<\/p>\n","protected":false},"author":3,"featured_media":37567,"comment_status":"closed","ping_status":"closed","sticky":false,"template":"","format":"video","meta":{"_acf_changed":false,"_seopress_robots_primary_cat":"none","_seopress_titles_title":"","_seopress_titles_desc":"","_seopress_robots_index":"","colormag_page_container_layout":"default_layout","colormag_page_sidebar_layout":"default_layout","footnotes":""},"categories":[1,7],"tags":[],"class_list":["post-37564","post","type-post","status-publish","format-video","has-post-thumbnail","hentry","category-destacadas","category-videos","post_format-post-format-video"],"acf":[],"_links":{"self":[{"href":"https:\/\/vocesparalelas.com.ar\/sitio\/wp-json\/wp\/v2\/posts\/37564","targetHints":{"allow":["GET"]}}],"collection":[{"href":"https:\/\/vocesparalelas.com.ar\/sitio\/wp-json\/wp\/v2\/posts"}],"about":[{"href":"https:\/\/vocesparalelas.com.ar\/sitio\/wp-json\/wp\/v2\/types\/post"}],"author":[{"embeddable":true,"href":"https:\/\/vocesparalelas.com.ar\/sitio\/wp-json\/wp\/v2\/users\/3"}],"replies":[{"embeddable":true,"href":"https:\/\/vocesparalelas.com.ar\/sitio\/wp-json\/wp\/v2\/comments?post=37564"}],"version-history":[{"count":3,"href":"https:\/\/vocesparalelas.com.ar\/sitio\/wp-json\/wp\/v2\/posts\/37564\/revisions"}],"predecessor-version":[{"id":37571,"href":"https:\/\/vocesparalelas.com.ar\/sitio\/wp-json\/wp\/v2\/posts\/37564\/revisions\/37571"}],"wp:featuredmedia":[{"embeddable":true,"href":"https:\/\/vocesparalelas.com.ar\/sitio\/wp-json\/wp\/v2\/media\/37567"}],"wp:attachment":[{"href":"https:\/\/vocesparalelas.com.ar\/sitio\/wp-json\/wp\/v2\/media?parent=37564"}],"wp:term":[{"taxonomy":"category","embeddable":true,"href":"https:\/\/vocesparalelas.com.ar\/sitio\/wp-json\/wp\/v2\/categories?post=37564"},{"taxonomy":"post_tag","embeddable":true,"href":"https:\/\/vocesparalelas.com.ar\/sitio\/wp-json\/wp\/v2\/tags?post=37564"}],"curies":[{"name":"wp","href":"https:\/\/api.w.org\/{rel}","templated":true}]}}