{"id":37557,"date":"2021-05-10T14:00:26","date_gmt":"2021-05-10T17:00:26","guid":{"rendered":"http:\/\/vocesparalelas.com.ar\/sitio\/?p=37557"},"modified":"2021-05-11T00:22:21","modified_gmt":"2021-05-11T03:22:21","slug":"se-firmo-un-acta-acuerdo-de-cooperacion-asistencia-e-intercambio-entre-la-faud-de-la-unsj-y-el-mybcsdfs","status":"publish","type":"post","link":"https:\/\/vocesparalelas.com.ar\/sitio\/se-firmo-un-acta-acuerdo-de-cooperacion-asistencia-e-intercambio-entre-la-faud-de-la-unsj-y-el-mybcsdfs\/","title":{"rendered":"Se firm\u00f3 un acta acuerdo de cooperaci\u00f3n, asistencia e intercambio entre la FAUD de la UNSJ y el MyBCSDFS"},"content":{"rendered":"<div id=\"contentNoticia\">\n<p>El Jueves, 6 de Mayo, se suscribi\u00f3 el Acta de Cooperaci\u00f3n, Asistencia e Intercambio entre el Museo Casa Natal de Sarmiento del Ministerio de Cultura de la Naci\u00f3n representado por su Directora, Dra. Arq. Mar\u00eda Rosa Plana y la Universidad Nacional de San Juan, a trav\u00e9s de la Facultad de Arquitectura, Urbanismo y Dise\u00f1o; representada por su Decano Arq. Gustavo Roberto G\u00f3mez.<\/p>\n<figure id=\"attachment_37622\" aria-describedby=\"caption-attachment-37622\" style=\"width: 498px\" class=\"wp-caption aligncenter\"><img loading=\"lazy\" decoding=\"async\" class=\"wp-image-37622 size-full\" src=\"https:\/\/vocesparalelas.com.ar\/sitio\/wp-content\/uploads\/2021\/05\/FIRMA-01.jpg\" alt=\"\" width=\"498\" height=\"1024\" srcset=\"https:\/\/vocesparalelas.com.ar\/sitio\/wp-content\/uploads\/2021\/05\/FIRMA-01.jpg 498w, https:\/\/vocesparalelas.com.ar\/sitio\/wp-content\/uploads\/2021\/05\/FIRMA-01-146x300.jpg 146w, https:\/\/vocesparalelas.com.ar\/sitio\/wp-content\/uploads\/2021\/05\/FIRMA-01-389x800.jpg 389w\" sizes=\"auto, (max-width: 498px) 100vw, 498px\" \/><figcaption id=\"caption-attachment-37622\" class=\"wp-caption-text\">Decano de la FAUD de la UNSJ, Arq. Gustavo Roberto G\u00f3mez<\/figcaption><\/figure>\n<p>&nbsp;<\/p>\n<figure id=\"attachment_37624\" aria-describedby=\"caption-attachment-37624\" style=\"width: 498px\" class=\"wp-caption aligncenter\"><img loading=\"lazy\" decoding=\"async\" class=\"wp-image-37624 size-full\" src=\"https:\/\/vocesparalelas.com.ar\/sitio\/wp-content\/uploads\/2021\/05\/FIRMA-03.jpg\" alt=\"\" width=\"498\" height=\"1024\" srcset=\"https:\/\/vocesparalelas.com.ar\/sitio\/wp-content\/uploads\/2021\/05\/FIRMA-03.jpg 498w, https:\/\/vocesparalelas.com.ar\/sitio\/wp-content\/uploads\/2021\/05\/FIRMA-03-146x300.jpg 146w, https:\/\/vocesparalelas.com.ar\/sitio\/wp-content\/uploads\/2021\/05\/FIRMA-03-389x800.jpg 389w\" sizes=\"auto, (max-width: 498px) 100vw, 498px\" \/><figcaption id=\"caption-attachment-37624\" class=\"wp-caption-text\">Directora de la Casa Natal de Sarmiento, Dra. Arq. Mar\u00eda Rosa Plana<\/figcaption><\/figure>\n<p>Con el objetivo de realizar una moderna gesti\u00f3n museol\u00f3gica adecuada a los requerimientos, necesidades y oportunidades del medio; a trav\u00e9s de la implementaci\u00f3n de proyectos y actividades de vinculaci\u00f3n con la sociedad, se firma la presente Acta, que entra en vigor en la fecha de su firma teniendo vigencia por un per\u00edodo de 2 a\u00f1os, renovables autom\u00e1ticamente por igual tiempo, mientras que las partes no manifiesten en forma expresa su voluntad de rescindir.<\/p>\n<p>La FAUD brindar\u00e1 un marco t\u00e9cnico &#8211; acad\u00e9mico y un respaldo adecuado a trav\u00e9s de recursos humanos id\u00f3neos que colaboren con el objetivo de vinculaci\u00f3n del Museo Casa Natal.<\/p>\n<p>Los miembros de ambas instituciones podr\u00e1n actualizar sus conocimientos compartiendo cursos, seminarios, talleres y proyectos acad\u00e9micos, de investigaci\u00f3n y\/o extensi\u00f3n que se elaboren, formalizados en las respectivas Unidades.<\/p>\n<p>Se conviene la constituci\u00f3n de una Comisi\u00f3n integrada por la Dra. Arq. Mar\u00eda Rosa Plana Directora del Museo Casa Natal de Sarmiento, la Lic. Melina Santiago de la misma Instituci\u00f3n, el Arq. Alejandro Alvarez Secretario de Extensi\u00f3n Universitaria y el Arq. Alejandro Rosas, Secretario de Investigaci\u00f3n y Creaci\u00f3n de la FAUD para todas las tares de decisi\u00f3n de programas en com\u00fan, de iniciativas de actividades y proyectos, etc.<\/p>\n<figure id=\"attachment_37623\" aria-describedby=\"caption-attachment-37623\" style=\"width: 497px\" class=\"wp-caption aligncenter\"><img loading=\"lazy\" decoding=\"async\" class=\"wp-image-37623 size-full\" src=\"https:\/\/vocesparalelas.com.ar\/sitio\/wp-content\/uploads\/2021\/05\/FIRMA-02.jpg\" alt=\"\" width=\"497\" height=\"1024\" srcset=\"https:\/\/vocesparalelas.com.ar\/sitio\/wp-content\/uploads\/2021\/05\/FIRMA-02.jpg 497w, https:\/\/vocesparalelas.com.ar\/sitio\/wp-content\/uploads\/2021\/05\/FIRMA-02-146x300.jpg 146w, https:\/\/vocesparalelas.com.ar\/sitio\/wp-content\/uploads\/2021\/05\/FIRMA-02-388x800.jpg 388w\" sizes=\"auto, (max-width: 497px) 100vw, 497px\" \/><figcaption id=\"caption-attachment-37623\" class=\"wp-caption-text\">Secretario de Extensi\u00f3n de la FAUD de la UNSJ, Arq. Alejandro \u00c1lvarez junto al Decano, Arq. Roberto G\u00f3mez y la Directora de la ByMCNDFS, Dra. Arq. Mar\u00eda Rosa Plana frente a la imagen del Gran Maestro de Am\u00e9rica de la Sala principal de la Casa.<\/figcaption><\/figure>\n<\/div>\n<p>&nbsp;<\/p>\n<p>&nbsp;<\/p>\n","protected":false},"excerpt":{"rendered":"<p>El Jueves, 6 de Mayo, se suscribi\u00f3 el Acta de Cooperaci\u00f3n, Asistencia e Intercambio entre el Museo Casa Natal de<\/p>\n","protected":false},"author":3,"featured_media":37562,"comment_status":"closed","ping_status":"closed","sticky":false,"template":"","format":"standard","meta":{"_acf_changed":false,"_seopress_robots_primary_cat":"none","_seopress_titles_title":"","_seopress_titles_desc":"","_seopress_robots_index":"","colormag_page_container_layout":"default_layout","colormag_page_sidebar_layout":"default_layout","footnotes":""},"categories":[1],"tags":[],"class_list":["post-37557","post","type-post","status-publish","format-standard","has-post-thumbnail","hentry","category-destacadas"],"acf":[],"_links":{"self":[{"href":"https:\/\/vocesparalelas.com.ar\/sitio\/wp-json\/wp\/v2\/posts\/37557","targetHints":{"allow":["GET"]}}],"collection":[{"href":"https:\/\/vocesparalelas.com.ar\/sitio\/wp-json\/wp\/v2\/posts"}],"about":[{"href":"https:\/\/vocesparalelas.com.ar\/sitio\/wp-json\/wp\/v2\/types\/post"}],"author":[{"embeddable":true,"href":"https:\/\/vocesparalelas.com.ar\/sitio\/wp-json\/wp\/v2\/users\/3"}],"replies":[{"embeddable":true,"href":"https:\/\/vocesparalelas.com.ar\/sitio\/wp-json\/wp\/v2\/comments?post=37557"}],"version-history":[{"count":4,"href":"https:\/\/vocesparalelas.com.ar\/sitio\/wp-json\/wp\/v2\/posts\/37557\/revisions"}],"predecessor-version":[{"id":37655,"href":"https:\/\/vocesparalelas.com.ar\/sitio\/wp-json\/wp\/v2\/posts\/37557\/revisions\/37655"}],"wp:featuredmedia":[{"embeddable":true,"href":"https:\/\/vocesparalelas.com.ar\/sitio\/wp-json\/wp\/v2\/media\/37562"}],"wp:attachment":[{"href":"https:\/\/vocesparalelas.com.ar\/sitio\/wp-json\/wp\/v2\/media?parent=37557"}],"wp:term":[{"taxonomy":"category","embeddable":true,"href":"https:\/\/vocesparalelas.com.ar\/sitio\/wp-json\/wp\/v2\/categories?post=37557"},{"taxonomy":"post_tag","embeddable":true,"href":"https:\/\/vocesparalelas.com.ar\/sitio\/wp-json\/wp\/v2\/tags?post=37557"}],"curies":[{"name":"wp","href":"https:\/\/api.w.org\/{rel}","templated":true}]}}