{"id":37552,"date":"2021-05-07T01:33:41","date_gmt":"2021-05-07T04:33:41","guid":{"rendered":"http:\/\/vocesparalelas.com.ar\/sitio\/?p=37552"},"modified":"2021-05-08T12:29:03","modified_gmt":"2021-05-08T15:29:03","slug":"banco-san-juan-patrocina-proyectos-vinculados-a-educacion-tecnica-empleo-y-desarrollo-tecnologico","status":"publish","type":"post","link":"https:\/\/vocesparalelas.com.ar\/sitio\/banco-san-juan-patrocina-proyectos-vinculados-a-educacion-tecnica-empleo-y-desarrollo-tecnologico\/","title":{"rendered":"Banco San Juan patrocina proyectos vinculados a Educaci\u00f3n T\u00e9cnica, Empleo y Desarrollo Tecnol\u00f3gico"},"content":{"rendered":"<p>A trav\u00e9s de la gesti\u00f3n de la Fundaci\u00f3n Banco San Juan,\u00a0 el Banco San Juan\u00a0 patrocina a instituciones educativas de la\u00a0provincia de San Juan\u00a0 y ciudad de Buenos Aires, que presenten\u00a0hasta el Lunes, 31 de Mayo, ante INET, proyectos que vinculen la educaci\u00f3n t\u00e9cnica con el empleo y el desarrollo tecnol\u00f3gico y tengan por objetivo mejorar las condiciones de empleabilidad para estudiantes y la comunidad local.<\/p>\n<p>La convocatoria se realiza en el marco del Programa de Cr\u00e9dito Fiscal del Ministerio de Educaci\u00f3n de la Naci\u00f3n (Ley 22.317 \u2013 INET), del cual participa el Banco San Juan\u00a0 desde hace 13 a\u00f1os.<\/p>\n<p>La Fundaci\u00f3n Banco San Juan coordina y gestiona las actividades, en el marco de su Programa Fortalecimiento de la Educaci\u00f3n T\u00e9cnica, que cuenta con Certificaci\u00f3n ISO 9001: 2015.<\/p>\n<p>Las instituciones educativas interesadas en contar con el patrocinio de Banco San Juan\u00a0 deben consultar los requisitos en<a href=\"https:\/\/correo.bancobsf.com.ar\/owa\/redir.aspx?C=h1TXui9dFC33nSXKOfIImyYQ8cYZVZOpWsm2upSEibz8XUP6rwnZCA..&amp;URL=https%3a%2f%2fwww.fundacionbsf.org.ar%2f\">\u00a0<\/a><a href=\"https:\/\/www.fundacionbsj.org.ar\/\">https:\/\/www.fundacionbsj.org.ar<\/a>\u00a0 y solicitar el mismo antes del\u00a021 de Mayo a trav\u00e9s de la misma web.<\/p>\n<p>Los proyectos presentados deber\u00e1n contemplar el desarrollo y ejecuci\u00f3n de acciones orientadas a: incorporar nuevas tecnolog\u00edas, equipamiento escolar y habitabilidad de los estudiantes, buscar la innovaci\u00f3n tecnol\u00f3gica, promover la articulaci\u00f3n con organizaciones del \u00e1mbito socio productivo, Universidades y Centros de Investigaci\u00f3n, Desarrollo e Innovaci\u00f3n I+D+i, brindar capacitaci\u00f3n tecnol\u00f3gica abierta a la comunidad, impulsar la retenci\u00f3n escolar, implementar pr\u00e1cticas profesionalizantes y promover la actualizaci\u00f3n t\u00e9cnica docente.<\/p>\n<p>Pueden ser presentados proyectos orientados a dictar Acciones Formativas sin la necesidad de la adquisici\u00f3n de equipamientos, a los fines de promover una actualizaci\u00f3n t\u00e9cnica tanto a estudiantes como docentes.<\/p>\n<p>Se tiene consideraci\u00f3n especial por aquellos proyectos relacionados con tem\u00e1ticas afines a Energ\u00edas Renovables (no excluyente).<\/p>\n<p>Los establecimientos educativos podr\u00e1n presentar proyectos en cuatro l\u00edneas de acci\u00f3n:<\/p>\n<ul>\n<li>Proyectos de Educaci\u00f3n y Trabajo\u00a0(hasta $300.000 en adquisici\u00f3n de equipamiento y hasta $300.000 en capacitaci\u00f3n)<\/li>\n<li><span style=\"line-height: 1.5;\">Proyecto de Plantas Productivas Educativas dentro de la l\u00ednea de Educaci\u00f3n y Trabajo\u00a0(hasta $ 4.000.000 en equipamiento y hasta $400.000 en capacitaci\u00f3n).<\/span><\/li>\n<li><span style=\"line-height: 1.5;\">Proyecto de Innovaci\u00f3n Tecnol\u00f3gica y\/o Capacitaci\u00f3n Tecnol\u00f3gica\u00a0(hasta $3.000.000 para equipamiento y hasta $ 300.000 en capacitaci\u00f3n)<\/span><\/li>\n<li><span style=\"line-height: 1.5;\">Asignaci\u00f3n Directa para r\u00e9plicas de acciones formativas de a\u00f1os anteriores\u00a0(hasta $300.000)<\/span><\/li>\n<\/ul>\n<p><span style=\"color: #339966;\"><strong>\u00a0\u00bfQui\u00e9nes pueden participar?\u00a0<\/strong><\/span><\/p>\n<p>Las instituciones educativas reconocidas por la autoridad competente, de gesti\u00f3n p\u00fablica o privada, de\u00a0 nivel medio t\u00e9cnico, agro t\u00e9cnico, formaci\u00f3n profesional y\/o equivalentes de acuerdo a lo normado en\u00a0 la Ley N\u00ba 26.058, educaci\u00f3n de adultos con formaci\u00f3n para el trabajo (desarrollo de oficios certificados\u00a0 por autoridad competente), educaci\u00f3n especial con talleres de formaci\u00f3n laboral, educaci\u00f3n en contextos de privaci\u00f3n de la libertad (CFE 127\/10) y tecnicaturas de nivel superior no universitario, comprendidas en la Ley N\u00ba 24.521 de Educaci\u00f3n Superior. Las escuelas de la Familia Agr\u00edcola que posean t\u00edtulo\u00a0 autorizado y certificado por la autoridad educativa provincial.<\/p>\n<p>Para presentar proyectos y conocer condiciones y requisitos, los interesados pueden ingresar a\u00a0<a href=\"http:\/\/www.inet.edu.ar\/\">http:\/\/www.inet.edu.ar\/<\/a><\/p>\n<p>En la edici\u00f3n 2020 fueron\u00a0aprobados\u00a0cuatro proyectos\u00a0de instituciones educativas sanjuaninas pertenecientes a las localidades de: Capital, Chimbas\u00a0 yCaucete.<\/p>\n","protected":false},"excerpt":{"rendered":"<p>A trav\u00e9s de la gesti\u00f3n de la Fundaci\u00f3n Banco San Juan,\u00a0 el Banco San Juan\u00a0 patrocina a instituciones educativas de<\/p>\n","protected":false},"author":3,"featured_media":37554,"comment_status":"closed","ping_status":"closed","sticky":false,"template":"","format":"standard","meta":{"_acf_changed":false,"_seopress_robots_primary_cat":"none","_seopress_titles_title":"","_seopress_titles_desc":"","_seopress_robots_index":"","colormag_page_container_layout":"default_layout","colormag_page_sidebar_layout":"default_layout","footnotes":""},"categories":[8],"tags":[],"class_list":["post-37552","post","type-post","status-publish","format-standard","has-post-thumbnail","hentry","category-concursos"],"acf":[],"_links":{"self":[{"href":"https:\/\/vocesparalelas.com.ar\/sitio\/wp-json\/wp\/v2\/posts\/37552","targetHints":{"allow":["GET"]}}],"collection":[{"href":"https:\/\/vocesparalelas.com.ar\/sitio\/wp-json\/wp\/v2\/posts"}],"about":[{"href":"https:\/\/vocesparalelas.com.ar\/sitio\/wp-json\/wp\/v2\/types\/post"}],"author":[{"embeddable":true,"href":"https:\/\/vocesparalelas.com.ar\/sitio\/wp-json\/wp\/v2\/users\/3"}],"replies":[{"embeddable":true,"href":"https:\/\/vocesparalelas.com.ar\/sitio\/wp-json\/wp\/v2\/comments?post=37552"}],"version-history":[{"count":1,"href":"https:\/\/vocesparalelas.com.ar\/sitio\/wp-json\/wp\/v2\/posts\/37552\/revisions"}],"predecessor-version":[{"id":37555,"href":"https:\/\/vocesparalelas.com.ar\/sitio\/wp-json\/wp\/v2\/posts\/37552\/revisions\/37555"}],"wp:featuredmedia":[{"embeddable":true,"href":"https:\/\/vocesparalelas.com.ar\/sitio\/wp-json\/wp\/v2\/media\/37554"}],"wp:attachment":[{"href":"https:\/\/vocesparalelas.com.ar\/sitio\/wp-json\/wp\/v2\/media?parent=37552"}],"wp:term":[{"taxonomy":"category","embeddable":true,"href":"https:\/\/vocesparalelas.com.ar\/sitio\/wp-json\/wp\/v2\/categories?post=37552"},{"taxonomy":"post_tag","embeddable":true,"href":"https:\/\/vocesparalelas.com.ar\/sitio\/wp-json\/wp\/v2\/tags?post=37552"}],"curies":[{"name":"wp","href":"https:\/\/api.w.org\/{rel}","templated":true}]}}