{"id":37548,"date":"2021-05-07T01:16:49","date_gmt":"2021-05-07T04:16:49","guid":{"rendered":"http:\/\/vocesparalelas.com.ar\/sitio\/?p=37548"},"modified":"2021-05-07T01:16:49","modified_gmt":"2021-05-07T04:16:49","slug":"ratificaron-dos-proyectos-mineros-en-los-departamentos-de-ullum-y-de-calingasta","status":"publish","type":"post","link":"https:\/\/vocesparalelas.com.ar\/sitio\/ratificaron-dos-proyectos-mineros-en-los-departamentos-de-ullum-y-de-calingasta\/","title":{"rendered":"Ratificaron dos proyectos mineros, en los Departamentos de Ullum y de Calingasta"},"content":{"rendered":"<div class=\"itemFullText jbintrotext\">\n<p>La C\u00e1mara de Diputados de San Juan celebr\u00f3 el Jueves, 6 de Mayo, la Tercera Sesi\u00f3n del per\u00edodo ordinario en cuyo transcurso el cuerpo parlamentario ofreci\u00f3 acuerdo a Mensajes y proyectos de Ley remitidos por el Poder Ejecutivos entre los que destacan entre otros dos relacionados a proyectos mineros uno en Ullum y otros en Calingasta. Adem\u00e1s tom\u00f3 estado parlamentario el proyecto presentado por el bloque Justicialista, que establece remuneraciones de autoridades m\u00e1ximas de entes centralizados o descentralizados, empresas, sociedades y agencias del Estado.<\/p>\n<\/div>\n<div class=\"itemFullText\">\n<p>La sesi\u00f3n fue conducida en forma alternada por el vicepresidente primero, legislador Eduardo Cabello y el vicepresidente segundo, diputado Carlos Platero.<\/p>\n<p><span style=\"color: #800080;\"><strong>Proyecto de exploraci\u00f3n minera en Ullum<\/strong><\/span><\/p>\n<p>Con despacho favorable de las respectivas comisiones, el cuerpo parlamentario deber\u00e1 decidir si otorga acuerdo al proyecto de Ley enviado por el Poder Ejecutivo, mediante Mensaje N\u00ba 43, que propone la aprobaci\u00f3n en todas sus partes de la Resoluci\u00f3n N\u00b0 054-IPEEM-2021 de fecha 12 de marzo del 2021, por la cual el Instituto Provincial de Exploraciones y Explotaciones Mineras (I.P.E.E.M.) acepta la oferta de trabajo y econ\u00f3mica efectuada por la empresa GOLDEN MINING S.A. para la exploraci\u00f3n de la manifestaci\u00f3n de descubrimiento denominada \u00abAYEN\u00bb , ubicada en el departamento Ullum.<\/p>\n<p><span style=\"color: #800080;\"><strong>Proyecto de exploraci\u00f3n minera en Calingasta<\/strong><\/span><\/p>\n<p>Posteriormente, considerar\u00e1 el proyecto de Ley remitido por el Poder Ejecutivo, mediante Mensaje N\u00ba 44, que propone aprobar en todas sus partes la Resoluci\u00f3n N\u00b0 007-IPEEM-2021, por la cual el Instituto Provincial de Exploraciones y Explotaciones Mineras (I.P.E.E.M.), acepta la oferta de trabajo y econ\u00f3mica efectuada por la empresa AURORA MINING S.A. por el Proyecto Santa B\u00e1rbara ubicado en el departamento Calingasta.<\/p>\n<p><span style=\"color: #800080;\"><strong>Adhesi\u00f3n a la Ley Nacional sobre Sitios de Memoria<\/strong><\/span><\/p>\n<p>El diputado Horacio Quiroga en su rol de miembro informante fundament\u00f3 el Mensaje N\u00ba 32 y proyecto de Ley remitido por el Ejecutivo que dispuso la adhesi\u00f3n a la Ley Nacional N\u00b0 26.691, sobre Declaraci\u00f3n de Sitios de Memoria del Terrorismo de Estado sobre preservaci\u00f3n, se\u00f1alizaci\u00f3n y difusi\u00f3n de sitios de memoria del Terrorismo de Estado, a los lugares que funcionaron como centros clandestinos de detenci\u00f3n, tortura y exterminio o donde sucedieron hechos emblem\u00e1ticos del accionar de la represi\u00f3n ilegal desarrollada durante el terrorismo de Estado ejercido en el pa\u00eds, a los fines de facilitar las investigaciones judiciales.<\/p>\n<p>La autoridad de aplicaci\u00f3n ser\u00e1 el Ministerio de Gobierno, a trav\u00e9s de la Secretar\u00eda de Justicia y Derechos Humanos o el organismo que en el futuro lo reemplace.<\/p>\n<p><span style=\"color: #800080;\"><strong>L\u00edneas de cr\u00e9ditos de incentivo en la Pandemia<\/strong><\/span><\/p>\n<p>Los legisladores ofrecieron conformidad al Mensaje N\u00ba 163 y proyecto de Ley remitido por el Ejecutivo, por el que ratific\u00f3 los convenios \u00abPrograma de Reactivaci\u00f3n del Sector Productivo &#8211; Bonificaci\u00f3n de Tasa de Inter\u00e9s\u00bb, \u00abFinanciamiento de Capital de Trabajo \u2014 Descuento de Cheques\u00bb, e \u00abIncentivo al Consumo y Reactivaci\u00f3n Econ\u00f3mica en Comercios\u00bb, suscriptos entre el Gobierno de la provincia de San Juan y el Banco de San Juan S.A.<\/p>\n<p>El miembro informante fue el diputado Jos\u00e9 Luis Esteve, quien destac\u00f3 que la finalidad de estos acuerdos es la de mitigar los efectos negativos y la situaci\u00f3n econ\u00f3mica y social<\/p>\n<p>El objeto de la firma de estos acuerdos es mitigar la negativa situaci\u00f3n econ\u00f3mica y social como consecuencia del contexto de emergencia sanitaria por la pandemia, que motiv\u00f3 el dictado del Decreto Nacional N\u00b0297\/2020, al que la provincia de San Juan adhiri\u00f3 mediante Decreto N\u00b00441-MG-20 de fecha 20 de marzo de 2020, pr\u00f3rrogas subsiguientes, Decreto N\u00b0 520\/2020 y dem\u00e1s normativa vigente y medidas tornadas a fin de evitar la propagaci\u00f3n del virus COVID-19.<\/p>\n<p>En tal sentido, la provincia asumi\u00f3 una bonificaci\u00f3n de la tasa de inter\u00e9s de los cr\u00e9ditos que el Banco otorgue en el marco de la L\u00ednea de Cr\u00e9ditos \u00abPrograma de Reactivaci\u00f3n del Sector Productivo &#8211; Bonificaci\u00f3n de Tasa de Inter\u00e9s\u00bb, por la suma de Doscientos\u00a0 Millones\u00a0 de pesos ($200.000.000,00), a MiPyMES que desarrollan su actividad en la provincia de San Juan en los sectores Agroindustrial, Industrial, de Servicios Industriales y Comerciales.<\/p>\n<p>Asimismo, la provincia implement\u00f3 la l\u00ednea \u00abFinanciamiento de Capital de Trabajo \u2014 Descuento de Cheques\u00bb, un mecanismo de bonificaci\u00f3n de la tasa de inter\u00e9s en los cr\u00e9ditos que sean otorgados por el Banco San Juan a MIPYMES que desarrollen una actividad productiva en la provincia, de acuerdo a su capacidad prestable, a trav\u00e9s del financiamiento del capital de trabajo, mediante el descuento de cheques de pago diferido de terceros. El monto total de la l\u00ednea es de Trescientos Millones Pesos ($300.000.000), renovable. Este monto es el m\u00e1ximo y no podr\u00e1 superarse, pero el Banco, en la medida que se vayan cancelando las financiaciones otorgadas, podr\u00e1 renovarlo en forma permanente durante todo el tiempo de vigencia de la L\u00ednea.<\/p>\n<p>Por \u00faltimo, la provincia decide implementar un mecanismo que incentive el movimiento y reactivaci\u00f3n econ\u00f3mica en los Comercios de San Juan, a trav\u00e9s del \u00abIncentivo al Consumo y Reactivaci\u00f3n Econ\u00f3mica en Comercios\u00bb, con la cooperaci\u00f3n del Banco San Juan como Agente Financiero de la provincia de San Juan. La propuesta consiste en bonificar un porcentaje del precio de los consumos que efect\u00faen los titulares de Tarjetas de Cr\u00e9dito emitidas por dicha entidad bancaria, con un tope m\u00e1ximo mensual, en los comercios situados y que presten sus servicios en la provincia, y que se encuentren adheridos a la instituci\u00f3n bancara para acreditaci\u00f3n de los cupones de Tarjeta de Cr\u00e9dito, conforme a los par\u00e1metros establecidos en el Convenio.<\/p>\n<p><span style=\"color: #800080;\"><strong>Red Tulum: Estaci\u00f3n Central de Transbordo en Avenida C\u00f3rdoba<\/strong><\/span><\/p>\n<p>El diputado Jorge Barifusa fue quien tuvo a su cargo la fundamentaci\u00f3n de este Mensaje y proyecto de Ley remitido por el Ejecutivo, que ratifica el convenio entre la provincia y el Ministerio de Transporte de la Naci\u00f3n, referido a la realizaci\u00f3n de mejoras de infraestructura en el marco del Sistema de Transporte P\u00fablico de Pasajeros denominado \u201cRedTulum\u201d. En concreto este acuerdo apunta a la construcci\u00f3n del Centro de Transbordo en avenida C\u00f3rdoba, prevista en el eje ferro-urban\u00edstico de la Ciudad de San Juan y para ello la Naci\u00f3n aportar\u00e1 alrededor de 190 millones de pesos para la ejecuci\u00f3n del proyecto de obra \u201cMejoras de Infraestructura en el marco del Sistema de Transporte P\u00fablico de Pasajeros denominado RedTulum\u201d.<\/p>\n<p><span style=\"color: #800080;\"><strong>Convenio para que rawsinos puedan visitar Anchipurac<\/strong><\/span><\/p>\n<p>En tanto que el parlamentario Juan Carlos Gioja fue el miembro informante del Mensaje N\u00ba 9 y proyecto de Ley remitido por el Poder Ejecutivo que ratifica \u00a0el convenio Colaboraci\u00f3n y Cooperaci\u00f3n suscripto el 24 de noviembre de 2020\u00a0 entre la Secretaria de Estado de Ambiente y Desarrollo Sustentable y el municipio de Rawson.<\/p>\n<p>El objetivo es que las instituciones que el Municipio de Rawson disponga, puedan vivir y conocer la experiencia Anchipurac, el Parque de la Biodiversidad, y las \u00c1reas Protegidas de San Juan.<\/p>\n<p><span style=\"color: #800080;\"><strong>Refacciones en la Direcci\u00f3n Nacional de Migraciones<\/strong><\/span><\/p>\n<p>Posteriormente, la legisladora Marcela Monti fue quien fundament\u00f3 el Mensaje N\u00ba 15 y proyecto de Ley remitido por el Poder Ejecutivo, que ratific\u00f3 el convenio Marco de Colaboraci\u00f3n, suscripto el 19 de octubre de 2020, entre el Ministerio de Obras y Servicios P\u00fablicos de la provincia de San Juan y la Direcci\u00f3n Nacional de Migraciones.<\/p>\n<p>La finalidad es la de ejecutar mejoras y refacciones para ofrecer mayor accesibilidad para el uso y disfrute de las instalaciones para el control migratorio y la atenci\u00f3n al p\u00fablico.<\/p>\n<p><span style=\"color: #800080;\"><strong>Desarrollo sustentable en los Altos Valles Andinos<\/strong><\/span><\/p>\n<p>El diputado Gast\u00f3n Berenguer fue el miembro informante del Mensaje N\u00ba 16 y proyecto de Ley remitido por el Ejecutivo que fue ratificado por el cuerpo y consiste en un Acuerdo de Servicio T\u00e9cnico Especializado para el desarrollo sustentable del ambiente en los Altos Valles Andinos suscripto entre el gobierno de San Juan y el Instituto Nacional de Tecnolog\u00eda Agropecuaria Estaci\u00f3n Experimental Agropecuaria (INTA)<\/p>\n<p>El mismo apunta a coordinar acciones conjuntas para llevar adelante actividades y estrategias de manejo de los recursos naturales de los Altos Valles Andinos del departamento de Calingasta, a partir de estudios en el \u00e1rea de veranadas que implica un gasto de $280.000,00 (doscientos ochenta mil) pesos y consistir\u00e1 en el estudio del ambiente andino utilizado por la trashumancia (tipo de pastoreo en continuo movimiento, adapt\u00e1ndose en el espacio a zonas de productividad cambiante).<\/p>\n<p><span style=\"color: #800080;\"><strong>Liquidan compensaciones para por convenio con Naci\u00f3n<\/strong><\/span><\/p>\n<p>Luego los legisladores ofrecieron conformidad al Mensaje N\u00ba 18 y proyecto de Ley remitido por el Ejecutivo, cuya fundamentaci\u00f3n estuvo a cargo de la diputada Fernanda Paredes y que aprueba el convenio suscripto entre el Ministerio de Transporte de la Naci\u00f3n y el gobierno de San Juan con la provincia a trav\u00e9s del ministerio de Gobierno para transferir acreencias liquidadas en el marco de la compensaci\u00f3n establecida en el Articulo N\u00b0 125\u00ba de la Ley N\u00b0 27.467, el cual ha sido prorrogado por el art\u00edculo N\u00b0 72 de la Ley N\u00b0 27.591, las que ascienden a la suma total de Doscientos Diez Millones de pesos ($210.000.000,00), por el periodo de enero a marzo de 2021; inclusive, y remunerables en tres cuotas: 1\u00b0 cuota Ciento Cinco Millones de pesos ($105.000.000,00), 2\u00b0 Cuota, Cincuenta y Dos Millones Quinientos Mil pesos ($52.500.000,00) y la 3\u00b0 Cuota, Cincuenta y Dos Quinientos Mil pesos ($52.500.000,00).<\/p>\n<p><span style=\"color: #800080;\"><strong>Adhesi\u00f3n a medidas preventivas por COVID-19<\/strong><\/span><\/p>\n<p>Sobre tablas fue considerada y ratificada la Ley de Necesidad y Urgencia N\u00ba 2220-P por la que la provincia adhiere al DECNU 28772021.<\/p>\n<p>En la oportunidad, quien ofici\u00f3 de miembro informante fue la diputada Celina Ramella, que tuvo a su cargo la fundamentaci\u00f3n de las razones t\u00e9cnicas y de esta manera y en virtud de lo previsto en los art\u00edculos 2\u00ba, 13\u00ba (tercer p\u00e1rrafo), 15\u00ba, 19\u00ba, 24\u00ba y 32\u00ba del mencionado decreto, el Gobierno de San Juan en atenci\u00f3n a las condiciones epidemiol\u00f3gicas y sanitarias, dictar\u00e1 las medidas necesarias de alcance local, con el fin de mitigar en forma temprana los contagios por COVID-19.<\/p>\n<p><span style=\"color: #800080;\"><strong>Resoluciones<\/strong><\/span><\/p>\n<p>Sobre tablas, el cuerpo consider\u00f3 y resolvi\u00f3 aprobar el proyecto de Resoluci\u00f3n de autor\u00eda del legislador Sergio Miodowsky que declara de Inter\u00e9s Social, Educativo y Cultural la celebraci\u00f3n del 10\u00ba aniversario de la Asociaci\u00f3n Civil AJUP \u201cAgrupaci\u00f3n de J\u00f3venes Unidos por el Progreso\u201d, Personer\u00eda Jur\u00eddica N\u00ba 2756\/Decreto N\u00ba 548, del departamento Rivadavia, que ser\u00e1 cumplido el d\u00eda 14 de mayo de 2021.<\/p>\n<\/div>\n<p>&nbsp;<\/p>\n<p>&nbsp;<\/p>\n","protected":false},"excerpt":{"rendered":"<p>La C\u00e1mara de Diputados de San Juan celebr\u00f3 el Jueves, 6 de Mayo, la Tercera Sesi\u00f3n del per\u00edodo ordinario en<\/p>\n","protected":false},"author":3,"featured_media":37550,"comment_status":"closed","ping_status":"closed","sticky":false,"template":"","format":"standard","meta":{"_acf_changed":false,"_seopress_robots_primary_cat":"none","_seopress_titles_title":"","_seopress_titles_desc":"","_seopress_robots_index":"","colormag_page_container_layout":"default_layout","colormag_page_sidebar_layout":"default_layout","footnotes":""},"categories":[1],"tags":[],"class_list":["post-37548","post","type-post","status-publish","format-standard","has-post-thumbnail","hentry","category-destacadas"],"acf":[],"_links":{"self":[{"href":"https:\/\/vocesparalelas.com.ar\/sitio\/wp-json\/wp\/v2\/posts\/37548","targetHints":{"allow":["GET"]}}],"collection":[{"href":"https:\/\/vocesparalelas.com.ar\/sitio\/wp-json\/wp\/v2\/posts"}],"about":[{"href":"https:\/\/vocesparalelas.com.ar\/sitio\/wp-json\/wp\/v2\/types\/post"}],"author":[{"embeddable":true,"href":"https:\/\/vocesparalelas.com.ar\/sitio\/wp-json\/wp\/v2\/users\/3"}],"replies":[{"embeddable":true,"href":"https:\/\/vocesparalelas.com.ar\/sitio\/wp-json\/wp\/v2\/comments?post=37548"}],"version-history":[{"count":1,"href":"https:\/\/vocesparalelas.com.ar\/sitio\/wp-json\/wp\/v2\/posts\/37548\/revisions"}],"predecessor-version":[{"id":37551,"href":"https:\/\/vocesparalelas.com.ar\/sitio\/wp-json\/wp\/v2\/posts\/37548\/revisions\/37551"}],"wp:featuredmedia":[{"embeddable":true,"href":"https:\/\/vocesparalelas.com.ar\/sitio\/wp-json\/wp\/v2\/media\/37550"}],"wp:attachment":[{"href":"https:\/\/vocesparalelas.com.ar\/sitio\/wp-json\/wp\/v2\/media?parent=37548"}],"wp:term":[{"taxonomy":"category","embeddable":true,"href":"https:\/\/vocesparalelas.com.ar\/sitio\/wp-json\/wp\/v2\/categories?post=37548"},{"taxonomy":"post_tag","embeddable":true,"href":"https:\/\/vocesparalelas.com.ar\/sitio\/wp-json\/wp\/v2\/tags?post=37548"}],"curies":[{"name":"wp","href":"https:\/\/api.w.org\/{rel}","templated":true}]}}