{"id":37542,"date":"2021-05-07T01:10:16","date_gmt":"2021-05-07T04:10:16","guid":{"rendered":"http:\/\/vocesparalelas.com.ar\/sitio\/?p=37542"},"modified":"2021-05-07T23:49:16","modified_gmt":"2021-05-08T02:49:16","slug":"lanzaron-la-1-diplomatura-en-educacion-ambiental","status":"publish","type":"post","link":"https:\/\/vocesparalelas.com.ar\/sitio\/lanzaron-la-1-diplomatura-en-educacion-ambiental\/","title":{"rendered":"Lanzaron la 1\u00b0 Diplomatura en Educaci\u00f3n Ambiental"},"content":{"rendered":"<p>El gobernador de San Juan, Dr. Sergio U\u00f1ac, junto al ministro nacional de Ambiente y Desarrollo Sostenible, Juan Cabandi\u00e9 lanz\u00f3 la\u00a0primera diplomatura en Educaci\u00f3n Ambiental.<\/p>\n<p>La iniciativa tiene el objetivo de cuidar el ambiente desde los hogares y escuelas, para ello fue creada la Diplomatura Superior en Educaci\u00f3n Ambiental.<\/p>\n<p>Esta capacitaci\u00f3n est\u00e1 destinada a profesionales docentes gu\u00eda de los Clubes Ambientales Escolares &#8211; CAE &#8211; de los niveles Inicial, Primario y Secundario y docentes del Nivel Superior pertenecientes a los Institutos Superiores de Formaci\u00f3n Docente, que a trav\u00e9s de estos desarrollaron pr\u00e1cticas y experiencias en las instituciones educativas de la provincia.<\/p>\n<p>Durante el acto desarrollado en Casa de Gobierno, U\u00f1ac destac\u00f3 la agenda de actividades que mantuvo el ministro nacional en San Juan y puso en valor que \u201cla entrega realizada en el Parque Tecnol\u00f3gico Ambiental representa m\u00e1s de lo que en la historia el Ministerio de Medio Ambiente aport\u00f3 a San Juan, en un solo acto administrativo. Un hecho vale m\u00e1s que mil palabras y los sanjuaninos lo agradecemos\u201d.<\/p>\n<p>\u201cEn una provincia des\u00e9rtica que tiene menos de 100 ml de lluvia al a\u00f1o, los sanjuaninos generamos un sistema de construcci\u00f3n de diques que nos permiti\u00f3 vincular la ampliaci\u00f3n de la frontera productiva, la generaci\u00f3n de energ\u00eda y el crecimiento tur\u00edstico\u201d, valor\u00f3 el mandatario.<\/p>\n<p>En ese sentido explic\u00f3 que los integrantes del Gabinete provincial no compiten, sino que se complementan y que \u201cpor ese trabajo mancomunado lanzamos esta diplomatura que tiene que ver con la historia de San Juan ya que habitamos la tierra del gran maestro de Am\u00e9rica que hizo de la educaci\u00f3n el pasaporte para que los ciudadanos puedan vivir mejor\u201d.<\/p>\n<p>Con respecto a la diplomatura dijo que \u201capuesta a la Educaci\u00f3n, para que sea el gran transmisor del cuidado de medioambiente\u201d. Adem\u00e1s, agreg\u00f3 que \u201clos clubes ambientales ser\u00e1n los primeros destinatarios de la diplomatura ya que fueron pioneros en apostar por la protecci\u00f3n ambiental\u201d.<\/p>\n<p>Para finalizar, el mandatario provincial puso en valor la virtud de los sanjuaninos en complementar el desarrollo de distintas actividades econ\u00f3micas sin descuidar el medioambiente. \u201cDesde ac\u00e1 acompa\u00f1amos cada una de las decisiones del proyecto nacional para que est\u00e9 presente en cada rinc\u00f3n de la provincia\u201d, enfatiz\u00f3.<\/p>\n<p>Por su parte Cabandi\u00e9 traz\u00f3 una similitud con la Ley de Educaci\u00f3n Ambiental que ya tiene media sanci\u00f3n en Diputados y falta su tratamiento en el Senado, diciendo que al igual que la diplomatura \u201ctiene como objetivo construir una ciudadan\u00eda critica, con contenidos ambientales para garantizarnos un mejor presente y futuro\u201d.<\/p>\n<p>\u201cCreo que esto es un acierto, sabemos que va a generar una ciudadan\u00eda comprometida\u201d, agreg\u00f3 el ministro nacional.<\/p>\n<p>A su turno, el ministro de Educaci\u00f3n de la Provincia, Lic. Felipe De Los R\u00edos, se refiri\u00f3 a la diplomatura como un hecho trascendental y reafirm\u00f3 que \u201cesta propuesta que hace el gobernador, a trav\u00e9s del Ministerio de educaci\u00f3n y de la Secretar\u00eda de Ambiente, lleva de manera concreta a la propuesta que tanto en el Nivel Primario, como en el Secundario, docentes sean reconocidos y tengan la posibilidad de profundizar lo que ya ven\u00edan haciendo, para mejorar la calidad del servicio. En este caso que la pol\u00edtica ambiental deje de ser un mensaje para transformarse en acciones concretas\u201d.<\/p>\n<p>\u201cLa educaci\u00f3n no solamente es el motor de cambio, sino que tambi\u00e9n es una necesidad social y que necesita de actores preparados\u201d, a\u00f1adi\u00f3 De Los R\u00edos.<\/p>\n<p>El secretario de Ambiente de la Provincia, Lic. Ra\u00fal Tello, destac\u00f3 que esta diplomatura en educaci\u00f3n ambiental tiene por objetivo \u201creconocer a aquel que fue el alma o tutor durante mucho tiempo de un club ambiental, siendo maestro, dejando horas y esfuerzo propio para entreg\u00e1rselo con amor a esa escuela. Por eso creamos esta diplomatura que va a tener su fase te\u00f3rica y pr\u00e1ctica\u201d.<\/p>\n<p>El mandatario provincial y los funcionarios nacionales estuvieron acompa\u00f1ados por el ministro de Educaci\u00f3n, Felipe de Los R\u00edos; el secretario de Estado de Ambiente y Desarrollo Sustentable, Ra\u00fal Tello; el secretario de Control y Monitoreo Ambiental del Ministerio de Ambiente y Desarrollo Sostenible, Sergio Federovisky y el subsecretario de Conservaci\u00f3n y Desarrollo Sustentable, Jorge Scellato.<\/p>\n<p><iframe loading=\"lazy\" title=\"U\u00f1ac y Cabandi\u00e9 lanzaron la Primera Diplomatura en Educaci\u00f3n Ambiental\" width=\"800\" height=\"450\" src=\"https:\/\/www.youtube.com\/embed\/7e8QH3Sg5B8?feature=oembed\" frameborder=\"0\" allow=\"accelerometer; autoplay; clipboard-write; encrypted-media; gyroscope; picture-in-picture\" allowfullscreen><\/iframe><\/p>\n<p>&nbsp;<\/p>\n<p>&nbsp;<\/p>\n<p><img loading=\"lazy\" decoding=\"async\" class=\"alignnone wp-image-37544 size-full\" src=\"https:\/\/vocesparalelas.com.ar\/sitio\/wp-content\/uploads\/2021\/05\/AMBIENTE-01.jpg\" alt=\"\" width=\"800\" height=\"535\" srcset=\"https:\/\/vocesparalelas.com.ar\/sitio\/wp-content\/uploads\/2021\/05\/AMBIENTE-01.jpg 800w, https:\/\/vocesparalelas.com.ar\/sitio\/wp-content\/uploads\/2021\/05\/AMBIENTE-01-300x201.jpg 300w, https:\/\/vocesparalelas.com.ar\/sitio\/wp-content\/uploads\/2021\/05\/AMBIENTE-01-768x514.jpg 768w\" sizes=\"auto, (max-width: 800px) 100vw, 800px\" \/><\/p>\n<p>&nbsp;<\/p>\n<p>&nbsp;<\/p>\n","protected":false},"excerpt":{"rendered":"<p>El gobernador de San Juan, Dr. Sergio U\u00f1ac, junto al ministro nacional de Ambiente y Desarrollo Sostenible, Juan Cabandi\u00e9 lanz\u00f3<\/p>\n","protected":false},"author":3,"featured_media":37545,"comment_status":"closed","ping_status":"closed","sticky":false,"template":"","format":"video","meta":{"_acf_changed":false,"_seopress_robots_primary_cat":"none","_seopress_titles_title":"","_seopress_titles_desc":"","_seopress_robots_index":"","colormag_page_container_layout":"default_layout","colormag_page_sidebar_layout":"default_layout","footnotes":""},"categories":[9,7],"tags":[],"class_list":["post-37542","post","type-post","status-publish","format-video","has-post-thumbnail","hentry","category-cursos","category-videos","post_format-post-format-video"],"acf":[],"_links":{"self":[{"href":"https:\/\/vocesparalelas.com.ar\/sitio\/wp-json\/wp\/v2\/posts\/37542","targetHints":{"allow":["GET"]}}],"collection":[{"href":"https:\/\/vocesparalelas.com.ar\/sitio\/wp-json\/wp\/v2\/posts"}],"about":[{"href":"https:\/\/vocesparalelas.com.ar\/sitio\/wp-json\/wp\/v2\/types\/post"}],"author":[{"embeddable":true,"href":"https:\/\/vocesparalelas.com.ar\/sitio\/wp-json\/wp\/v2\/users\/3"}],"replies":[{"embeddable":true,"href":"https:\/\/vocesparalelas.com.ar\/sitio\/wp-json\/wp\/v2\/comments?post=37542"}],"version-history":[{"count":1,"href":"https:\/\/vocesparalelas.com.ar\/sitio\/wp-json\/wp\/v2\/posts\/37542\/revisions"}],"predecessor-version":[{"id":37546,"href":"https:\/\/vocesparalelas.com.ar\/sitio\/wp-json\/wp\/v2\/posts\/37542\/revisions\/37546"}],"wp:featuredmedia":[{"embeddable":true,"href":"https:\/\/vocesparalelas.com.ar\/sitio\/wp-json\/wp\/v2\/media\/37545"}],"wp:attachment":[{"href":"https:\/\/vocesparalelas.com.ar\/sitio\/wp-json\/wp\/v2\/media?parent=37542"}],"wp:term":[{"taxonomy":"category","embeddable":true,"href":"https:\/\/vocesparalelas.com.ar\/sitio\/wp-json\/wp\/v2\/categories?post=37542"},{"taxonomy":"post_tag","embeddable":true,"href":"https:\/\/vocesparalelas.com.ar\/sitio\/wp-json\/wp\/v2\/tags?post=37542"}],"curies":[{"name":"wp","href":"https:\/\/api.w.org\/{rel}","templated":true}]}}