{"id":37531,"date":"2021-05-06T23:36:02","date_gmt":"2021-05-07T02:36:02","guid":{"rendered":"http:\/\/vocesparalelas.com.ar\/sitio\/?p=37531"},"modified":"2021-05-07T00:07:18","modified_gmt":"2021-05-07T03:07:18","slug":"adicus-rechazo-la-propuesta-salarial-del-gobierno-nacional-y-lo-pone-en-consideracion-en-el-congreso-de-la-conadu-historica","status":"publish","type":"post","link":"https:\/\/vocesparalelas.com.ar\/sitio\/adicus-rechazo-la-propuesta-salarial-del-gobierno-nacional-y-lo-pone-en-consideracion-en-el-congreso-de-la-conadu-historica\/","title":{"rendered":"ADICUS rechaz\u00f3 la propuesta Salarial del Gobierno Nacional y lo pone en consideraci\u00f3n en el Congreso de la Conadu Hist\u00f3rica"},"content":{"rendered":"<p>El Jueves, 06 de Mayo, se realiz\u00f3 la Asamblea General Extraordinaria de ADICUS, a trav\u00e9s de la plataforma Google Meet.<\/p>\n<p>En la misma se pudo debatir acerca de la delicada situaci\u00f3n salarial que atraviesa la Docencia de las Universidades Nacionales en todo el pa\u00eds.<\/p>\n<p>El Secretario General de ADICUS, Prof. Jaime Barcelona, tuvo la oportunidad de explicar la propuesta del gobierno nacional realizada el 04 de mayo en la \u00faltima Mesa de Negociaci\u00f3n Salarial que consiste en seis cuotas distribuidas de la siguiente manera:<\/p>\n<ul>\n<li>8% en Abril,<\/li>\n<li>6% en Junio,<\/li>\n<li>4% en Agosto,<\/li>\n<li>5% en Octubre,<\/li>\n<li>7% en Diciembre de 2021 y<\/li>\n<li>5% en Febrero 2022.<\/li>\n<\/ul>\n<p>A Diciembre de 2021, el incremento suma un 30%, quedando por debajo de la inflaci\u00f3n proyectada, llegando a 35% en Febrero de 2022.<\/p>\n<p>El incremento es remunerativo y bonificable, no acumulativo, calculado sobre el b\u00e1sico del mes de Marzo de 2021; con la incorporaci\u00f3n de dos cl\u00e1usulas de revisi\u00f3n: una en Septiembre 2021 y otra en Febrero 2022.<\/p>\n<p>Asimismo, se ofreci\u00f3 un Bono no remunerativo ni bonificable, por conectividad, de $ 1.000 por docente desde el mes de Abril a Diciembre de 2021.<\/p>\n<p>Por otra parte, la garant\u00eda salarial docente se incrementa de acuerdo a los porcentajes definidos en el Consejo del Salario M\u00ednimo, Vital y M\u00f3vil de la semana pasada.<\/p>\n<p>Por \u00faltimo, luego de intercambiar opiniones al respecto, la Asamblea de ADICUS resolvi\u00f3:<\/p>\n<p>1 &#8211; Rechazar la propuesta salarial del gobierno por ser insuficiente, no solo en el porcentaje, sino en la cantidad y la distancia entre las cuotas, como as\u00ed tambi\u00e9n el bajo valor del bono por gastos de conectividad.<\/p>\n<p>2 \u2013 Demandarle a la CONADU Hist\u00f3rica la coordinaci\u00f3n de un plan de lucha m\u00e1s vehemente, decidido y serio.<\/p>\n<p>3 &#8211; Sugerirle a nuestra Federaci\u00f3n, recuperar el reclamo de la media canasta b\u00e1sica para el cargo testigo y la eliminaci\u00f3n del impuesto a las ganancias.<\/p>\n<p>Este es el mandato que llevan los congresales al Congreso Extraordinario de la CONADU Hist\u00f3rica, a realizarse el Viernes, 07 de Mayo, a las 10 hs.; en el marco del segundo d\u00eda de paro convocado por la Federaci\u00f3n.<\/p>\n<p>&nbsp;<\/p>\n<p>&nbsp;<\/p>\n<p>&nbsp;<\/p>\n","protected":false},"excerpt":{"rendered":"<p>El Jueves, 06 de Mayo, se realiz\u00f3 la Asamblea General Extraordinaria de ADICUS, a trav\u00e9s de la plataforma Google Meet.<\/p>\n","protected":false},"author":3,"featured_media":12481,"comment_status":"closed","ping_status":"closed","sticky":false,"template":"","format":"standard","meta":{"_acf_changed":false,"_seopress_robots_primary_cat":"none","_seopress_titles_title":"","_seopress_titles_desc":"","_seopress_robots_index":"","colormag_page_container_layout":"default_layout","colormag_page_sidebar_layout":"default_layout","footnotes":""},"categories":[1],"tags":[],"class_list":["post-37531","post","type-post","status-publish","format-standard","has-post-thumbnail","hentry","category-destacadas"],"acf":[],"_links":{"self":[{"href":"https:\/\/vocesparalelas.com.ar\/sitio\/wp-json\/wp\/v2\/posts\/37531","targetHints":{"allow":["GET"]}}],"collection":[{"href":"https:\/\/vocesparalelas.com.ar\/sitio\/wp-json\/wp\/v2\/posts"}],"about":[{"href":"https:\/\/vocesparalelas.com.ar\/sitio\/wp-json\/wp\/v2\/types\/post"}],"author":[{"embeddable":true,"href":"https:\/\/vocesparalelas.com.ar\/sitio\/wp-json\/wp\/v2\/users\/3"}],"replies":[{"embeddable":true,"href":"https:\/\/vocesparalelas.com.ar\/sitio\/wp-json\/wp\/v2\/comments?post=37531"}],"version-history":[{"count":1,"href":"https:\/\/vocesparalelas.com.ar\/sitio\/wp-json\/wp\/v2\/posts\/37531\/revisions"}],"predecessor-version":[{"id":37533,"href":"https:\/\/vocesparalelas.com.ar\/sitio\/wp-json\/wp\/v2\/posts\/37531\/revisions\/37533"}],"wp:featuredmedia":[{"embeddable":true,"href":"https:\/\/vocesparalelas.com.ar\/sitio\/wp-json\/wp\/v2\/media\/12481"}],"wp:attachment":[{"href":"https:\/\/vocesparalelas.com.ar\/sitio\/wp-json\/wp\/v2\/media?parent=37531"}],"wp:term":[{"taxonomy":"category","embeddable":true,"href":"https:\/\/vocesparalelas.com.ar\/sitio\/wp-json\/wp\/v2\/categories?post=37531"},{"taxonomy":"post_tag","embeddable":true,"href":"https:\/\/vocesparalelas.com.ar\/sitio\/wp-json\/wp\/v2\/tags?post=37531"}],"curies":[{"name":"wp","href":"https:\/\/api.w.org\/{rel}","templated":true}]}}