{"id":37528,"date":"2021-05-06T21:45:52","date_gmt":"2021-05-07T00:45:52","guid":{"rendered":"http:\/\/vocesparalelas.com.ar\/sitio\/?p=37528"},"modified":"2021-05-08T00:03:16","modified_gmt":"2021-05-08T03:03:16","slug":"requisitos-del-proceso-del-tramite-de-titularizacion-docente-de-educacion-tecnica","status":"publish","type":"post","link":"https:\/\/vocesparalelas.com.ar\/sitio\/requisitos-del-proceso-del-tramite-de-titularizacion-docente-de-educacion-tecnica\/","title":{"rendered":"Requisitos del proceso del tr\u00e1mite de Titularizaci\u00f3n Docente de Educaci\u00f3n T\u00e9cnica"},"content":{"rendered":"<p>La Direcci\u00f3n de \u00c1rea de Educaci\u00f3n Secundaria T\u00e9cnica y Formaci\u00f3n Profesional del Ministerio de Educaci\u00f3n del Gobierno de San Juan informa los requisitos del proceso del tr\u00e1mite de Titularizaci\u00f3n de Docentes.<\/p>\n<p>Se advierte que los interesados tienen que pedir turno online. Bajo estricto protocolo sanitario deben asistir el d\u00eda y hora asignados y presentar la carpeta\u00a0con documentaci\u00f3n completa o no ser\u00e1 aceptada, en la oficina de Direcci\u00f3n T\u00e9cnica y Formaci\u00f3n Profesional en el segundo piso, n\u00facleo N\u00ba 4 del Centro C\u00edvico.<\/p>\n<p><strong><span style=\"color: #ff6600;\">Requisitos necesarios para el inicio de este tr\u00e1mite<\/span><\/strong><\/p>\n<p>1. Haber sido designados en los cargos u horas c\u00e1tedra a titularizar de acuerdo con la normativa vigente.<\/p>\n<p>2. Acreditar al 31 de diciembre de 2020:<\/p>\n<p>2.1. T\u00edtulo docente para el\/los cargo\/s u horas c\u00e1tedra a titularizar, dos (2) a\u00f1os de antig\u00fcedad en los mismos o cinco (5) a\u00f1os de antig\u00fcedad docente en el Nivel y\/o modalidad y\/u orientaci\u00f3n a la que pertenecen, de los cuales por lo menos un (1) a\u00f1o de antig\u00fcedad deber\u00e1 corresponder a la instituci\u00f3n educativa a la que pertenezca el\/los cargo\/s u horas c\u00e1tedra que pretenden titularizar.<\/p>\n<p>2.2. T\u00edtulo habilitante para el\/los cargo\/s u horas c\u00e1tedra a titularizar, tres (3) a\u00f1os de antig\u00fcedad en los mismos o seis (6) a\u00f1os de antig\u00fcedad docente en el Nivel y\/o modalidad y\/u orientaci\u00f3n al que pertenezcan, de los cuales por lo menos un a\u00f1o (1) de antig\u00fcedad deber\u00e1 corresponder a la instituci\u00f3n educativa a la que pertenezca el\/los cargo\/s u horas c\u00e1tedra que pretenden titularizar.<\/p>\n<p>2.3. T\u00edtulo supletorio para el\/los cargo\/s u horas c\u00e1tedra a titularizar, cinco (5) a\u00f1os de antig\u00fcedad en los mismos u ocho (8) a\u00f1os de antig\u00fcedad docente en el Nivel y\/o modalidad y\/u orientaci\u00f3n a la que pertenezcan, de los cuales por lo menos (1) un a\u00f1o de antig\u00fcedad deber\u00e1 corresponder a la instituci\u00f3n educativa a la que pertenezca el\/los cargo\/s u horas c\u00e1tedra que pretenden titularizar.<\/p>\n<p>2.4. Sin t\u00edtulo valorable para el\/los cargo\/s u horas c\u00e1tedra a titularizar: seis (06) a\u00f1os de antig\u00fcedad en los mismos o diez (10) a\u00f1os de antig\u00fcedad docente en el Nivel y\/o modalidad y\/u orientaci\u00f3n a la que pertenezca el\/los cargo\/s u horas c\u00e1tedra que pretenden titularizar.<\/p>\n<p>3. A los efectos del c\u00f3mputo de antig\u00fcedad requerido en funci\u00f3n de la calificaci\u00f3n de los t\u00edtulos para la titularizaci\u00f3n, se considerar\u00e1 la fecha de alta por designaci\u00f3n del docente encado uno de el\/los cargo\/s u horas c\u00e1tedra de origen a titularizar.<\/p>\n<p>4. Concepto Profesional<\/p>\n<p>4.1. Los docentes deber\u00e1n acreditar concepto profesional no inferior a Muy Bueno, de acuerdo a su titulaci\u00f3n, conforme al siguiente detalle:<\/p>\n<ul>\n<li>Para T\u00edtulo Docente se requerir\u00e1 los dos (2) \u00faltimos a\u00f1os en el que se acredite situaci\u00f3n activa.<\/li>\n<li>Para T\u00edtulo Habilitante y Supletorio los tres (3) \u00faltimos a\u00f1os en el que acredite situaci\u00f3n activa.<\/li>\n<li>Para Sin T\u00edtulo Valorable los cuatro (4) \u00faltimos a\u00f1os en el que acredite situaci\u00f3n activa. En todos los casos los conceptos deber\u00e1n ser no inferior a Muy Bueno y correspondientes a la Instituci\u00f3n Educativa, en el\/los cargo\/s u horas c\u00e1tedra en la que pretende titularizar, en la medida quela prestaci\u00f3n en la Instituci\u00f3n lo permita. Los conceptos correspondientes al ciclo lectivo 2020, deber\u00e1 elaborarse conforme la Resoluci\u00f3n N\u00b0 0010-ME-2021.<\/li>\n<\/ul>\n<p>4.2. Los docentes que se hubiesen encontrado en uso de licencia por desempe\u00f1o de cargo electivo o de representaci\u00f3n pol\u00edtica, de cargo gremial o por asuntos gremiales o por desempe\u00f1ar funciones o con licencia para cumplir funciones como miembros de Junta de Clasificaci\u00f3n Docente o en Comisi\u00f3n de Servicio para cumplir funciones docentes en esos u otros organismos, y que por estas razones no pudiesen acreditar los conceptos profesionales requeridos, deber\u00e1n presentar los conceptos exigidos por el apartado 4.1, correspondientes a los \u00faltimos a\u00f1os en el que hubieran sido calificados. En todos los casos se deber\u00e1 acreditar esta situaci\u00f3n con el instrumento legal correspondiente.<\/p>\n<p>4.3. Los docentes que se hubiesen encontrado en uso de licencia por cargo de mayor jerarqu\u00eda, por mayor remuneraci\u00f3n presupuestaria o en Comisi\u00f3n de Servicios para cumplir funciones como Coordinador de Ciclo B\u00e1sico (ex Bloques de EGB 3), y que por estas razones no pudiesen acreditar concepto profesional, correspondiente al\/los cargo\/s u hora\/s c\u00e1tedra, deber\u00e1n presentar el concepto del \u00faltimo a\u00f1o en que hubiesen sido calificados en el\/los cargo\/s u horas c\u00e1tedra que pretenden titularizar, complement\u00e1ndolos con los exigidos en el apartado 4. 1.<\/p>\n<p>5. Acreditar al momento de iniciar el tr\u00e1mite de Titularizaci\u00f3n:<\/p>\n<p>5.1 Buena Conducta por medio de la presentaci\u00f3n del Certificado de Antecedentes y Planilla Prontuarial expedidos por la autoridad provincial, o en su defecto la acreditaci\u00f3n del turno ante el organismo correspondiente.<\/p>\n<p>5.2. Buena Salud Psico-f\u00edsica y Psico-T\u00e9cnica por medio de Cartilla Sanitaria expedida por autoridad oficial competente u Organismo o Instituci\u00f3n reconocida oficialmente, o en su defecto la acreditaci\u00f3n del turno ante el organismo correspondiente.<\/p>\n<p>5.3. Encontrarse encuadrado en los l\u00edmites de acumulaci\u00f3n e incompatibilidades contemplados en el Decreto Acuerdo N\u00b0 27-1994-H y sus modificatorias.<\/p>\n<p>5.4. No haber cesado con posterioridad al 31 de diciembre de 2020 en las horas c\u00e1tedra y\/o cargo\/sa titularizar por renuncia, jubilaci\u00f3n, por cierre curso, por cambio de plan de estudio, fallecimiento o cesant\u00eda o exoneraci\u00f3n.<\/p>\n<p><strong><span style=\"color: #ff6600;\">Documentaci\u00f3n requerida<\/span><\/strong><\/p>\n<p>Tiene que entregarse en carpeta oficio con espiral, la siguiente documentaci\u00f3n:<\/p>\n<ol>\n<li>Copia legalizada del DNI cara y reverso<\/li>\n<li>Cartilla Sanitaria Psico-F\u00edsico y Psico-T\u00e9cnico<\/li>\n<li>Certificado de Antecedentes y Planilla Prontuarial<\/li>\n<li>Declaraci\u00f3n Jurada de Horas C\u00e1tedra y\/o Cargos actualizada<\/li>\n<li>Foja de Servicios expedida por Divisi\u00f3n Personal<\/li>\n<li>Instrumentos Legales y T\u00edtulo debidamente registrado y legalizado, que acrediten la designaci\u00f3n en las horas c\u00e1tedra y\/o cargo a titularizar<\/li>\n<li>Concepto Profesional Docente<\/li>\n<li>Solicitud de Iniciaci\u00f3n de tr\u00e1mite de Titularizaci\u00f3n (Anexo II)<\/li>\n<li>Solicitud de Reubicaci\u00f3n de Horas excedentes y\/o en disponibilidad (Anexo III) &#8211; S\u00f3lo en el caso de poseer horas c\u00e1tedra Excedentes y\/o en Disponibilidad<\/li>\n<li>Planilla (Anexo IV) &#8211; S\u00f3lo en el caso de poseer horas c\u00e1tedra Excedentes y\/o en Disponibilidad<\/li>\n<li>Solicitud de Reubicaci\u00f3n (Anexo V) &#8211; S\u00f3lo en el caso de poseer horas c\u00e1tedra Excedentes y\/o en Disponibilidad<\/li>\n<li>Solicitud de Titularizaci\u00f3n Horas C\u00e1tedra (Anexo VI)<\/li>\n<li>Solicitud de Titularizaci\u00f3n Cargos (Anexo VII)<\/li>\n<li>Copia legalizada de la Actuaci\u00f3n, con N\u00b0 de Expediente, del Cambio de Situaci\u00f3n de Revista y de la Resoluci\u00f3n de baja del agente reemplazado, para los docentes alcanzados por el Art\u00edculo 3\u00b0 del Decreto N\u00b0 0197-ME-2021.<\/li>\n<\/ol>\n<p><strong><span style=\"color: #ff6600;\">Consideraciones a tener en cuenta<\/span><\/strong><\/p>\n<ol>\n<li>a) La recepci\u00f3n de las carpetas se realizara de lunes a viernes en horario de 14 a 18 horas, bajo estricto protocolo sanitario. El turno ser\u00e1 otorgado para cada docente, a trav\u00e9s de www.sanjuan.gob.ar<\/li>\n<li><strong>b) <\/strong>No se recibir\u00e1n carpetas en las que falte de documentaci\u00f3n en la carpeta<\/li>\n<li>c) Se recuerda que tanto la Cartilla Sanitaria Psico-F\u00edsica como la Psico-T\u00e9cnica son de car\u00e1cter obligatorio.<\/li>\n<li>d) Todos los anexos a presentar por el docente dentro de la carpeta, deben estar completados con letra clara y legible, sin raspados, tachaduras, ni enmiendas.<\/li>\n<li>e) Los anexos V, VI y VII deben estar verificados por la autoridad escolar de la instituci\u00f3n a la que pertenecen las horas y\/o cargo que se pretende titularizar.<\/li>\n<li>f) En el caso que los docentes hayan iniciado expediente de Titularizaci\u00f3n, conforme al Decreto N\u00b0 0197-ME-2021, en otras Direcciones de \u00c1rea, podr\u00e1n presentar copia legalizada de la Cartilla Sanitaria Psico-F\u00edsico y Psico-T\u00e9cnico y del Certificado de Antecedentes y Planilla Prontuarial, debiendo indicar N\u00b0 de tr\u00e1mite y\/o N\u00b0 de Expediente donde se encuentre incluida la mencionada documentaci\u00f3n en original<\/li>\n<li>g) Se considera examen psicot\u00e9cnico: a una bater\u00eda de pruebas proyectivas acompa\u00f1adas de entrevistas profesionales de car\u00e1cter psicol\u00f3gico, cuyo objetivo es evaluar caracter\u00edsticas espec\u00edficas de la personalidad destinadas a perfiles laborales solicitados o funciones especificas a desempe\u00f1ar en puestos laborales. Las pruebas psicot\u00e9cnicas son test funcionales que miden capacidades y aptitudes intelectuales y profesionales de diversa \u00edndole, como memoria verbal y visual, aptitudes num\u00e9ricas, de ling\u00fc\u00edstica, de conocimiento profesional al igual que rasgos de personalidad, intereses y\/o valores personales. Se requiere para emitir un Informe T\u00e9cnico Profesional de al menos dos jornadas de entrevistas individuales. Examen psico-f\u00edsico: Es un examen para evaluar la salud psicof\u00edsica de una persona, que avala la capacidad mental y f\u00edsica de una persona de realizar determinadas actividades. Incluye diversas evaluaciones tales como examen visual, auditivo, m\u00e9dico y psicol\u00f3gico. En la evaluaci\u00f3n psicol\u00f3gica se eval\u00faan antecedentes personales, indicadores de ansiedad y agresividad, v\u00ednculos afectivos y emocionales,conducta, memoria y orientaci\u00f3n temporo-especial.<\/li>\n<li>H) Para una mejor organizaci\u00f3n los Sres. Secretarios deber\u00e1n orientar y supervisar la documentaci\u00f3n a presentar por los docentes de su instituci\u00f3n, as\u00ed como tambi\u00e9n deber\u00e1n salvar dudas y consultas que los mismos requieran.<\/li>\n<\/ol>\n<p><span style=\"color: #ff6600;\"><strong>A tal fin se les solicita:<\/strong><\/span><\/p>\n<p>1\u00ba) Confeccionar un listado de los docentes con cargos y\/u horas c\u00e1tedra pertenecientes a su instituci\u00f3n que se encuentren en condiciones de titularizar de acuerdo a los requisitos indicados en el punto 3).<\/p>\n<p>2\u00ba) Confeccionar un listado de los docentes con cargos y\/u horas c\u00e1tedra pertenecientes a su instituci\u00f3n por el\/las que hayan iniciado expediente de Titularizaci\u00f3n por Permanencia.<\/p>\n<p>3\u00ba) Actualizar Certificaci\u00f3n de Servicios con N\u00b0 de resoluciones de designaci\u00f3n, licencias, bajas, reubicaciones y\/o Cambios de Situaci\u00f3n de Revista, a los efectos de que los docentes puedan acudir a Divisi\u00f3n Personal de este Ministerio y solicitar Foja de Servicios Actualizada para adjuntar al expediente de Titularizaci\u00f3n.<\/p>\n<p>4\u00ba) Comunicar a los docentes en condiciones de titularizar, los requisitos y documentaci\u00f3n necesarios para acceder al mencionado proceso.<\/p>\n<p>&nbsp;<\/p>\n<p>&nbsp;<\/p>\n","protected":false},"excerpt":{"rendered":"<p>La Direcci\u00f3n de \u00c1rea de Educaci\u00f3n Secundaria T\u00e9cnica y Formaci\u00f3n Profesional del Ministerio de Educaci\u00f3n del Gobierno de San Juan<\/p>\n","protected":false},"author":3,"featured_media":28629,"comment_status":"closed","ping_status":"closed","sticky":false,"template":"","format":"standard","meta":{"_acf_changed":false,"_seopress_robots_primary_cat":"none","_seopress_titles_title":"","_seopress_titles_desc":"","_seopress_robots_index":"","colormag_page_container_layout":"default_layout","colormag_page_sidebar_layout":"default_layout","footnotes":""},"categories":[5],"tags":[],"class_list":["post-37528","post","type-post","status-publish","format-standard","has-post-thumbnail","hentry","category-ofrecimientos"],"acf":[],"_links":{"self":[{"href":"https:\/\/vocesparalelas.com.ar\/sitio\/wp-json\/wp\/v2\/posts\/37528","targetHints":{"allow":["GET"]}}],"collection":[{"href":"https:\/\/vocesparalelas.com.ar\/sitio\/wp-json\/wp\/v2\/posts"}],"about":[{"href":"https:\/\/vocesparalelas.com.ar\/sitio\/wp-json\/wp\/v2\/types\/post"}],"author":[{"embeddable":true,"href":"https:\/\/vocesparalelas.com.ar\/sitio\/wp-json\/wp\/v2\/users\/3"}],"replies":[{"embeddable":true,"href":"https:\/\/vocesparalelas.com.ar\/sitio\/wp-json\/wp\/v2\/comments?post=37528"}],"version-history":[{"count":1,"href":"https:\/\/vocesparalelas.com.ar\/sitio\/wp-json\/wp\/v2\/posts\/37528\/revisions"}],"predecessor-version":[{"id":37530,"href":"https:\/\/vocesparalelas.com.ar\/sitio\/wp-json\/wp\/v2\/posts\/37528\/revisions\/37530"}],"wp:featuredmedia":[{"embeddable":true,"href":"https:\/\/vocesparalelas.com.ar\/sitio\/wp-json\/wp\/v2\/media\/28629"}],"wp:attachment":[{"href":"https:\/\/vocesparalelas.com.ar\/sitio\/wp-json\/wp\/v2\/media?parent=37528"}],"wp:term":[{"taxonomy":"category","embeddable":true,"href":"https:\/\/vocesparalelas.com.ar\/sitio\/wp-json\/wp\/v2\/categories?post=37528"},{"taxonomy":"post_tag","embeddable":true,"href":"https:\/\/vocesparalelas.com.ar\/sitio\/wp-json\/wp\/v2\/tags?post=37528"}],"curies":[{"name":"wp","href":"https:\/\/api.w.org\/{rel}","templated":true}]}}