{"id":37523,"date":"2021-05-06T21:02:36","date_gmt":"2021-05-07T00:02:36","guid":{"rendered":"http:\/\/vocesparalelas.com.ar\/sitio\/?p=37523"},"modified":"2021-05-08T12:30:03","modified_gmt":"2021-05-08T15:30:03","slug":"nuevo-horario-de-atencion-presencial-en-rentas","status":"publish","type":"post","link":"https:\/\/vocesparalelas.com.ar\/sitio\/nuevo-horario-de-atencion-presencial-en-rentas\/","title":{"rendered":"Nuevo horario de atenci\u00f3n presencial en Rentas"},"content":{"rendered":"<p>En virtud de las medidas sanitarias para contener el COVID-19 establecidas por el Gobierno de San Juan, a partir del martes 4 y hasta nuevas disposiciones el horario de atenci\u00f3n al p\u00fablico para tr\u00e1mites estrictamente presenciales en la Direcci\u00f3n General de Rentas, ser\u00e1 de 8:45 a 12:45 y de 14:45 a 18:45.<\/p>\n<p>Asimismo recuerdan que la atenci\u00f3n es siempre con turno web. El mismo se obtiene en <a href=\"http:\/\/www.rentas.dgrsj.gob.ar\/\">www.rentas.dgrsj.gob.ar<\/a><\/p>\n<p>Finalmente, se recomienda tener en cuenta que la mayor\u00eda de los tr\u00e1mites pueden realizarse en desde la misma web. Tambi\u00e9n, para consultas, est\u00e1n activas las v\u00edas de comunicaci\u00f3n por whatsapp a los n\u00fameros 264-5815873\/4159480 en horario de 8:30 a 15 y por tel\u00e9fono al 0800-333-4775<\/p>\n<p>Evitemos concurrir a los edificios p\u00fablicos, todos somos responsables de cuidar el estatus sanitario de nuestra provincia.<\/p>\n<p>&nbsp;<\/p>\n<p>&nbsp;<\/p>\n<p>&nbsp;<\/p>\n","protected":false},"excerpt":{"rendered":"<p>En virtud de las medidas sanitarias para contener el COVID-19 establecidas por el Gobierno de San Juan, a partir del<\/p>\n","protected":false},"author":3,"featured_media":34375,"comment_status":"closed","ping_status":"closed","sticky":false,"template":"","format":"standard","meta":{"_acf_changed":false,"_seopress_robots_primary_cat":"none","_seopress_titles_title":"","_seopress_titles_desc":"","_seopress_robots_index":"","colormag_page_container_layout":"default_layout","colormag_page_sidebar_layout":"default_layout","footnotes":""},"categories":[10],"tags":[],"class_list":["post-37523","post","type-post","status-publish","format-standard","has-post-thumbnail","hentry","category-opiniones"],"acf":[],"_links":{"self":[{"href":"https:\/\/vocesparalelas.com.ar\/sitio\/wp-json\/wp\/v2\/posts\/37523","targetHints":{"allow":["GET"]}}],"collection":[{"href":"https:\/\/vocesparalelas.com.ar\/sitio\/wp-json\/wp\/v2\/posts"}],"about":[{"href":"https:\/\/vocesparalelas.com.ar\/sitio\/wp-json\/wp\/v2\/types\/post"}],"author":[{"embeddable":true,"href":"https:\/\/vocesparalelas.com.ar\/sitio\/wp-json\/wp\/v2\/users\/3"}],"replies":[{"embeddable":true,"href":"https:\/\/vocesparalelas.com.ar\/sitio\/wp-json\/wp\/v2\/comments?post=37523"}],"version-history":[{"count":1,"href":"https:\/\/vocesparalelas.com.ar\/sitio\/wp-json\/wp\/v2\/posts\/37523\/revisions"}],"predecessor-version":[{"id":37525,"href":"https:\/\/vocesparalelas.com.ar\/sitio\/wp-json\/wp\/v2\/posts\/37523\/revisions\/37525"}],"wp:featuredmedia":[{"embeddable":true,"href":"https:\/\/vocesparalelas.com.ar\/sitio\/wp-json\/wp\/v2\/media\/34375"}],"wp:attachment":[{"href":"https:\/\/vocesparalelas.com.ar\/sitio\/wp-json\/wp\/v2\/media?parent=37523"}],"wp:term":[{"taxonomy":"category","embeddable":true,"href":"https:\/\/vocesparalelas.com.ar\/sitio\/wp-json\/wp\/v2\/categories?post=37523"},{"taxonomy":"post_tag","embeddable":true,"href":"https:\/\/vocesparalelas.com.ar\/sitio\/wp-json\/wp\/v2\/tags?post=37523"}],"curies":[{"name":"wp","href":"https:\/\/api.w.org\/{rel}","templated":true}]}}