{"id":37516,"date":"2021-05-06T00:19:29","date_gmt":"2021-05-06T03:19:29","guid":{"rendered":"http:\/\/vocesparalelas.com.ar\/sitio\/?p=37516"},"modified":"2021-05-06T00:19:29","modified_gmt":"2021-05-06T03:19:29","slug":"el-ministro-de-educacion-de-la-nacion-dr-nicolas-trotta-llega-a-san-juan","status":"publish","type":"post","link":"https:\/\/vocesparalelas.com.ar\/sitio\/el-ministro-de-educacion-de-la-nacion-dr-nicolas-trotta-llega-a-san-juan\/","title":{"rendered":"El Ministro de Educaci\u00f3n de la Naci\u00f3n, Dr. Nicol\u00e1s Trotta llega a San Juan"},"content":{"rendered":"<p>El Ministro de Educaci\u00f3n de la Naci\u00f3n, Dr. Nicol\u00e1s Trotta; el Gobernador, Dr. Sergio U\u00f1ac y el Ministro de Educaci\u00f3n, Lic. Felipe De Los R\u00edos inauguran la Escuela T\u00e9cnica de Capacitaci\u00f3n Laboral \u00abLuis \u00c1ngel Noussan\u00bb, de la Localidad Campo Afuera, Departamento Albard\u00f3n.<\/p>\n<p>Luego, en Casa de Gobierno van a firmar distintos convenios entre San Juan y el Ministerio de Educaci\u00f3n de la Naci\u00f3n.<\/p>\n<p>&nbsp;<\/p>\n<p>&nbsp;<\/p>\n","protected":false},"excerpt":{"rendered":"<p>El Ministro de Educaci\u00f3n de la Naci\u00f3n, Dr. Nicol\u00e1s Trotta; el Gobernador, Dr. Sergio U\u00f1ac y el Ministro de Educaci\u00f3n,<\/p>\n","protected":false},"author":3,"featured_media":32849,"comment_status":"closed","ping_status":"closed","sticky":false,"template":"","format":"standard","meta":{"_acf_changed":false,"_seopress_robots_primary_cat":"none","_seopress_titles_title":"","_seopress_titles_desc":"","_seopress_robots_index":"","colormag_page_container_layout":"default_layout","colormag_page_sidebar_layout":"default_layout","footnotes":""},"categories":[1],"tags":[],"class_list":["post-37516","post","type-post","status-publish","format-standard","has-post-thumbnail","hentry","category-destacadas"],"acf":[],"_links":{"self":[{"href":"https:\/\/vocesparalelas.com.ar\/sitio\/wp-json\/wp\/v2\/posts\/37516","targetHints":{"allow":["GET"]}}],"collection":[{"href":"https:\/\/vocesparalelas.com.ar\/sitio\/wp-json\/wp\/v2\/posts"}],"about":[{"href":"https:\/\/vocesparalelas.com.ar\/sitio\/wp-json\/wp\/v2\/types\/post"}],"author":[{"embeddable":true,"href":"https:\/\/vocesparalelas.com.ar\/sitio\/wp-json\/wp\/v2\/users\/3"}],"replies":[{"embeddable":true,"href":"https:\/\/vocesparalelas.com.ar\/sitio\/wp-json\/wp\/v2\/comments?post=37516"}],"version-history":[{"count":1,"href":"https:\/\/vocesparalelas.com.ar\/sitio\/wp-json\/wp\/v2\/posts\/37516\/revisions"}],"predecessor-version":[{"id":37518,"href":"https:\/\/vocesparalelas.com.ar\/sitio\/wp-json\/wp\/v2\/posts\/37516\/revisions\/37518"}],"wp:featuredmedia":[{"embeddable":true,"href":"https:\/\/vocesparalelas.com.ar\/sitio\/wp-json\/wp\/v2\/media\/32849"}],"wp:attachment":[{"href":"https:\/\/vocesparalelas.com.ar\/sitio\/wp-json\/wp\/v2\/media?parent=37516"}],"wp:term":[{"taxonomy":"category","embeddable":true,"href":"https:\/\/vocesparalelas.com.ar\/sitio\/wp-json\/wp\/v2\/categories?post=37516"},{"taxonomy":"post_tag","embeddable":true,"href":"https:\/\/vocesparalelas.com.ar\/sitio\/wp-json\/wp\/v2\/tags?post=37516"}],"curies":[{"name":"wp","href":"https:\/\/api.w.org\/{rel}","templated":true}]}}