{"id":37511,"date":"2021-05-05T23:19:30","date_gmt":"2021-05-06T02:19:30","guid":{"rendered":"http:\/\/vocesparalelas.com.ar\/sitio\/?p=37511"},"modified":"2021-05-05T23:19:30","modified_gmt":"2021-05-06T02:19:30","slug":"se-desarrolla-la-tercera-sesion-del-periodo-ordinario-de-la-camara-de-diputados-de-san-juan","status":"publish","type":"post","link":"https:\/\/vocesparalelas.com.ar\/sitio\/se-desarrolla-la-tercera-sesion-del-periodo-ordinario-de-la-camara-de-diputados-de-san-juan\/","title":{"rendered":"Se desarrolla la Tercera Sesi\u00f3n del per\u00edodo ordinario de la C\u00e1mara de Diputados de San Juan"},"content":{"rendered":"<div class=\"itemFullText jbintrotext\">\n<p>El Jueves, 6 de Mayo, la C\u00e1mara de Diputados celebrar\u00e1, a partir de las 9.30 hs., la Tercera Sesi\u00f3n del per\u00edodo ordinario 2021. En la ocasi\u00f3n, abordar\u00e1 el tratamiento de diez Mensajes y proyectos de Ley remitidos por el Poder Ejecutivo referidos a la ratificaci\u00f3n que deber\u00e1 formular el cuerpo parlamentario respecto resoluciones del Instituto Provincial de Exploraciones y Explotaciones Mineras (I.P.E.E.M.) que acepta las ofertas de trabajo y econ\u00f3mica por un lado, de la empresa Golden Mining S.A. para la exploraci\u00f3n de la manifestaci\u00f3n de descubrimiento denominada AYEN, en el departamento Ullum y, por el otro, por parte de la empresa Aurora Mining S.A. por el proyecto Santa B\u00e1rbara, ubicado en el departamento Calingasta.<\/p>\n<\/div>\n<div class=\"itemFullText\">\n<p>Asimismo,\u00a0 considerar\u00e1 la adhesi\u00f3n a la Ley Nacional sobre Sitios de Memoria y la ratificaci\u00f3n de diversos convenios vinculados a Programas y l\u00edneas de cr\u00e9ditos para mitigar los efectos negativos de la Pandemia; la construcci\u00f3n de la Estaci\u00f3n Central de Transbordo en Avenida C\u00f3rdoba de la Red Tulum; obras de refacci\u00f3n en la Delegaci\u00f3n San Juan de la Direcci\u00f3n Nacional de Migraciones; acciones para el desarrollo sustentable del ambiente en los Altos Valles Andinos; transferencias a la Provincia de las acreencias liquidadas en el marco de la compensaci\u00f3n establecida en Articulo N\u00b0 125 de la Ley N\u00b0 27.467; y adem\u00e1s, un acuerdo entre el municipio de Rawson y el Ministerio de Ambiente para realizar visitas al Centro Anchipurac.<\/p>\n<p>Por \u00faltimo, sobre tablas considerar\u00e1 la adhesi\u00f3n a medidas sanitarias por COVID-19 seg\u00fan la sanci\u00f3n de la Ley de Necesidad y Urgencia N\u00ba2220-P con el fin de mitigar en forma temprana los contagios por COVID-19.<\/p>\n<p>Por otro lado, ingresar\u00e1 para el estudio y an\u00e1lisis en comisiones tres proyectos de Ley remitidos por el Ejecutivo, y once de autor\u00eda de los distintos diputados y diputadas que conforman el Poder Legislativo.<\/p>\n<p><span style=\"color: #800080;\"><strong>Proyecto de exploraci\u00f3n minera en Ullum<\/strong><\/span><\/p>\n<p>Con despacho favorable de las respectivas comisiones, el cuerpo parlamentario deber\u00e1 decidir si otorga acuerdo al proyecto de Ley enviado por el Poder Ejecutivo, mediante Mensaje N\u00ba 43, que propone la aprobaci\u00f3n en todas sus partes de la Resoluci\u00f3n N\u00b0 054-IPEEM-2021 de fecha 12 de marzo del 2021, por la cual el Instituto Provincial de Exploraciones y Explotaciones Mineras (I.P.E.E.M.) acepta la oferta de trabajo y econ\u00f3mica efectuada por la empresa GOLDEN MINING S.A. para la exploraci\u00f3n de la manifestaci\u00f3n de descubrimiento denominada \u00abAYEN\u00bb , ubicada en el departamento Ullum.<\/p>\n<p><span style=\"color: #800080;\"><strong>Proyecto de exploraci\u00f3n minera en Calingasta<\/strong><\/span><\/p>\n<p>Posteriormente, considerar\u00e1 el proyecto de Ley remitido por el Poder Ejecutivo, mediante Mensaje N\u00ba 44, que propone aprobar en todas sus partes la Resoluci\u00f3n N\u00b0 007-IPEEM-2021, por la cual el Instituto Provincial de Exploraciones y Explotaciones Mineras (I.P.E.E.M.), acepta la oferta de trabajo y econ\u00f3mica efectuada por la empresa AURORA MINING S.A. por el Proyecto Santa B\u00e1rbara ubicado en el departamento Calingasta.<\/p>\n<p><span style=\"color: #800080;\"><strong>Adhesi\u00f3n a la Ley Nacional sobre Sitios de Memoria<\/strong><\/span><\/p>\n<p>Luego, la C\u00e1mara debatir\u00e1 el proyecto de Ley remitido por el Poder Ejecutivo, mediante Mensaje N\u00ba 32, que propone la adhesi\u00f3n a la Ley Nacional N\u00b0 26.691, sobre Declaraci\u00f3n de Sitios de Memoria del Terrorismo de Estado.<\/p>\n<p>Cabe se\u00f1alar que en el art\u00edculo 8\u00b0 de la norma antes citada, \u00e9sta invita a las provincias a adherir con el fin de \u201cabrir paso a la reconstrucci\u00f3n del pasado y en un s\u00edmbolo de lo que nunca m\u00e1s debe repetirse en el pa\u00eds\u201d. Adem\u00e1s, la ley nacional dispone que la autoridad de aplicaci\u00f3n de la norma es la Secretar\u00eda de Derechos Humanos dependiente del Ministerio de Justicia y Derechos Humanos. Entre las facultades previstas en el art\u00edculo 5\u00b0, su inciso b), establece el deber de coordinar con las provincias la creaci\u00f3n de entes con autonom\u00eda funcional y autarqu\u00eda financiera para asegurar la preservaci\u00f3n de los lugares que funcionaron como sitios de detenci\u00f3n. Fuera de esta obligaci\u00f3n, las dem\u00e1s actividades que realiza la autoridad de aplicaci\u00f3n de la ley nacional, las realizar\u00e1 en coordinaci\u00f3n con el organismo encargado de la promoci\u00f3n y defensa de los Derechos Humanos en cada provincia, es decir, que en San Juan se realizar\u00eda a trav\u00e9s del Ministerio de Gobierno, Secretar\u00eda de Justicia y Derechos humanos.<\/p>\n<p><span style=\"color: #800080;\"><strong>Programas y l\u00edneas de cr\u00e9ditos para mitigar los efectos negativos de la Pandemia<\/strong><\/span><\/p>\n<p>M\u00e1s tarde, el cuerpo legislativo deber\u00e1 definir si otorga acuerdo al proyecto de Ley presentado por el Poder Ejecutivo mediante Mensaje N\u00ba 163 por el que ratifica los Convenios \u00abPrograma de Reactivaci\u00f3n del Sector Productivo &#8211; Bonificaci\u00f3n de Tasa de Inter\u00e9s\u00bb, \u00abFinanciamiento de Capital de Trabajo \u2014 Descuento de Cheques\u00bb, e \u00abIncentivo al Consumo y Reactivaci\u00f3n Econ\u00f3mica en Comercios\u00bb, suscriptos entre el Gobierno de la provincia de San Juan y el Banco de San Juan S.A.<\/p>\n<p>El objeto de la firma de estos acuerdos es mitigar la negativa situaci\u00f3n econ\u00f3mica y social como consecuencia del contexto de emergencia sanitaria por la pandemia, que motiv\u00f3 el dictado del Decreto Nacional N\u00b0297\/2020, al que la provincia de San Juan adhiri\u00f3 mediante Decreto N\u00b00441-MG-20 de fecha 20 de marzo de 2020, pr\u00f3rrogas subsiguientes, Decreto N\u00b0 520\/2020 y dem\u00e1s normativa vigente y medidas tornadas a fin de evitar la propagaci\u00f3n del virus COVID-19.<\/p>\n<p>Frente a esta situaci\u00f3n, la provincia decide asumir, como medida tendiente a mitigar tales consecuencias, una bonificaci\u00f3n de la tasa de inter\u00e9s de los cr\u00e9ditos que el Banco otorgue en el marco de la L\u00ednea de Cr\u00e9ditos \u00abPrograma de Reactivaci\u00f3n del Sector Productivo &#8211; Bonificaci\u00f3n de Tasa de Inter\u00e9s\u00bb, por la suma de Doscientos\u00a0 Millones\u00a0 de pesos ($ 200.000.000,00), a MiPyMES que desarrollan su actividad en la provincia de San Juan en los sectores Agroindustrial, Industrial, de Servicios Industriales y Comerciales. En este sentido, el Banco de San Juan ser\u00e1 el agente financiero de la provincia en vistas de apoyar el desarrollo de las MiPyMES en el contexto actual,\u00a0 que entiende conveniente sumar esfuerzos con la provincia para la implementaci\u00f3n de esta L\u00ednea de Cr\u00e9dito.<\/p>\n<p>Adem\u00e1s, la provincia decide firmar un Acta Acuerdo con el Ministerio de Desarrollo Productivo de la Naci\u00f3n en relaci\u00f3n a esta l\u00ednea de cr\u00e9dito, en virtud del cual y en el marco del \u00abPrograma Global de Cr\u00e9dito para la Reactivaci\u00f3n del Sector Productivo\u00bb, cuya implementaci\u00f3n est\u00e1 a cargo de ese Ministerio de la Naci\u00f3n con recursos provenientes del Banco Interamericano de Desarrollo (BID), el \u00abFondo Nacional de Desarrollo Productivo \u2014FONDEP-\u00bb ha comprometido tambi\u00e9n subsidiar puntos de la tasa de inter\u00e9s de los cr\u00e9ditos a otorgar por el Banco San Juan. Asimismo, el FOGAR ha comprometido su participaci\u00f3n estableciendo un r\u00e9gimen de garant\u00edas para los pr\u00e9stamos que se otorguen en el marco del programa antes mencionado.<\/p>\n<p>Por otra parte, la provincia decide implementar la l\u00ednea \u00abFinanciamiento de Capital de Trabajo \u2014 Descuento de Cheques\u00bb, un mecanismo de bonificaci\u00f3n de la tasa de inter\u00e9s en los cr\u00e9ditos que sean otorgados por el Banco San Juan a MIPYMES que desarrollen una actividad productiva en la provincia, de acuerdo a su capacidad prestable, a trav\u00e9s del financiamiento del capital de trabajo, mediante el descuento de cheques de pago diferido de terceros. El monto total de la l\u00ednea es de Trescientos Millones Pesos ($300.000.000), renovable. Este monto es el m\u00e1ximo y no podr\u00e1 superarse, pero el Banco, en la medida que se vayan cancelando las financiaciones otorgadas, podr\u00e1 renovarlo en forma permanente durante todo el tiempo de vigencia de la L\u00ednea.<\/p>\n<p>Por \u00faltimo, la provincia decide implementar un mecanismo que incentive el movimiento y reactivaci\u00f3n econ\u00f3mica en los Comercios de San Juan, a trav\u00e9s del \u00abIncentivo al Consumo y Reactivaci\u00f3n Econ\u00f3mica en Comercios\u00bb, con la cooperaci\u00f3n del Banco San Juan como Agente Financiero de la provincia de San Juan. La propuesta consiste en bonificar un porcentaje del precio de los consumos que efect\u00faen los titulares de Tarjetas de Cr\u00e9dito emitidas por dicha entidad bancaria, con un tope m\u00e1ximo mensual, en los comercios situados y que presten sus servicios en la provincia, y que se encuentren adheridos a la instituci\u00f3n bancara para acreditaci\u00f3n de los cupones de Tarjeta de Cr\u00e9dito, conforme a los par\u00e1metros establecidos en el Convenio.<\/p>\n<p><span style=\"color: #800080;\"><strong>Red Tulum: Estaci\u00f3n Central de Transbordo en Avenida C\u00f3rdoba<\/strong><\/span><\/p>\n<p>Asimismo, el cuerpo abordar\u00e1 el tratamiento de un Mensaje y proyecto de Ley remitido por el Poder Ejecutivo que propone la ratificaci\u00f3n del convenio firmado entre la provincia y el Ministerio de Transporte de la Naci\u00f3n, referido a la realizaci\u00f3n de mejoras de infraestructura en el marco del Sistema de Transporte P\u00fablico de Pasajeros denominado \u201cRedTulum\u201d.\u00a0 En concreto este acuerdo apunta a la construcci\u00f3n del Centro de Transbordo en avenida C\u00f3rdoba, prevista en el eje ferro-urban\u00edstico de la Ciudad de San Juan y para ello la Naci\u00f3n aportar\u00e1 alrededor de 190 millones de pesos.<\/p>\n<p><span style=\"color: #800080;\"><strong>Convenio entre Rawson y Ambiente para realizar visitas a Anchipurac<\/strong><\/span><\/p>\n<p>Tambi\u00e9n,\u00a0 los legisladores y legisladoras deber\u00e1n tratar el Proyecto de Ley remitido por el Poder Ejecutivo, mediante Mensaje N\u00ba 9, que propone aprobar el convenio Colaboraci\u00f3n y Cooperaci\u00f3n suscripto el 24 de noviembre de 2020\u00a0 entre la Secretaria de Estado de Ambiente y Desarrollo Sustentable, y el Municipio de Rawson.<\/p>\n<p>Este acuerdo tiene como objeto que las instituciones que el Municipio de Rawson disponga, puedan vivir y conocer la experiencia Anchipurac, el Parque de la Biodiversidad, y las \u00c1reas Protegidas de San Juan.<\/p>\n<p><span style=\"color: #800080;\"><strong>Refacciones en la Delegaci\u00f3n San Juan de la Direcci\u00f3n Nacional de Migraciones<\/strong><\/span><\/p>\n<p>Despu\u00e9s, la C\u00e1mara deber\u00e1 decidir si otorga acuerdo al proyecto de Ley remitido por el Poder Ejecutivo, mediante el Mensaje N\u00ba 15, que propone aprobar el convenio Marco de Colaboraci\u00f3n, suscripto el 19 de octubre de 2020, entre el Ministerio de Obras y Servicios P\u00fablicos del Gobierno de la provincia de San Juan y la Direcci\u00f3n Nacional de Migraciones. El objeto de este acuerdo consiste en aunar esfuerzos para el eficaz desarrollo de la Delegaci\u00f3n San Juan de la Direcci\u00f3n Nacional de Migraciones, en el edificio de su propiedad, a fin de llevar adelante mejoras y refacciones y generar mayor accesibilidad para el uso y goce de las instalaciones para el control migratorio y atenci\u00f3n al p\u00fablico.<\/p>\n<p>Cabe se\u00f1alar que el Ministerio de Obras y Servicios P\u00fablicos arbitrar\u00e1 el Convenio a trav\u00e9s de la Secretaria de Obras Publicas y la Direcci\u00f3n Nacional de Migraciones Delegaci\u00f3n San Juan, organismo descentralizado actuante en la \u00f3rbita del Ministro del Interior, quien resulta ser la autoridad de aplicaci\u00f3n de la Ley N\u00b0 25.871.<\/p>\n<p><span style=\"color: #800080;\"><strong>Desarrollo sustentable del ambiente en los Altos Valles Andinos<\/strong><\/span><\/p>\n<p>Por otro lado, los legisladores deber\u00e1n resolver si ofrecen conformidad al proyecto de Ley enviado por el Poder Ejecutivo, mediante Mensaje N\u00ba 16, que propone ratificar en todas sus partes el Acuerdo Acuerdo de Servicio T\u00e9cnico Especializado para el Desarrollo Sustentable del Ambiente en los Altos Valles Andinos, entre el Ministerio de Gobierno de la provincia de San Juan y el Instituto Nacional de Tecnolog\u00eda Agropecuaria-Estaci\u00f3n Experimental Agropecuaria, suscripto el 4 de diciembre del a\u00f1o 2020.<\/p>\n<p>El objeto del presente convenio consiste en coordinar acciones conjuntas para llevar adelante actividades y estrategias de manejo de los recursos naturales de los Altos Valles Andinos del departamento de Calingasta, a partir de estudios en el \u00e1rea de veranadas que implica un gasto de $280.000,00\u00a0 (doscientos ochenta mil) pesos.<\/p>\n<p><span style=\"color: #800080;\"><strong>Convenio con el Ministerio de Transporte de la Naci\u00f3n<\/strong><\/span><\/p>\n<p>Tambi\u00e9n, deber\u00e1n considerar el proyecto de Ley remitido por el Poder Ejecutivo, mediante Mensaje N\u00ba 18, que propone aprobar en todas sus partes el convenio celebrado entre el Ministerio de Transporte de la Naci\u00f3n, representado por la secretaria de Articulaci\u00f3n Interjurisdiccional, Marcela Fabiana Passo y el Gobierno de la provincia de San Juan, representado por la ministra de Gobierno, Ana Fabiola Aubone.<\/p>\n<p>El objeto de este acuerdo consiste en transferir a la provincia de San Juan las acreencias liquidadas en el marco de la compensaci\u00f3n establecida en Articulo N\u00b0 125 de la Ley N\u00b0 27.467, el cual ha sido prorrogado por el art\u00edculo N\u00b0 72 de la Ley N\u00b0 27.591, las que ascienden a la suma total de Doscientos Diez Millones de pesos ($210.000.000,00), por el periodo de enero a marzo de 2021; inclusive, y remunerables en tres cuotas: 1\u00b0 cuota Ciento Cinco Millones de pesos ($105.000.000,00), 2\u00b0 Cuota, Cincuenta y Dos Millones Quinientos Mil pesos ($52.500.000,00) y la 3\u00b0 Cuota, Cincuenta y Dos Quinientos Mil pesos ($52.500.000,00).<\/p>\n<p><span style=\"color: #800080;\"><strong>Adhesi\u00f3n a medidas sanitarias por COVID-19<\/strong><\/span><\/p>\n<p>Adem\u00e1s, deber\u00e1n tratar sobre tablas, la comunicaci\u00f3n oficial remitida por el Poder Ejecutivo por la cual da noticia de la sanci\u00f3n de la Ley de Necesidad y Urgencia N\u00ba2220-P por la que la provincia adhiere al DECNU 28772021. De esta forma y en virtud de lo previsto en los art\u00edculos 2\u00ba, 13\u00ba (tercer p\u00e1rrafo), 15\u00ba, 19\u00ba, 24\u00ba y 32\u00ba del mencionado decreto, el gobierno de San Juan en atenci\u00f3n a las condiciones epidemiol\u00f3gicas y sanitarias, dictar\u00e1 las medidas necesarias de alcance local, con el fin de mitigar en forma temprana los contagios por COVID-19.<\/p>\n<p><span style=\"color: #800080;\"><strong>Proyectos que ser\u00e1n girados a Comisiones<\/strong><\/span><\/p>\n<p>Durante la tercera sesi\u00f3n ordinaria ingresar\u00e1n a sus respectivas comisiones los siguientes proyectos de Ley remitidos por el Poder Ejecutivo que proponen:<\/p>\n<ul>\n<li>\u00b7 Modificar el art\u00edculo 24\u00ba Bis de la Ley N\u00ba 1114-L, sobre Sistema de Gesti\u00f3n Integral de Residuos S\u00f3lidos Urbanos (RSU). Se adhiere la provincia de San Juan a la Ley Nacional N\u00ba 25916, sobre Gesti\u00f3n Integral de Residuos Domiciliarios.<\/li>\n<li>\u00b7 Aprobar en todas sus partes el convenio \u00fanico de Confronte de Datos Personales y sus anexos.<\/li>\n<li>\u00b7 Ratificar convenio de adquisici\u00f3n directa de inmueble.<\/li>\n<\/ul>\n<p>Por otro lado, enviar\u00e1n para el estudio y an\u00e1lisis de sus respectivas comisiones los siguientes proyectos de ley de autor\u00eda de diferentes diputadas y diputados,\u00a0 los cuales proponen:<\/p>\n<ul>\n<li>\u00b7 Crear el Programa Provincial de Accesibilidad Cognitiva como herramienta para promover la autonom\u00eda en el desarrollo personal y la seguridad vial de las personas con autismo o con trastorno del espectro autista. (diputados Nancy Pic\u00f3n y Sergio Miodowsky);<\/li>\n<li>\u00b7 Adherir a la Ley Nacional N\u00ba 27.043 que declara de inter\u00e9s nacional el abordaje integral e interdisciplinario de las personas que presentan trastornos del espectro autista. (diputados Nancy Pic\u00f3n y Sergio Miodowsky);<\/li>\n<li>\u00b7 Instituir el 24 de abril como D\u00eda Provincial del Motocross. (diputada Fernanda Paredes)<\/li>\n<li>\u00b7 Adherir a la Ley Nacional 27305 de incorporaci\u00f3n al Programa M\u00e9dico Obligatorio de leches medicamentosas. (diputado Andr\u00e9s Chanampa);<\/li>\n<li>\u00b7 Promover el acceso de Wifi libre y gratuito en el \u00e1mbito de toda la provincia. (diputado Gustavo Us\u00edn);<\/li>\n<li>\u00b7 Establecer remuneraciones de autoridades m\u00e1ximas de entes centralizados o descentralizados, empresas, sociedades y agencias del Estado. (diputados Juan Carlos Abarca, Rodolfo Jalife y Jos\u00e9 Luis Esteve);<\/li>\n<li>\u00b7 Adherir a la Ley Nacional N\u00ba 27458 por la que se instituye el D\u00eda Nacional de la Lucha contra el Grooming. (diputado Gast\u00f3n Berenguer);<\/li>\n<li>\u00b7 Crear el Consejo Profesional de Ingenieros Especialistas de la provincia de San Juan. (diputada Marcela Monti);<\/li>\n<li>\u00b7 Modificar la Ley N\u00ba 528-R Ley de Tr\u00e1nsito de la provincia. (diputados Nancy Pic\u00f3n y Sergio Miodowsky);<\/li>\n<li>\u00b7 Generar programas econ\u00f3micos que colaboren con la adquisici\u00f3n e instalaci\u00f3n de geotanques para la construcci\u00f3n de parques h\u00eddricos. (diputado Enrique Monta\u00f1o), y<\/li>\n<li>disponer la instalaci\u00f3n y uso obligatorio de c\u00e1maras en el interior de veh\u00edculos de empresas de transporte p\u00fablico de pasajeros. (diputados Nancy Pic\u00f3n y Sergio Miodowsky).<\/li>\n<\/ul>\n<ul>\n<li>Asimismo, remitir\u00e1n a las respectivas comisiones un proyecto de resoluci\u00f3n que propone declarar de inter\u00e9s:<\/li>\n<\/ul>\n<ul>\n<li>\u00b7 Social, Educativo y Sanitario, las jornadas de concientizaci\u00f3n y difusi\u00f3n de la enfermedad fibromialgia, \u201cHagamos visible la Fibromialgia\u201d. (diputada Celina Ramella)<\/li>\n<\/ul>\n<p>Por \u00faltimo, la C\u00e1mara enviar\u00e1 a comisiones los siguientes proyectos de Comunicaci\u00f3n que solicitan:<\/p>\n<ul>\n<li>\u00b7 Al Poder Ejecutivo, la efectiva instalaci\u00f3n de un molino de trituraci\u00f3n de bentonita en la localidad de Col\u00f3n, departamento Calingasta. (diputado Mario Romero)<\/li>\n<li>\u00b7 A la Direcci\u00f3n de Hidr\u00e1ulica de la provincia, informaci\u00f3n sobre el Dique los Cauquenes. (Interbloque: Producci\u00f3n y Trabajo, PRO-Juntos por el cambio y Actuar).<\/li>\n<\/ul>\n<\/div>\n","protected":false},"excerpt":{"rendered":"<p>El Jueves, 6 de Mayo, la C\u00e1mara de Diputados celebrar\u00e1, a partir de las 9.30 hs., la Tercera Sesi\u00f3n del<\/p>\n","protected":false},"author":3,"featured_media":16350,"comment_status":"closed","ping_status":"closed","sticky":false,"template":"","format":"standard","meta":{"_acf_changed":false,"_seopress_robots_primary_cat":"none","_seopress_titles_title":"","_seopress_titles_desc":"","_seopress_robots_index":"","colormag_page_container_layout":"default_layout","colormag_page_sidebar_layout":"default_layout","footnotes":""},"categories":[1],"tags":[],"class_list":["post-37511","post","type-post","status-publish","format-standard","has-post-thumbnail","hentry","category-destacadas"],"acf":[],"_links":{"self":[{"href":"https:\/\/vocesparalelas.com.ar\/sitio\/wp-json\/wp\/v2\/posts\/37511","targetHints":{"allow":["GET"]}}],"collection":[{"href":"https:\/\/vocesparalelas.com.ar\/sitio\/wp-json\/wp\/v2\/posts"}],"about":[{"href":"https:\/\/vocesparalelas.com.ar\/sitio\/wp-json\/wp\/v2\/types\/post"}],"author":[{"embeddable":true,"href":"https:\/\/vocesparalelas.com.ar\/sitio\/wp-json\/wp\/v2\/users\/3"}],"replies":[{"embeddable":true,"href":"https:\/\/vocesparalelas.com.ar\/sitio\/wp-json\/wp\/v2\/comments?post=37511"}],"version-history":[{"count":1,"href":"https:\/\/vocesparalelas.com.ar\/sitio\/wp-json\/wp\/v2\/posts\/37511\/revisions"}],"predecessor-version":[{"id":37513,"href":"https:\/\/vocesparalelas.com.ar\/sitio\/wp-json\/wp\/v2\/posts\/37511\/revisions\/37513"}],"wp:featuredmedia":[{"embeddable":true,"href":"https:\/\/vocesparalelas.com.ar\/sitio\/wp-json\/wp\/v2\/media\/16350"}],"wp:attachment":[{"href":"https:\/\/vocesparalelas.com.ar\/sitio\/wp-json\/wp\/v2\/media?parent=37511"}],"wp:term":[{"taxonomy":"category","embeddable":true,"href":"https:\/\/vocesparalelas.com.ar\/sitio\/wp-json\/wp\/v2\/categories?post=37511"},{"taxonomy":"post_tag","embeddable":true,"href":"https:\/\/vocesparalelas.com.ar\/sitio\/wp-json\/wp\/v2\/tags?post=37511"}],"curies":[{"name":"wp","href":"https:\/\/api.w.org\/{rel}","templated":true}]}}