{"id":37507,"date":"2021-05-05T22:35:29","date_gmt":"2021-05-06T01:35:29","guid":{"rendered":"http:\/\/vocesparalelas.com.ar\/sitio\/?p=37507"},"modified":"2021-05-07T01:20:19","modified_gmt":"2021-05-07T04:20:19","slug":"festival-escena-en-movimiento-virtual","status":"publish","type":"post","link":"https:\/\/vocesparalelas.com.ar\/sitio\/festival-escena-en-movimiento-virtual\/","title":{"rendered":"Festival Escena en Movimiento virtual"},"content":{"rendered":"<p>Tras la convocatoria que lanz\u00f3 el Ministerio de Turismo y Cultura del Gobierno de San Juan, en conjunto con la Mesa Provincial de Danza, hubo 10 proyectos esc\u00e9nicos seleccionados que tendr\u00e1n su noche de gala el 21 y 22 de mayo de manera virtual.<\/p>\n<p>Esta medida se tom\u00f3 para preservar el estatus sanitario de la provincia y acompa\u00f1ar las medidas anunciadas por el Gobierno de San Juan que se extienden hasta el 21 de mayo. De esta manera, las producciones audiovisuales generar\u00e1n m\u00e1s puestos de trabajo para la industria cultural local.<\/p>\n<p>Los elencos de danza recibieron un est\u00edmulo econ\u00f3mico de $50.000 cada uno y ahora se preparan para presentar sus producciones al p\u00fablico en formato virtual. Cada performance tiene un m\u00e1ximo de 15 minutos.<\/p>\n<p>Cabe mencionar que el festival se transmitir\u00e1 a trav\u00e9s de las redes sociales del Ministerio de Turismo y Cultura el 21 y 22 de Mayo, a partir de las 21 hs.<\/p>\n<p><span style=\"color: #33cccc;\"><strong>Programa<\/strong><\/span><\/p>\n<ul>\n<li>Ballerinas, repertorio de danza cl\u00e1sica<\/li>\n<li>Omega Crew CREW, ritmos urbanos<\/li>\n<li>Palomas del alma, folclore contempor\u00e1neo: la propuesta trata de plasmar el rol de la mujer como trabajadora hist\u00f3rica en su af\u00e1n de obtener el bienestar para su entorno socio-afectivo, constituy\u00e9ndose como pilar fundamental para la sociedad.<\/li>\n<li>Ayekantum, folclore cuyano: se exhiben las obras del reconocido autor y escritor Sa\u00fal Quiroga mediante la expresi\u00f3n.<\/li>\n<li>Proyecto Tango San Juan, homenaje a Astor Piazzola: el show brinda una fusi\u00f3n entre danza contempor\u00e1nea y tango danza, haciendo un recorrido por la Obra de Piazzola.<\/li>\n<li>Tablao Flamenco con m\u00fasicos en vivo: el cante, la guitarra y la danza permiten al espectador trasladarse a un t\u00edpico tablao sevillano.<\/li>\n<li>Ladove, Folclore Contempor\u00e1neo: obra argumental de danza folcl\u00f3rica contempor\u00e1nea con recursos teatrales \u201cQu\u00e9 sabe el pueblo\u201d<\/li>\n<li>Nassibi, danzas \u00e1rabes y bellydance: es un recorrido por diversos estilos de danzas \u00e1rabes tanto de bellydance como de folclore \u00e1rabe. Se trata de un show din\u00e1mico con el prop\u00f3sito de mostrar la cultura \u00e1rabe por medio de los diferentes matices que cada estilo refleja en sus movimientos y vestuarios caracter\u00edsticos.<\/li>\n<li>Fuego Latino: presenta una coreogr\u00e1fica llamada \u00abDe Pel\u00edcula\u00bb, donde combina las bandas sonoras de grandes \u00e9xitos del cine con los estilos de danza, bachata, salsa, chachach\u00e1, mambo.<\/li>\n<li>Y\u00f1aka Malambo: espect\u00e1culo femenino a puro show de malambo bombo, poncho y boleadoras con una fuerza \u00fanica, belleza y delicadeza, trasmitiendo el arte local, asumiendo la tradici\u00f3n llena de magia, ritmo y pasi\u00f3n.<\/li>\n<\/ul>\n","protected":false},"excerpt":{"rendered":"<p>Tras la convocatoria que lanz\u00f3 el Ministerio de Turismo y Cultura del Gobierno de San Juan, en conjunto con la<\/p>\n","protected":false},"author":3,"featured_media":37509,"comment_status":"closed","ping_status":"closed","sticky":false,"template":"","format":"standard","meta":{"_acf_changed":false,"_seopress_robots_primary_cat":"none","_seopress_titles_title":"","_seopress_titles_desc":"","_seopress_robots_index":"","colormag_page_container_layout":"default_layout","colormag_page_sidebar_layout":"default_layout","footnotes":""},"categories":[20],"tags":[],"class_list":["post-37507","post","type-post","status-publish","format-standard","has-post-thumbnail","hentry","category-cartelera"],"acf":[],"_links":{"self":[{"href":"https:\/\/vocesparalelas.com.ar\/sitio\/wp-json\/wp\/v2\/posts\/37507","targetHints":{"allow":["GET"]}}],"collection":[{"href":"https:\/\/vocesparalelas.com.ar\/sitio\/wp-json\/wp\/v2\/posts"}],"about":[{"href":"https:\/\/vocesparalelas.com.ar\/sitio\/wp-json\/wp\/v2\/types\/post"}],"author":[{"embeddable":true,"href":"https:\/\/vocesparalelas.com.ar\/sitio\/wp-json\/wp\/v2\/users\/3"}],"replies":[{"embeddable":true,"href":"https:\/\/vocesparalelas.com.ar\/sitio\/wp-json\/wp\/v2\/comments?post=37507"}],"version-history":[{"count":1,"href":"https:\/\/vocesparalelas.com.ar\/sitio\/wp-json\/wp\/v2\/posts\/37507\/revisions"}],"predecessor-version":[{"id":37510,"href":"https:\/\/vocesparalelas.com.ar\/sitio\/wp-json\/wp\/v2\/posts\/37507\/revisions\/37510"}],"wp:featuredmedia":[{"embeddable":true,"href":"https:\/\/vocesparalelas.com.ar\/sitio\/wp-json\/wp\/v2\/media\/37509"}],"wp:attachment":[{"href":"https:\/\/vocesparalelas.com.ar\/sitio\/wp-json\/wp\/v2\/media?parent=37507"}],"wp:term":[{"taxonomy":"category","embeddable":true,"href":"https:\/\/vocesparalelas.com.ar\/sitio\/wp-json\/wp\/v2\/categories?post=37507"},{"taxonomy":"post_tag","embeddable":true,"href":"https:\/\/vocesparalelas.com.ar\/sitio\/wp-json\/wp\/v2\/tags?post=37507"}],"curies":[{"name":"wp","href":"https:\/\/api.w.org\/{rel}","templated":true}]}}