{"id":37502,"date":"2021-05-05T21:33:37","date_gmt":"2021-05-06T00:33:37","guid":{"rendered":"http:\/\/vocesparalelas.com.ar\/sitio\/?p=37502"},"modified":"2021-05-05T21:33:45","modified_gmt":"2021-05-06T00:33:45","slug":"nueva-oferta-salarial-nacional-y-adicus-convoca-a-la-asamblea-general-extraordinaria-para-evaluar-la-propuesta","status":"publish","type":"post","link":"https:\/\/vocesparalelas.com.ar\/sitio\/nueva-oferta-salarial-nacional-y-adicus-convoca-a-la-asamblea-general-extraordinaria-para-evaluar-la-propuesta\/","title":{"rendered":"Nueva oferta salarial Nacional y ADICUS convoca a la Asamblea General Extraordinaria para evaluar la propuesta."},"content":{"rendered":"<p>El Jueves 6 y el Viernes ,7 de Mayo, sigue en pie el paro nacional por 48 horas.<\/p>\n<p>Por ello, el Martes, 4 de Mayo, se realiz\u00f3 una nueva reuni\u00f3n de la Mesa de Negociaci\u00f3n Salarial en la que el Ministerio de Educaci\u00f3n present\u00f3 una nueva propuesta salarial consistente en seis cuotas distribuidas de la siguiente manera:<\/p>\n<ul>\n<li>8% en Abril,<\/li>\n<li>6% en Junio,<\/li>\n<li>4% en Agosto,<\/li>\n<li>5% en Octubre,<\/li>\n<li>7% en Diciembre de 2021 y<\/li>\n<li>5% en Febrero 2022.<\/li>\n<\/ul>\n<p>A diciembre de este a\u00f1o, el incremento sumar\u00eda un 30%, quedando por debajo de la inflaci\u00f3n proyectada, llegando a 35% en Febrero de 2022.<\/p>\n<p>El incremento ser\u00eda remunerativo y bonificable, no acumulativo, calculado sobre el b\u00e1sico del mes de marzo de 2021; con la incorporaci\u00f3n de dos cl\u00e1usulas de revisi\u00f3n: una en septiembre 2021 y otra en Febrero 2022.<\/p>\n<p>Asimismo, se ofreci\u00f3 un Bono no remunerativo ni bonificable, por conectividad, de $ 1.000 por docente desde el mes de abril al mes de diciembre 2021 inclusive.<\/p>\n<p>Por otra parte, la garant\u00eda salarial docente se incrementar\u00e1 de acuerdo a los porcentajes definidos en el Consejo del Salario M\u00ednimo, Vital y M\u00f3vil de la semana pasada.<\/p>\n<p>La representaci\u00f3n de CONADU HIST\u00d3RICA manifest\u00f3 que la nueva oferta segu\u00eda siendo insuficiente en comparaci\u00f3n, por ejemplo, con el Acuerdo al que arrib\u00f3 el propio Ministerio de Educaci\u00f3n de la Naci\u00f3n con los gremios del nivel obligatorio, alcanzando un 34-35% a terminar de cobrar en septiembre, y tambi\u00e9n con revisi\u00f3n en el mismo mes. No obstante, la opini\u00f3n de las asambleas y del Congreso definir\u00e1 la postura de la Federaci\u00f3n.<\/p>\n<p>Es por esta propuesta que, desde la Asociaci\u00f3n de Docentes, Investigadores y Creadores de la Universidad Nacional de San Juan \u2013 ADICUS -, convoca a la Asamblea General Extraordinaria, para analizar la situaci\u00f3n de la docencia universitaria y preuniversitaria, debatir sobre la propuesta que realiz\u00f3 el gobierno en el d\u00eda de ayer y elaborar el mandato que llevar\u00e1n nuestros congresales al Congreso Extraordinario de nuestra Federaci\u00f3n.<\/p>\n<p>La Asamblea se realiza de manera virtual, a trav\u00e9s de la Plataforma Google Meet, el Jueves, 06 de Mayo, a las 19 hs.<\/p>\n<p>Para participar de la misma, debe ingresar al siguiente link:<\/p>\n<p><a href=\"https:\/\/meet.google.com\/sag-eyzd-zsk\">https:\/\/meet.google.com\/sag-eyzd-zsk<\/a><\/p>\n<p>Adem\u00e1s, la CONADU Hist\u00f3rica convoca al Congreso Extraordinario para el Viernes, 7 de Mayo por la ma\u00f1ana.<\/p>\n<p>El plan de lucha votado en el \u00faltimo Plenario de Secretar\u00edas Generales se mantiene, por lo que la Docencia Universitaria y Preuniversitaria de las UUNN va al paro por 48 horas convocado para el Jueves, 6 y el Viernes, 7 de Mayo.<\/p>\n<p>#ADICUS #ElGremioUniversitario #AsambleADICUS #CONADUHist\u00f3rica #ParitariaSalarial<\/p>\n<p>&nbsp;<\/p>\n<p><img loading=\"lazy\" decoding=\"async\" class=\"alignnone wp-image-37505 size-full\" src=\"https:\/\/vocesparalelas.com.ar\/sitio\/wp-content\/uploads\/2021\/05\/ADICUS-ASAMBLEA.jpg\" alt=\"\" width=\"800\" height=\"1000\" \/><\/p>\n<p>&nbsp;<\/p>\n<p><img loading=\"lazy\" decoding=\"async\" class=\"alignnone wp-image-15835 size-large\" src=\"https:\/\/vocesparalelas.com.ar\/sitio\/wp-content\/uploads\/2018\/10\/ADICUS-EDIFICIO-800x531.jpg\" alt=\"\" width=\"800\" height=\"531\" srcset=\"https:\/\/vocesparalelas.com.ar\/sitio\/wp-content\/uploads\/2018\/10\/ADICUS-EDIFICIO-800x531.jpg 800w, https:\/\/vocesparalelas.com.ar\/sitio\/wp-content\/uploads\/2018\/10\/ADICUS-EDIFICIO-300x199.jpg 300w, https:\/\/vocesparalelas.com.ar\/sitio\/wp-content\/uploads\/2018\/10\/ADICUS-EDIFICIO-768x510.jpg 768w, https:\/\/vocesparalelas.com.ar\/sitio\/wp-content\/uploads\/2018\/10\/ADICUS-EDIFICIO.jpg 1000w\" sizes=\"auto, (max-width: 800px) 100vw, 800px\" \/><\/p>\n","protected":false},"excerpt":{"rendered":"<p>El Jueves 6 y el Viernes ,7 de Mayo, sigue en pie el paro nacional por 48 horas. Por ello,<\/p>\n","protected":false},"author":3,"featured_media":30856,"comment_status":"closed","ping_status":"closed","sticky":false,"template":"","format":"standard","meta":{"_acf_changed":false,"_seopress_robots_primary_cat":"none","_seopress_titles_title":"","_seopress_titles_desc":"","_seopress_robots_index":"","colormag_page_container_layout":"default_layout","colormag_page_sidebar_layout":"default_layout","footnotes":""},"categories":[1],"tags":[],"class_list":["post-37502","post","type-post","status-publish","format-standard","has-post-thumbnail","hentry","category-destacadas"],"acf":[],"_links":{"self":[{"href":"https:\/\/vocesparalelas.com.ar\/sitio\/wp-json\/wp\/v2\/posts\/37502","targetHints":{"allow":["GET"]}}],"collection":[{"href":"https:\/\/vocesparalelas.com.ar\/sitio\/wp-json\/wp\/v2\/posts"}],"about":[{"href":"https:\/\/vocesparalelas.com.ar\/sitio\/wp-json\/wp\/v2\/types\/post"}],"author":[{"embeddable":true,"href":"https:\/\/vocesparalelas.com.ar\/sitio\/wp-json\/wp\/v2\/users\/3"}],"replies":[{"embeddable":true,"href":"https:\/\/vocesparalelas.com.ar\/sitio\/wp-json\/wp\/v2\/comments?post=37502"}],"version-history":[{"count":1,"href":"https:\/\/vocesparalelas.com.ar\/sitio\/wp-json\/wp\/v2\/posts\/37502\/revisions"}],"predecessor-version":[{"id":37506,"href":"https:\/\/vocesparalelas.com.ar\/sitio\/wp-json\/wp\/v2\/posts\/37502\/revisions\/37506"}],"wp:featuredmedia":[{"embeddable":true,"href":"https:\/\/vocesparalelas.com.ar\/sitio\/wp-json\/wp\/v2\/media\/30856"}],"wp:attachment":[{"href":"https:\/\/vocesparalelas.com.ar\/sitio\/wp-json\/wp\/v2\/media?parent=37502"}],"wp:term":[{"taxonomy":"category","embeddable":true,"href":"https:\/\/vocesparalelas.com.ar\/sitio\/wp-json\/wp\/v2\/categories?post=37502"},{"taxonomy":"post_tag","embeddable":true,"href":"https:\/\/vocesparalelas.com.ar\/sitio\/wp-json\/wp\/v2\/tags?post=37502"}],"curies":[{"name":"wp","href":"https:\/\/api.w.org\/{rel}","templated":true}]}}