{"id":37487,"date":"2021-05-05T19:31:40","date_gmt":"2021-05-05T22:31:40","guid":{"rendered":"http:\/\/vocesparalelas.com.ar\/sitio\/?p=37487"},"modified":"2021-05-05T19:31:40","modified_gmt":"2021-05-05T22:31:40","slug":"investigaran-si-hubo-filtracion-de-datos-personales-en-la-unsj","status":"publish","type":"post","link":"https:\/\/vocesparalelas.com.ar\/sitio\/investigaran-si-hubo-filtracion-de-datos-personales-en-la-unsj\/","title":{"rendered":"Investigar\u00e1n si hubo filtraci\u00f3n de datos personales en la UNSJ"},"content":{"rendered":"<p>El Mi\u00e9rcoles, 5 de Mayo se llev\u00f3 a cabo el cuarto intermedio convocado por el Consejo Superior de la UNSJ, para concluir con el debate de los temas que quedaron pendientes de la sesi\u00f3n que comenz\u00f3 la semana pasada.<\/p>\n<p>En tal sentido, el tema que m\u00e1s discusi\u00f3n gener\u00f3 fue la posible filtraci\u00f3n de datos del personal universitario hacia una consultora que realiza encuestas para las pr\u00f3ximas elecciones.<\/p>\n<p>Luego de acusaciones cruzadas, los integrantes del cuerpo aprobaron que se abra una investigaci\u00f3n para determinar si hubo o no fuga de datos desde la UNSJ, investigaci\u00f3n que se llevar\u00e1 adelante en los t\u00e9rminos que establezca la Direcci\u00f3n de Asuntos Legales.<\/p>\n<p>Esto es as\u00ed porque una parte de los consejeros se pronunci\u00f3 a favor de abrir un sumario administrativo, en tanto que otro sector se inclin\u00f3 por la denuncia ante la justicia.<\/p>\n<p>En otro orden, el CS modific\u00f3 en un art\u00edculo de la resoluci\u00f3n 17\/16, referida a qui\u00e9nes son los docentes que pueden votar y ser votados en elecciones generales. A pedido de la consejera Laura Garc\u00e9s, tambi\u00e9n se fij\u00f3 como plazo para comenzar a debatir el formato que tendr\u00e1 el proyecto de Paridad de G\u00e9nero para dentro de 15 d\u00edas.<\/p>\n<p>Otro punto importante fue la aprobaci\u00f3n del protocolo de trabajo enviado por la Junta Electoral, como as\u00ed tambi\u00e9n el presentado por la Direcci\u00f3n General de Salud Universitaria, que ya hab\u00eda sido aprobado tanto por la Comisi\u00f3n de Expertos como por el Comit\u00e9 de Crisis COVID 19.<\/p>\n<p>En cuanto al pedido de los consejeros estudiantiles de conocer el estado en que se encuentra el procesamiento de las becas de desempe\u00f1o acad\u00e9mico, el presidente Nasisi les inform\u00f3 que dicha informaci\u00f3n fue remitida directamente a la comisi\u00f3n de Acci\u00f3n Social y Becas.<\/p>\n<p>Finalmente, el cuerpo aprob\u00f3 una petici\u00f3n del presidente relativa a posponer la fecha de la Asamblea Universitaria, que deb\u00eda realizarse el 13 de mayo, para el d\u00eda 20 de mayo.<\/p>\n<p>&nbsp;<\/p>\n<p>&nbsp;<\/p>\n<p>&nbsp;<\/p>\n","protected":false},"excerpt":{"rendered":"<p>El Mi\u00e9rcoles, 5 de Mayo se llev\u00f3 a cabo el cuarto intermedio convocado por el Consejo Superior de la UNSJ,<\/p>\n","protected":false},"author":3,"featured_media":22486,"comment_status":"closed","ping_status":"closed","sticky":false,"template":"","format":"standard","meta":{"_acf_changed":false,"_seopress_robots_primary_cat":"none","_seopress_titles_title":"","_seopress_titles_desc":"","_seopress_robots_index":"","colormag_page_container_layout":"default_layout","colormag_page_sidebar_layout":"default_layout","footnotes":""},"categories":[1],"tags":[],"class_list":["post-37487","post","type-post","status-publish","format-standard","has-post-thumbnail","hentry","category-destacadas"],"acf":[],"_links":{"self":[{"href":"https:\/\/vocesparalelas.com.ar\/sitio\/wp-json\/wp\/v2\/posts\/37487","targetHints":{"allow":["GET"]}}],"collection":[{"href":"https:\/\/vocesparalelas.com.ar\/sitio\/wp-json\/wp\/v2\/posts"}],"about":[{"href":"https:\/\/vocesparalelas.com.ar\/sitio\/wp-json\/wp\/v2\/types\/post"}],"author":[{"embeddable":true,"href":"https:\/\/vocesparalelas.com.ar\/sitio\/wp-json\/wp\/v2\/users\/3"}],"replies":[{"embeddable":true,"href":"https:\/\/vocesparalelas.com.ar\/sitio\/wp-json\/wp\/v2\/comments?post=37487"}],"version-history":[{"count":1,"href":"https:\/\/vocesparalelas.com.ar\/sitio\/wp-json\/wp\/v2\/posts\/37487\/revisions"}],"predecessor-version":[{"id":37489,"href":"https:\/\/vocesparalelas.com.ar\/sitio\/wp-json\/wp\/v2\/posts\/37487\/revisions\/37489"}],"wp:featuredmedia":[{"embeddable":true,"href":"https:\/\/vocesparalelas.com.ar\/sitio\/wp-json\/wp\/v2\/media\/22486"}],"wp:attachment":[{"href":"https:\/\/vocesparalelas.com.ar\/sitio\/wp-json\/wp\/v2\/media?parent=37487"}],"wp:term":[{"taxonomy":"category","embeddable":true,"href":"https:\/\/vocesparalelas.com.ar\/sitio\/wp-json\/wp\/v2\/categories?post=37487"},{"taxonomy":"post_tag","embeddable":true,"href":"https:\/\/vocesparalelas.com.ar\/sitio\/wp-json\/wp\/v2\/tags?post=37487"}],"curies":[{"name":"wp","href":"https:\/\/api.w.org\/{rel}","templated":true}]}}