{"id":37444,"date":"2021-05-04T21:38:54","date_gmt":"2021-05-05T00:38:54","guid":{"rendered":"http:\/\/vocesparalelas.com.ar\/sitio\/?p=37444"},"modified":"2021-05-05T22:37:47","modified_gmt":"2021-05-06T01:37:47","slug":"comunicado-destinado-a-quienes-son-candidatos-para-las-elecciones-de-la-unsj-2021","status":"publish","type":"post","link":"https:\/\/vocesparalelas.com.ar\/sitio\/comunicado-destinado-a-quienes-son-candidatos-para-las-elecciones-de-la-unsj-2021\/","title":{"rendered":"Comunicado destinado a quienes son candidatos para las Elecciones de la UNSJ 2021"},"content":{"rendered":"<p>El comunicado de la Junta Electoral de la Universidad Nacional de San Juan est\u00e1 dirigido especialmente a los candidatos a las Elecciones 2021.<\/p>\n<p>Les recuerda\u00a0que deben optar por el padr\u00f3n en que presentar\u00e1n su candidatura hasta el 8 de Mayo, a las 12 horas,\u00a0a trav\u00e9s de los mecanismos publicados por esta Junta en la web de la UNSJ con anterioridad.<\/p>\n<p><a href=\"http:\/\/www.unsj.edu.ar\/home\/noticias_detalles\/5482\/1\">http:\/\/www.unsj.edu.ar\/home\/noticias_detalles\/5482\/1<\/a><\/p>\n<p>En caso de no haber optado en tiempo y forma de acuerdo con el calendario electoral previsto en la Resoluci\u00f3n N\u00ba17\/21 CS, la Junta aplicar\u00e1 el art. 17 de la Ordenanza N\u00ba 20\/19 que dice\u00a0\u201cser\u00e1n incorporados de oficio al padr\u00f3n definitivo del estamento en donde registre mayor antig\u00fcedad\u201d.<\/p>\n","protected":false},"excerpt":{"rendered":"<p>El comunicado de la Junta Electoral de la Universidad Nacional de San Juan est\u00e1 dirigido especialmente a los candidatos a<\/p>\n","protected":false},"author":3,"featured_media":23399,"comment_status":"closed","ping_status":"closed","sticky":false,"template":"","format":"standard","meta":{"_acf_changed":false,"_seopress_robots_primary_cat":"none","_seopress_titles_title":"","_seopress_titles_desc":"","_seopress_robots_index":"","colormag_page_container_layout":"default_layout","colormag_page_sidebar_layout":"default_layout","footnotes":""},"categories":[2],"tags":[],"class_list":["post-37444","post","type-post","status-publish","format-standard","has-post-thumbnail","hentry","category-convocatorias"],"acf":[],"_links":{"self":[{"href":"https:\/\/vocesparalelas.com.ar\/sitio\/wp-json\/wp\/v2\/posts\/37444","targetHints":{"allow":["GET"]}}],"collection":[{"href":"https:\/\/vocesparalelas.com.ar\/sitio\/wp-json\/wp\/v2\/posts"}],"about":[{"href":"https:\/\/vocesparalelas.com.ar\/sitio\/wp-json\/wp\/v2\/types\/post"}],"author":[{"embeddable":true,"href":"https:\/\/vocesparalelas.com.ar\/sitio\/wp-json\/wp\/v2\/users\/3"}],"replies":[{"embeddable":true,"href":"https:\/\/vocesparalelas.com.ar\/sitio\/wp-json\/wp\/v2\/comments?post=37444"}],"version-history":[{"count":1,"href":"https:\/\/vocesparalelas.com.ar\/sitio\/wp-json\/wp\/v2\/posts\/37444\/revisions"}],"predecessor-version":[{"id":37446,"href":"https:\/\/vocesparalelas.com.ar\/sitio\/wp-json\/wp\/v2\/posts\/37444\/revisions\/37446"}],"wp:featuredmedia":[{"embeddable":true,"href":"https:\/\/vocesparalelas.com.ar\/sitio\/wp-json\/wp\/v2\/media\/23399"}],"wp:attachment":[{"href":"https:\/\/vocesparalelas.com.ar\/sitio\/wp-json\/wp\/v2\/media?parent=37444"}],"wp:term":[{"taxonomy":"category","embeddable":true,"href":"https:\/\/vocesparalelas.com.ar\/sitio\/wp-json\/wp\/v2\/categories?post=37444"},{"taxonomy":"post_tag","embeddable":true,"href":"https:\/\/vocesparalelas.com.ar\/sitio\/wp-json\/wp\/v2\/tags?post=37444"}],"curies":[{"name":"wp","href":"https:\/\/api.w.org\/{rel}","templated":true}]}}