{"id":37433,"date":"2021-05-04T20:17:21","date_gmt":"2021-05-04T23:17:21","guid":{"rendered":"http:\/\/vocesparalelas.com.ar\/sitio\/?p=37433"},"modified":"2021-05-04T20:17:30","modified_gmt":"2021-05-04T23:17:30","slug":"se-mantiene-los-horario-de-las-escuelas-primarias-del-turno-manana-de-san-juan","status":"publish","type":"post","link":"https:\/\/vocesparalelas.com.ar\/sitio\/se-mantiene-los-horario-de-las-escuelas-primarias-del-turno-manana-de-san-juan\/","title":{"rendered":"Se mantiene los horario de las escuelas primarias del Turno Ma\u00f1ana de San Juan"},"content":{"rendered":"<p>Por Calendario Escolar todos los a\u00f1os en el mes de mayo ante el cambio de estaci\u00f3n, se modifica el horario en el turno ma\u00f1ana, este 2021 ante la excepcionalidad de la pandemia y ante las recomendaciones dispuestas por el Comit\u00e9 COVID-19 y la reuni\u00f3n de Acuerdo San Juan de evitar la confluencia de la poblaci\u00f3n en el uso del transporte p\u00fablico, administraci\u00f3n p\u00fablica y estudiantes, la Direcci\u00f3n de Educaci\u00f3n Primaria determin\u00f3 mantener el horario de ingreso y egreso de las instituciones escolares de Nivel Primario de 8 a 12 horas.<\/p>\n<p>Adem\u00e1s, esto garantiza el tiempo necesario para la sanitizaci\u00f3n de los edificios entre los diferentes turnos.<\/p>\n<p>La decisi\u00f3n se funda en el seguir contribuyendo, al cuidado de la comunidad y especialmente de los estudiantes sosteniendo la presencialidad cuidada.<\/p>\n<p>Motivo por el cual las escuelas mantendr\u00e1n el horario matutino de 8 a 12 horas.<\/p>\n<p>Cabe destacar que esta informaci\u00f3n fue debidamente comunicada con antelaci\u00f3n a supervisores, directivos y docentes para que informaran a la comunidad educativa. Y publicado en la p\u00e1gina oficial del Ministerio de Educaci\u00f3n.<\/p>\n<p>&nbsp;<\/p>\n<p>&nbsp;<\/p>\n","protected":false},"excerpt":{"rendered":"<p>Por Calendario Escolar todos los a\u00f1os en el mes de mayo ante el cambio de estaci\u00f3n, se modifica el horario<\/p>\n","protected":false},"author":3,"featured_media":35189,"comment_status":"closed","ping_status":"closed","sticky":false,"template":"","format":"standard","meta":{"_acf_changed":false,"_seopress_robots_primary_cat":"none","_seopress_titles_title":"","_seopress_titles_desc":"","_seopress_robots_index":"","colormag_page_container_layout":"default_layout","colormag_page_sidebar_layout":"default_layout","footnotes":""},"categories":[1],"tags":[],"class_list":["post-37433","post","type-post","status-publish","format-standard","has-post-thumbnail","hentry","category-destacadas"],"acf":[],"_links":{"self":[{"href":"https:\/\/vocesparalelas.com.ar\/sitio\/wp-json\/wp\/v2\/posts\/37433","targetHints":{"allow":["GET"]}}],"collection":[{"href":"https:\/\/vocesparalelas.com.ar\/sitio\/wp-json\/wp\/v2\/posts"}],"about":[{"href":"https:\/\/vocesparalelas.com.ar\/sitio\/wp-json\/wp\/v2\/types\/post"}],"author":[{"embeddable":true,"href":"https:\/\/vocesparalelas.com.ar\/sitio\/wp-json\/wp\/v2\/users\/3"}],"replies":[{"embeddable":true,"href":"https:\/\/vocesparalelas.com.ar\/sitio\/wp-json\/wp\/v2\/comments?post=37433"}],"version-history":[{"count":1,"href":"https:\/\/vocesparalelas.com.ar\/sitio\/wp-json\/wp\/v2\/posts\/37433\/revisions"}],"predecessor-version":[{"id":37435,"href":"https:\/\/vocesparalelas.com.ar\/sitio\/wp-json\/wp\/v2\/posts\/37433\/revisions\/37435"}],"wp:featuredmedia":[{"embeddable":true,"href":"https:\/\/vocesparalelas.com.ar\/sitio\/wp-json\/wp\/v2\/media\/35189"}],"wp:attachment":[{"href":"https:\/\/vocesparalelas.com.ar\/sitio\/wp-json\/wp\/v2\/media?parent=37433"}],"wp:term":[{"taxonomy":"category","embeddable":true,"href":"https:\/\/vocesparalelas.com.ar\/sitio\/wp-json\/wp\/v2\/categories?post=37433"},{"taxonomy":"post_tag","embeddable":true,"href":"https:\/\/vocesparalelas.com.ar\/sitio\/wp-json\/wp\/v2\/tags?post=37433"}],"curies":[{"name":"wp","href":"https:\/\/api.w.org\/{rel}","templated":true}]}}