{"id":37423,"date":"2021-05-04T19:02:55","date_gmt":"2021-05-04T22:02:55","guid":{"rendered":"http:\/\/vocesparalelas.com.ar\/sitio\/?p=37423"},"modified":"2021-05-05T00:01:04","modified_gmt":"2021-05-05T03:01:04","slug":"cursos-virtuales-titeres-ludica-y-experiencias-creativas-y-gestion-y-produccion-para-obras-de-titeres-y-artes-escenicas","status":"publish","type":"post","link":"https:\/\/vocesparalelas.com.ar\/sitio\/cursos-virtuales-titeres-ludica-y-experiencias-creativas-y-gestion-y-produccion-para-obras-de-titeres-y-artes-escenicas\/","title":{"rendered":"Cursos virtuales \u201cT\u00edteres, l\u00fadica y experiencias creativas\u201d y \u201cGesti\u00f3n y producci\u00f3n para obras de t\u00edteres y artes esc\u00e9nicas\u201d"},"content":{"rendered":"<p>La Fundaci\u00f3n \u201cT\u00edteres en Serio\u201d lanz\u00f3, dentro de su Campus Virtual, dos cursos que tienen a los t\u00edteres como protagonistas y que buscan dar las herramientas a los inscriptos para aplicar el arte a los \u00e1mbitos educativos, l\u00fadicos, de producci\u00f3n y de salud.<\/p>\n<p>El 24 de Mayo comienza el dictado de la capacitaci\u00f3n a cargo de la Lic. Viviana Rogozinski \u201cT\u00edteres, l\u00fadica y experiencias creativas\u201d y, por otro lado, el 20 de Mayo el curso \u201cGesti\u00f3n y producci\u00f3n para obras de t\u00edteres y artes esc\u00e9nicas\u201d dictado por los profesores Mart\u00edn Eliseo Mendivil y Francisco Hails.<\/p>\n<p>El dictado de los cursos, tienen una duraci\u00f3n de 8 semanas y se realizan de acuerdo al detalle de cada curso.<\/p>\n<p>En ambos casos las capacitaciones tendr\u00e1n una modalidad de clases en aula virtual, con acceso desde cualquier dispositivo con usuario y clave personal.<\/p>\n<p>Los inscriptos pueden conectarse en cualquier momento del d\u00eda para descargar los contenidos de cada m\u00f3dulo.<\/p>\n<p>Los interesados a los cursos pueden ingresar a los siguiente links para obtener m\u00e1s informaci\u00f3n sobre los contenidos, modos de pagos, trayectoria de los docentes.<\/p>\n<p><strong><span style=\"color: #33cccc;\">Cursos online<\/span><\/strong><\/p>\n<p><strong><span style=\"color: #33cccc;\">\u201cT\u00edteres, l\u00fadica y experiencias creativas\u201d<\/span> <\/strong>a cargo de la Lic. Viviana Rogozinski<\/p>\n<p><a href=\"https:\/\/www.eventbrite.com.ar\/e\/curso-online-titeres-ludica-y-experiencias-creativas-tickets-147644353235\">https:\/\/www.eventbrite.com.ar\/e\/curso-online-titeres-ludica-y-experiencias-creativas-tickets-147644353235<\/a><\/p>\n<p><img loading=\"lazy\" decoding=\"async\" class=\"alignnone wp-image-37425 size-full\" src=\"https:\/\/vocesparalelas.com.ar\/sitio\/wp-content\/uploads\/2021\/05\/TES-CURSO-01.jpg\" alt=\"\" width=\"800\" height=\"800\" \/><\/p>\n<p><span style=\"color: #33cccc;\"><strong>\u201cGesti\u00f3n y producci\u00f3n para obras de t\u00edteres y artes esc\u00e9nicas\u201d<\/strong><\/span> a cargo de los Profesores Mart\u00edn Eliseo Mendivil y Francisco Hails.<\/p>\n<p><a href=\"https:\/\/www.eventbrite.com.ar\/e\/curso-gestion-y-produccion-para-obras-de-titere-tickets-148016929621\">https:\/\/www.eventbrite.com.ar\/e\/curso-gestion-y-produccion-para-obras-de-titere-tickets-148016929621<\/a><\/p>\n<p><img loading=\"lazy\" decoding=\"async\" class=\"alignnone wp-image-37426 size-full\" src=\"https:\/\/vocesparalelas.com.ar\/sitio\/wp-content\/uploads\/2021\/05\/TES-CURSO-02.jpg\" alt=\"\" width=\"800\" height=\"800\" \/><\/p>\n<p>El campus virtual del proyecto \u201cT\u00edteres en Serio\u201d, es un Instituto de Capacitaci\u00f3n Laboral con orientaci\u00f3n art\u00edstica y est\u00e1 reconocida por el Ministerio de Educaci\u00f3n de San Juan y avalado por UNIMA Argentina, Uni\u00f3n Internacional de Marionetas.<\/p>\n<p>Conociendo la realidad argentina con territorios sin acceso a alternativas de estudio y pocas posibilidades a una titulaci\u00f3n formal respecto del teatro de t\u00edteres, se propone ofrecer una formaci\u00f3n integral y program\u00e1tica, y hacerlo con educaci\u00f3n digital a trav\u00e9s de la creaci\u00f3n de este campus virtual.<\/p>\n<p><span style=\"color: #33cccc;\"><strong>M\u00e1s informaci\u00f3n en la web<\/strong><\/span><\/p>\n<p><a href=\"http:\/\/titeresenserio.com\">titeresenserio.com<\/a><\/p>\n<p><strong><span style=\"color: #33cccc;\">Evenbrite Campus Virtual<\/span><\/strong><\/p>\n<p><a href=\"http:\/\/campus-virtual-TeS.eventbrite.com\">http:\/\/campus-virtual-TeS.eventbrite.com<\/a><\/p>\n<p><span style=\"color: #33cccc;\"><strong>Redes Sociales<\/strong><\/span><\/p>\n<ul>\n<li>Instagram: @espacio.teatral.tes<\/li>\n<li>Facebook: @espacio.teatral.tes<\/li>\n<li>Twitter: @EnTiteres<\/li>\n<li>Youtube: Titeres en Serio<\/li>\n<\/ul>\n<p>&nbsp;<\/p>\n","protected":false},"excerpt":{"rendered":"<p>La Fundaci\u00f3n \u201cT\u00edteres en Serio\u201d lanz\u00f3, dentro de su Campus Virtual, dos cursos que tienen a los t\u00edteres como protagonistas<\/p>\n","protected":false},"author":3,"featured_media":37427,"comment_status":"closed","ping_status":"closed","sticky":false,"template":"","format":"standard","meta":{"_acf_changed":false,"_seopress_robots_primary_cat":"none","_seopress_titles_title":"","_seopress_titles_desc":"","_seopress_robots_index":"","colormag_page_container_layout":"default_layout","colormag_page_sidebar_layout":"default_layout","footnotes":""},"categories":[9],"tags":[],"class_list":["post-37423","post","type-post","status-publish","format-standard","has-post-thumbnail","hentry","category-cursos"],"acf":[],"_links":{"self":[{"href":"https:\/\/vocesparalelas.com.ar\/sitio\/wp-json\/wp\/v2\/posts\/37423","targetHints":{"allow":["GET"]}}],"collection":[{"href":"https:\/\/vocesparalelas.com.ar\/sitio\/wp-json\/wp\/v2\/posts"}],"about":[{"href":"https:\/\/vocesparalelas.com.ar\/sitio\/wp-json\/wp\/v2\/types\/post"}],"author":[{"embeddable":true,"href":"https:\/\/vocesparalelas.com.ar\/sitio\/wp-json\/wp\/v2\/users\/3"}],"replies":[{"embeddable":true,"href":"https:\/\/vocesparalelas.com.ar\/sitio\/wp-json\/wp\/v2\/comments?post=37423"}],"version-history":[{"count":4,"href":"https:\/\/vocesparalelas.com.ar\/sitio\/wp-json\/wp\/v2\/posts\/37423\/revisions"}],"predecessor-version":[{"id":37443,"href":"https:\/\/vocesparalelas.com.ar\/sitio\/wp-json\/wp\/v2\/posts\/37423\/revisions\/37443"}],"wp:featuredmedia":[{"embeddable":true,"href":"https:\/\/vocesparalelas.com.ar\/sitio\/wp-json\/wp\/v2\/media\/37427"}],"wp:attachment":[{"href":"https:\/\/vocesparalelas.com.ar\/sitio\/wp-json\/wp\/v2\/media?parent=37423"}],"wp:term":[{"taxonomy":"category","embeddable":true,"href":"https:\/\/vocesparalelas.com.ar\/sitio\/wp-json\/wp\/v2\/categories?post=37423"},{"taxonomy":"post_tag","embeddable":true,"href":"https:\/\/vocesparalelas.com.ar\/sitio\/wp-json\/wp\/v2\/tags?post=37423"}],"curies":[{"name":"wp","href":"https:\/\/api.w.org\/{rel}","templated":true}]}}