{"id":37404,"date":"2021-05-04T13:09:39","date_gmt":"2021-05-04T16:09:39","guid":{"rendered":"http:\/\/vocesparalelas.com.ar\/sitio\/?p=37404"},"modified":"2021-05-05T00:56:20","modified_gmt":"2021-05-05T03:56:20","slug":"cine-club-museo-franklin-rawson","status":"publish","type":"post","link":"https:\/\/vocesparalelas.com.ar\/sitio\/cine-club-museo-franklin-rawson\/","title":{"rendered":"\u201cCine Club Museo Franklin Rawson\u201d"},"content":{"rendered":"<div dir=\"auto\">El Museo Franklin Rawson, a trav\u00e9s de su espacio \u201cCine Club Museo Franklin Rawson\u201d, Alianza Francesa de San Juan y ENERC Cuyo invitan a participar de la segunda etapa del XVII Encuentro de Cine Europeo, que tiene lugar del 1 al 31 de Mayo de 2021, gratuito, con modalidad online.<\/div>\n<div dir=\"auto\">\n<p><span style=\"color: #ff00ff;\"><strong>Programaci\u00f3n Mayo 2021<\/strong><\/span><\/p>\n<p><span style=\"color: #ff00ff;\"><strong>Alemania<\/strong><\/span><\/p>\n<p><span style=\"color: #ff00ff;\"><em><strong>La pareja perfecta<\/strong><\/em><\/span><\/p>\n<p>De SvenTaddicken \/ Alemania, Francia \/ 97min \/ Crimen, drama, romance<\/p>\n<p>T\u00edtulo original: Das sch\u00f6nstePaar<\/p>\n<p>Las vacaciones de ensue\u00f1o de la joven pareja Liv y Malte en una isla del mar Mediterr\u00e1neo se convierten en una pesadilla: Son atacados por tres j\u00f3venes en su casa y Liv es brutalmente violada. De regreso en Alemania, la pareja de docentes logra recuperar su rutina, hasta que Malte reconoce a uno de los atacantes y opta por buscar venganza.<\/p>\n<p><iframe loading=\"lazy\" title=\"Das sch\u00f6nste Paar Trailer\" width=\"800\" height=\"450\" src=\"https:\/\/www.youtube.com\/embed\/2SKKTnPNbj4?feature=oembed\" frameborder=\"0\" allow=\"accelerometer; autoplay; clipboard-write; encrypted-media; gyroscope; picture-in-picture\" allowfullscreen><\/iframe><\/p>\n<p>&nbsp;<\/p>\n<\/div>\n<p><span style=\"color: #ff00ff;\"><strong style=\"line-height: 1.5;\">Austria<\/strong><\/span><\/p>\n<div dir=\"auto\">\n<p><span style=\"color: #ff00ff;\"><em><strong>Erik &amp; Erika<\/strong><\/em><\/span><\/p>\n<p>ReinholdBilgeri \/ Austria \/ 89 min \/ Drama<\/p>\n<p>La verdadera historia del hombre que se convirti\u00f3 en campeona mundial del esqu\u00ed femenino.<\/p>\n<p>Erik Schinegger naci\u00f3 y creci\u00f3 como mujer hasta que un nuevo test m\u00e9dico demostr\u00f3 que gen\u00e9ticamente era un hombre. Esta pel\u00edcula cuenta la historia de su vida como mujer, su definitiva transici\u00f3n a la masculinidad y su lucha por reconocimiento en una \u00e9poca en la que no hab\u00eda lugar en el diccionario social para una palabra como \u201ctransg\u00e9nero\u201d.<\/p>\n<p>https:\/\/www.youtube.com\/watch?v=3_LN7Ajqfa4<\/p>\n<p><span style=\"color: #ff00ff;\"><strong>Au<\/strong><strong>stria<\/strong><\/span><\/p>\n<p><span style=\"color: #ff00ff;\"><strong>(Programa especial de tres cortometrajes)<\/strong><\/span><\/p>\n<p><span style=\"color: #ff00ff;\"><em><strong>TRICKY WOMEN. \u201cDe viajes, asuntos del coraz\u00f3n y periferias\u201d<\/strong><\/em><\/span><\/p>\n<p>Un proyecto fruto de la colaboraci\u00f3n entre el Ministerio Federal de Asuntos Europeos e Internacionales de Austria y el TrickyWomen\/TrickyRealities Festival que se celebra desde el a\u00f1o 2001 alrededor de cada 8 de marzo, D\u00eda Internacional de la Mujer.<\/p>\n<p>Mujeres artistas del cine de animaci\u00f3n presentan sus trabajos m\u00e1s recientes, que vislumbran la situaci\u00f3n actual de las pel\u00edculas de animaci\u00f3n en Austria. En esta oportunidad les presentamos una selecci\u00f3n especial de tres cortos, invit\u00e1ndolos a un viaje polifac\u00e9tico por el universo de sentimientos y met\u00e1foras visuales con miradas conmovedoras, divertidas y tambi\u00e9n cr\u00edticas.<\/p>\n<p><span style=\"color: #ff00ff;\"><em><strong>In herboots<\/strong><\/em><\/span><\/p>\n<p>Karin Steinbacher \/ Austria, Reino Unido \/ 6 min \/ Animaci\u00f3n<\/p>\n<p>Los zapatos para caminar son la tierra bajo los pies, la certeza de nuestra existencia. En cualquier caso, as\u00ed lo ve la abuela Hedi. Por este motivo, Hedi nunca se descalza, aunque sus zapatos est\u00e9n repletos de agujeros. A veces, ella y sus zapatos se refugian en el mundo de los recuerdos. Sus vecinos del pueblo fruncen el ce\u00f1o al ver sus zapatos gastados, pero no su nieta, quien se r\u00ede con su abuela cuando esta camina desnuda por la casa o ve a su nieta como un huevo frito. \u00abIn HerBoots\u00bb, de KathrinSteinbacher, presenta una mirada extremadamente afectuosa, repleta de humor y respetuosa hacia la generaci\u00f3n de los mayores y, en especial, las personas con demencia. Sin embargo, el corto no oculta la cara m\u00e1s dolorosa de la situaci\u00f3n.<\/p>\n<p>Con \u00abIn HerBoots\u00bb, KathrinSteinbacher, residente en el Reino Unido, fue nominada a los premios BAFTA en la categor\u00eda de \u00abMejor corto de animaci\u00f3n brit\u00e1nico\u00bb.<\/p>\n<p><span style=\"color: #ff00ff;\"><em><strong>Linz Delight<\/strong><\/em><\/span><\/p>\n<p>Maya Yonesh\u00f4 \/ Austria \/ 3 min \/ Animaci\u00f3n<\/p>\n<p>El filme \u00abLinzerLust\u00bb empieza, por la gastronom\u00eda: la c\u00e1mara enfoca una gran tarta Linzer roja y jugosa. En pantalla aparece una mano sujetando un dibujo con el enrejado t\u00edpico de la tarta Linzer. El enrejado se desgrana en lunares ovalados, que cambian de color al verde y al azul, como el nuevo fondo real que muestra un bonito edificio de Linz. Y con esta alegr\u00eda prosigue el corto stop motion de Maya Yonesho, y es que el dibujo nos abre el camino por la ciudad. \u00bfO es la ciudad quien marca el ritmo y el dibujo? La respuesta no est\u00e1 clara en las pel\u00edculas de Maya Yonesho, concebidas principalmente como visitas locales aplicando su t\u00e9cnica del folioscopio. En \u00abLinzerLust\u00bb, se emplearon 1368\u00a0 dibujos y fragmentos de sonido grabados en Linz, las principales atracciones de la ciudad (antigua catedral, el centro ArsElectronica, la colina P\u00f6stlingberg, el Caf\u00e9 Traxlmayr y la tabacalera) se intercalan con las especialidades regionales.<\/p>\n<p><span style=\"color: #ff00ff;\"><em><strong>TheOutlander<\/strong><\/em><\/span><\/p>\n<p>AniAnotonova \/ Austria \/ 5 min \/ Animaci\u00f3n, documental<\/p>\n<p>\u00abTheOutlander\u00bb, narra el largo y arduo viaje de Solim\u00e1n, el primer elefante vien\u00e9s. En el s. XVI, el elefante viaj\u00f3 de Ceil\u00e1n a Lisboa para, a continuaci\u00f3n, emprender un largo viaje a pie durante meses hasta Viena, como regalo viviente del soberano Maximiliano II. Los m\u00e1s de 5000 dibujos realizados a mano sobre papel esbozan al animal en constante movimiento y dibujan el extenuante viaje a trav\u00e9s de los Alpes que el elefante adolescente Solim\u00e1n, bautizado en honor al sult\u00e1n del Imperio Otomano y archienemigo de los Habsburgo, realiz\u00f3 acompa\u00f1ado de un s\u00e9quito cortesano. AniAntonova intercala fuentes hist\u00f3ricas y transpone en su filme ilustraciones de la \u00e9poca de esta inusual procesi\u00f3n.<\/p>\n<p>Con su animaci\u00f3n a l\u00e1piz de cinco minutos de duraci\u00f3n, AniAntonova traduce con sutileza un episodio del pasado de Europa en un tema de reflexi\u00f3n propio de nuestra actualidad como es el de la inmigraci\u00f3n.<\/p>\n<p><span style=\"color: #ff00ff;\"><strong>B\u00e9lgica<\/strong><\/span><\/p>\n<p><span style=\"color: #ff00ff;\"><em><strong>Emma Peeters<\/strong><\/em><\/span><\/p>\n<p>Nicole Palo \/ B\u00e9lgica, Canad\u00e1 \/ 90 min \/ Comedia<\/p>\n<p>En 34 a\u00f1os de existencia, Emma no ha llegado muy lejos. Convencida de que su vida es un fracaso, decide ponerle fin. Mientras lo prepara, conoce a Alex, el amable empleado de una funeraria. Lejos de disuadirla, la ayuda de formas inesperadas.<\/p>\n<p><iframe loading=\"lazy\" title=\"EMMA PEETERS Trailer English subtitles\" width=\"800\" height=\"450\" src=\"https:\/\/www.youtube.com\/embed\/SmKVxYLL9Hs?feature=oembed\" frameborder=\"0\" allow=\"accelerometer; autoplay; clipboard-write; encrypted-media; gyroscope; picture-in-picture\" allowfullscreen><\/iframe><\/p>\n<p>&nbsp;<\/p>\n<p><span style=\"color: #ff00ff;\"><strong>Croacia<\/strong><\/span><\/p>\n<p><span style=\"color: #ff00ff;\"><em><strong>T\u00fa me llevas<\/strong><\/em><\/span><\/p>\n<p>IvonaJuka \/ Croacia \/ 155 min \/ Acci\u00f3n, drama<\/p>\n<p>T\u00edtulo original: Ti mene nosi\u0161<\/p>\n<p>Tres hijas, tres padres, tres generaciones, tres perspectivas sobre las relaciones que pueden variar enormemente. La pel\u00edcula cuenta varias historias cuyo eje es la lucha por la supervivencia, el perd\u00f3n y las nuevas oportunidades.<\/p>\n<p><iframe loading=\"lazy\" title=\"OFFICIAL VOST TRAILER &quot;YOU CARRY ME&quot;\" width=\"800\" height=\"450\" src=\"https:\/\/www.youtube.com\/embed\/EWPVcoxD8o0?feature=oembed\" frameborder=\"0\" allow=\"accelerometer; autoplay; clipboard-write; encrypted-media; gyroscope; picture-in-picture\" allowfullscreen><\/iframe><\/p>\n<p>&nbsp;<\/p>\n<p><span style=\"color: #ff00ff;\"><strong>Dinamarca<\/strong><\/span><\/p>\n<p><span style=\"color: #ff00ff;\"><em><strong>A Perfectly Normal Family<\/strong><\/em><\/span><\/p>\n<p>De MalouReymann \/ Dinamarca \/ 93 min \/ Drama<\/p>\n<p>T\u00edtulo original: En heltalmindeligfamilie<\/p>\n<p>Thomas, Helle, Emma y Caroline son una familia \u201cperfectamente normal\u201d. Pero cuando el padre de la familia, Thomas, les dice que es transg\u00e9nero, todo cambia. La familia lucha por aferrarse a todo lo que ten\u00edan juntos y, al mismo tiempo, tiene que aceptar que a partir de ahora todo ser\u00e1 diferente. \u00bfPuede Thomas, ahora llamado Agnete, formar parte de la familia tal como antes? \u00bfSe puede ser padre, siendo mujer?<\/p>\n<p><iframe loading=\"lazy\" title=\"A Perfectly Normal Family by Malou Reymann - International Trailer\" width=\"800\" height=\"450\" src=\"https:\/\/www.youtube.com\/embed\/PsB8RFnFFGM?feature=oembed\" frameborder=\"0\" allow=\"accelerometer; autoplay; clipboard-write; encrypted-media; gyroscope; picture-in-picture\" allowfullscreen><\/iframe><\/p>\n<p>&nbsp;<\/p>\n<p><span style=\"color: #ff00ff;\"><strong>Dinamarca<\/strong><\/span><\/p>\n<p><span style=\"color: #ff00ff;\"><em><strong>Fat Front<\/strong><\/em><\/span><\/p>\n<p>De LouiseDetlefsen, LouiseUnmackKjeldsen \/ Dinamarca \/ 87 min.<\/p>\n<p>Documental \/ T\u00edtulo original: Fat Front<\/p>\n<p>Documental dan\u00e9s sobre cuatro mujeres escandinavas: Helene, Marte, Pauline y Wilde que se niegan a sentir verg\u00fcenza por estar gordas. Ellas exigen respeto y reconocimiento en una sociedad obsesionada con la dieta, mientras luchan con su falta de autoestima. Durante bastante tiempo han puesto sus vidas en espera hasta el d\u00eda en que se vieran delgadas, este d\u00eda nunca lleg\u00f3, pero s\u00ed han llegado a encontrarse con ellas mismas. Fat Front, con un tono provocativo del feminismo y un enfoque art\u00edstico de la belleza del cuerpo, busca cambiar la forma en que vemos los cuerpos. El documental ofrece una visi\u00f3n poderosa e inspiradora de la vida del activismo corporal.<\/p>\n<p><iframe loading=\"lazy\" title=\"Fat Front - Trailer\" width=\"800\" height=\"450\" src=\"https:\/\/www.youtube.com\/embed\/UGX_YU3appw?feature=oembed\" frameborder=\"0\" allow=\"accelerometer; autoplay; clipboard-write; encrypted-media; gyroscope; picture-in-picture\" allowfullscreen><\/iframe><\/p>\n<p>&nbsp;<\/p>\n<p><span style=\"color: #ff00ff;\"><strong>Eslovenia<\/strong><\/span><\/p>\n<p><span style=\"color: #ff00ff;\"><em><strong>My Last Year as a Loser<\/strong><\/em><\/span><\/p>\n<p>De Ur\u0161aMenart \/ Eslovenia \/ 88 min \/ Drama<\/p>\n<p>T\u00edtulo original: Ne BomVecLuzerka<\/p>\n<p>\u0160pela, quien pronto cumplir\u00e1 30 a\u00f1os, es una joven graduada en Historia del Arte que lucha por encontrar un trabajo estable. Mientras tanto se gana la vida como recepcionista de una galer\u00eda de arte, guardavidas en una piscina, y camarera en un bar de la ciudad.<\/p>\n<p>A diferencia de sus mejores amigas, que se mudaron de Eslovenia hace a\u00f1os y no tienen la intenci\u00f3n de regresar, \u0160pela insiste en quedarse en Ljubljana, aunque la mayor parte de su vida social se desarrolla a trav\u00e9s de Skype. Cuando su novio de toda la vida tambi\u00e9n se marcha tras recibir una oferta de trabajo en el extranjero, \u0160pela se queda sin departamento, trabajo y compa\u00f1\u00eda. De vuelta en la casa de sus padres y su abuela, quien ahora ocupa la que fuera su habitaci\u00f3n de ni\u00f1a, \u0160pela se da cuenta de que crecer ser\u00e1 m\u00e1s dif\u00edcil de lo que esperaba.<\/p>\n<p><iframe loading=\"lazy\" title=\"Ne bom ve\u010d luzerka \/ My Last Year as a Loser - Napovednik \/ Official Trailer\" width=\"800\" height=\"450\" src=\"https:\/\/www.youtube.com\/embed\/JGBjQsOmJLM?feature=oembed\" frameborder=\"0\" allow=\"accelerometer; autoplay; clipboard-write; encrypted-media; gyroscope; picture-in-picture\" allowfullscreen><\/iframe><\/p>\n<p>&nbsp;<\/p>\n<p><span style=\"color: #ff00ff;\"><strong>Espa\u00f1a<\/strong><\/span><\/p>\n<p><span style=\"color: #ff00ff;\"><em><strong>Lo que arde<\/strong><\/em><\/span><\/p>\n<p>De Oliver Laxe \/ Espa\u00f1a, Francia, Luxemburgo \/ 86 min \/ Drama<\/p>\n<p>T\u00edtulo original: O que arde<\/p>\n<p>Cuando Amador Coro sale de la c\u00e1rcel por haber provocado un incendio, nadie lo espera. Vuelve a su ciudad natal, un peque\u00f1o pueblo escondido en las monta\u00f1as de la Galicia rural, para vivir con su madre mayor, Benedicta, y tres vacas. La vida transcurre tranquilamente, siguiendo el ritmo de la naturaleza. Hasta la noche en que un incendio arrasa la regi\u00f3n.<\/p>\n<p>https:\/\/cineuropa.org\/en\/video\/rdid\/371097\/<\/p>\n<p>&nbsp;<\/p>\n<p><span style=\"color: #ff00ff;\"><strong>Finlandia<\/strong><\/span><\/p>\n<p><span style=\"color: #ff00ff;\"><em><strong>Helsinki Mansplaining Massacre<\/strong><\/em><\/span><\/p>\n<p>De IljaRautsi \/ Finlandia \/ 15 min\/ Cortometraje, comedia, horror<\/p>\n<p>T\u00edtulo original: Helsinki Mansplaining Massacre<\/p>\n<p>Un hombre habla condescendientemente con alguien (generalmente una mujer) acerca de un tema sobre el cual tiene incompleto conocimiento, con la suposici\u00f3n err\u00f3nea de que \u00e9l sabe m\u00e1s sobre aquel tema, que la persona con la que est\u00e1 hablando.<\/p>\n<p>Una comedia de terror intensamente hist\u00e9rica sobre la lucha desesperada de una mujer por sobrevivir a una horda de hombres con egos fr\u00e1giles, que solo quiere explicarle todo. Pero el mayor horror puede estar m\u00e1s cerca de ella de lo que cree.<\/p>\n<p><iframe loading=\"lazy\" title=\"Helsinki Mansplaining Massacre - Official Trailer\" width=\"800\" height=\"450\" src=\"https:\/\/www.youtube.com\/embed\/uO8poh0rH0c?feature=oembed\" frameborder=\"0\" allow=\"accelerometer; autoplay; clipboard-write; encrypted-media; gyroscope; picture-in-picture\" allowfullscreen><\/iframe><\/p>\n<p>&nbsp;<\/p>\n<p><span style=\"color: #ff00ff;\"><strong>Francia<\/strong><\/span><\/p>\n<p><span style=\"color: #ff00ff;\"><em><strong>Los j\u00f3venes salvajes<\/strong><\/em><\/span><\/p>\n<p>De Bertrand Mandico \/ Francia \/ 110 min \/ Aventura, drama, fantas\u00eda<\/p>\n<p>T\u00edtulo original: Les gar\u00e7onssauvages<\/p>\n<p>A principios del siglo XX, cinco chicos de buena familia, ebrios de libertad, cometen un acto salvaje. Por ese hecho son encerrados en un barco por el Capit\u00e1n, atrapados en un viaje que se transforma en un crucero represivo. Tras amotinarse, los j\u00f3venes llegan a una misteriosa isla de vegetaci\u00f3n lujuriosa y placeres ocultos, donde sus vidas se transformar\u00e1n para siempre.<\/p>\n<p>Basada en la obra de\u00a0William S. Burroughs \u00abThe Wild Boys: A Book of the Dead\u00bb.<\/p>\n<p><iframe loading=\"lazy\" title=\"LOS JOVENES SALVAJES TRAILER\" src=\"https:\/\/player.vimeo.com\/video\/313876064?dnt=1&amp;app_id=122963\" width=\"800\" height=\"450\" frameborder=\"0\" allow=\"autoplay; fullscreen; picture-in-picture\" allowfullscreen><\/iframe><\/p>\n<p>&nbsp;<\/p>\n<p><span style=\"color: #ff00ff;\"><strong>Francia<\/strong><\/span><\/p>\n<p><span style=\"color: #ff00ff;\"><em><strong>Una ni\u00f1a<\/strong><\/em><\/span><\/p>\n<p>S\u00e9bastien Lifshitz \/ Francia \/ 85 min \/ Documental<\/p>\n<p>T\u00edtulo original: PetiteFille<\/p>\n<p>A principios del siglo XX, cinco chicos de buena familia, ebrios de libertad, cometen un acto salvaje. Por ese hecho son encerrados en un barco por el Capit\u00e1n, atrapados en un viaje que se transforma en un crucero represivo. Tras amotinarse, los j\u00f3venes llegan a una misteriosa isla de vegetaci\u00f3n lujuriosa y placeres ocultos, donde sus vidas se transformar\u00e1n para siempre.<\/p>\n<p>Basada en la obra de\u00a0William S. Burroughs \u00abThe Wild Boys: A Book of the Dead\u00bb.<\/p>\n<p><a href=\"https:\/\/vimeo.com\/313876064\">https:\/\/vimeo.com\/313876064<\/a><\/p>\n<\/div>\n<p>&nbsp;<\/p>\n<div dir=\"auto\">\n<p><span style=\"color: #ff00ff;\"><strong>Italia<\/strong><\/span><\/p>\n<p><span style=\"color: #ff00ff;\"><em><strong>El valor de una mujer<\/strong><\/em><\/span><\/p>\n<p>De Marco TullioGiordana \/ Italia \/ 98 min \/ Drama<\/p>\n<p>T\u00edtulo original: Nome di donna<\/p>\n<p>Nina deja Mil\u00e1n para mudarse a un peque\u00f1o pueblo de Lombard\u00eda. All\u00ed encuentra trabajo en una prestigiosa cl\u00ednica para ancianos donde trabajan muchas otras mujeres. Pero el lugar esconde un oscuro secreto. Cuando Nina lo descubra, se ver\u00e1 obligada a enfrentarse a los directivos de la cl\u00ednica y a sus propias colegas en una batalla por hacer valer sus derechos y proteger su dignidad.<\/p>\n<p><a href=\"https:\/\/vimeo.com\/359598006\">https:\/\/vimeo.com\/359598006<\/a><\/p>\n<p><span style=\"color: #ff00ff;\"><strong>Polonia<\/strong><\/span><\/p>\n<p><span style=\"color: #ff00ff;\"><em><strong>Ganas de vivir<\/strong><\/em><\/span><\/p>\n<p>De MaciejPieprzyca \/ Polonia \/ 107 min \/ Drama<\/p>\n<p>T\u00edtulo original: Chcesi\u0119\u017cy\u0107<\/p>\n<p>Mateusz, un hombre joven e inteligente, sufre una severa par\u00e1lisis cerebral y es atrapado en su propio cuerpo. Su mundo protegido se destruye cuando lo internan en una instituci\u00f3n, donde es maltratado. \u201cGanas de vivir\u201d narra su problem\u00e1tico crecimiento en la transici\u00f3n de Polonia entre 1980 y 1990.<\/p>\n<p><iframe loading=\"lazy\" title=\"CHCE SI\u0118 \u017bY\u0106 - zwiastun\" width=\"800\" height=\"450\" src=\"https:\/\/www.youtube.com\/embed\/qHZo0LMBOw4?feature=oembed\" frameborder=\"0\" allow=\"accelerometer; autoplay; clipboard-write; encrypted-media; gyroscope; picture-in-picture\" allowfullscreen><\/iframe><\/p>\n<p>&nbsp;<\/p>\n<p><span style=\"color: #ff00ff;\"><strong>Portugal<\/strong><\/span><\/p>\n<p><span style=\"color: #ff00ff;\"><em><strong>Morir como un hombre<\/strong><\/em><\/span><\/p>\n<p>De Jo\u00e3o Pedro Rodrigues \/ Portugal, Francia \/ 134 min \/ Drama, m\u00fasica<\/p>\n<p>T\u00edtulo original: Morrer Como UmHomem<\/p>\n<p>La noche de Lisboa como homenaje y r\u00e9quiem, a trav\u00e9s de la historia de Tonia, un transexual cuya juventud ha quedado atr\u00e1s y desea operarse para cambiar de sexo. El amor le da sentido a su vida, pero tambi\u00e9n sufrimiento; y es entre esa pasi\u00f3n por vivir la vida intensamente y ese padecer de la soledad -que siempre amenaza- donde se instala esta poderosa tercera pel\u00edcula de Jo\u00e3o Pedro Rodrigues.<\/p>\n<p>&nbsp;<\/p>\n<p><iframe loading=\"lazy\" title=\"To Die Like A Man\" width=\"800\" height=\"450\" src=\"https:\/\/www.youtube.com\/embed\/BdPHZajMtn8?feature=oembed\" frameborder=\"0\" allow=\"accelerometer; autoplay; clipboard-write; encrypted-media; gyroscope; picture-in-picture\" allowfullscreen><\/iframe><\/p>\n<p>&nbsp;<\/p>\n<p><span style=\"color: #ff00ff;\"><strong>Rumania<\/strong><\/span><\/p>\n<p><span style=\"color: #ff00ff;\"><em><strong>Acasa, My Home<\/strong><\/em><\/span><\/p>\n<p>De RaduCiorniciuc \/ Rumania, Alemania, Finlandia \/ 86 min \/ Documental<\/p>\n<p>T\u00edtulo original: Acas\u01ce, my home<\/p>\n<p>Durante dos d\u00e9cadas, la familia Enache ha vivido en una casa hecha con materiales de desecho, cerca del delta de Bucarest. La familia vivi\u00f3 en perfecta armon\u00eda con la naturaleza durante dos d\u00e9cadas, durmiendo en la caba\u00f1a a orillas del lago, pescando con las manos desnudas y siguiendo el ritmo de las estaciones. Cuando esta \u00e1rea se transforma en un parque nacional p\u00fablico, se ven obligados a dejar atr\u00e1s su vida poco convencional y mudarse a la ciudad, donde las ca\u00f1as de pescar son reemplazadas por tel\u00e9fonos inteligentes y las tardes ociosas ahora se pasan en las aulas.<\/p>\n<p>A medida que la familia lucha por adaptarse a la civilizaci\u00f3n moderna y mantener su conexi\u00f3n entre ellos y con ellos mismos, cada uno comienza a cuestionar su lugar en el mundo y cu\u00e1l podr\u00eda ser su futuro. Con sus ra\u00edces en el desierto, los nueve hijos y sus padres luchan para encontrar una manera de mantener unida a su familia en la jungla de asfalto.<\/p>\n<p>&nbsp;<\/p>\n<p><iframe loading=\"lazy\" title=\"ACASA, MY HOME - official U.S. trailer\" width=\"800\" height=\"450\" src=\"https:\/\/www.youtube.com\/embed\/HeYEhuxLgJQ?feature=oembed\" frameborder=\"0\" allow=\"accelerometer; autoplay; clipboard-write; encrypted-media; gyroscope; picture-in-picture\" allowfullscreen><\/iframe><\/p>\n<p>&nbsp;<\/p>\n<\/div>\n<p>&nbsp;<\/p>\n<div dir=\"auto\">\n<p><span style=\"color: #ff00ff;\"><strong>Suecia<\/strong><\/span><\/p>\n<p><span style=\"color: #ff00ff;\"><em><strong>Yo soy Greta<\/strong><\/em><\/span><\/p>\n<p>De Nathan Grossman\/ Suecia \/ 98 min \/ Documental, , Biograf\u00eda<\/p>\n<p>T\u00edtulo original:I\u00b4m Greta<\/p>\n<p>La historia de la activista ambiental adolescente Greta Thunberg es contada a trav\u00e9s de material in\u00e9dito y cautivante en este documental \u00edntimo del director sueco Nathan Grossman. Partiendo de la huelga escolar individual para la acci\u00f3n ambiental frente al Parlamento sueco, Grossman sigue a Greta \u2013 una estudiante t\u00edmida con S\u00edndrome de Asperger- en su ascenso a la notoriedad y su impacto decisivo a medida que inspira huelgas estudiantiles alrededor del mundo. La pel\u00edcula culmina con su viaje en velero a trav\u00e9s del Oc\u00e9ano Atl\u00e1ntico para hablar en la Cumbre de la ONU sobre la Acci\u00f3n Clim\u00e1tica en Nueva York.<\/p>\n<p>&nbsp;<\/p>\n<p><iframe loading=\"lazy\" title=\"I AM GRETA (2020) | Trailer Subtitulado | Greta Thunberg\" width=\"800\" height=\"450\" src=\"https:\/\/www.youtube.com\/embed\/3WRm6pBS0lY?feature=oembed\" frameborder=\"0\" allow=\"accelerometer; autoplay; clipboard-write; encrypted-media; gyroscope; picture-in-picture\" allowfullscreen><\/iframe><\/p>\n<p><span style=\"color: #ff00ff;\"><strong>El D\u00eda de Europa, 9 de mayo<\/strong><\/span><\/p>\n<p>Se conmemora el hito hist\u00f3rico que fund\u00f3 el proceso de integraci\u00f3n regional europeo: la declaraci\u00f3n que hizo en 1950 el entonces Ministro franc\u00e9s de Relaciones Exteriores, Robert Schuman, para lanzar la idea de unir a los pa\u00edses europeos de manera tan estrecha, a trav\u00e9s de una interdependencia tan profunda, que la guerra entre ellos fuese imposible en adelante.<\/p>\n<p><strong>La Uni\u00f3n Europea<\/strong> es hoy una asociaci\u00f3n de 27 pa\u00edses que naci\u00f3 de una uni\u00f3n econ\u00f3mica y ha evolucionado hasta convertirse en una organizaci\u00f3n de integraci\u00f3n regional activa en todos los frentes pol\u00edticos, desde la educaci\u00f3n hasta la protecci\u00f3n del medio ambiente y la defensa. Est\u00e1 presente en otros pa\u00edses a trav\u00e9s de su pol\u00edtica de relaciones exteriores.\u00a0 En ese contexto, es el primer exportador e importador mundial y el mayor donante mundial de cooperaci\u00f3n internacional y de ayuda humanitaria.<\/p>\n<p><strong>MIR\u00c1 LOS TRAILERS DE CADA PEL\u00cdCULA<\/strong><\/p>\n<p><a href=\"https:\/\/youtu.be\/yPbqxEZZkzs\">https:\/\/youtu.be\/yPbqxEZZkzs<\/a><\/p>\n<\/div>\n<div dir=\"auto\"><\/div>\n<div dir=\"auto\">Las pel\u00edculas est\u00e1n disponibles en el sitio web del Encuentro de Cine Europeo <a href=\"https:\/\/www.cineueargentina.com\">https:\/\/www.cineueargentina.com<\/a><\/div>\n<div dir=\"auto\"><\/div>\n<div dir=\"auto\"><img loading=\"lazy\" decoding=\"async\" class=\"alignnone wp-image-37406 size-full\" src=\"https:\/\/vocesparalelas.com.ar\/sitio\/wp-content\/uploads\/2021\/05\/MBAFR-CINE.jpg\" alt=\"\" width=\"800\" height=\"800\" \/><\/div>\n<div dir=\"auto\"><\/div>\n<div dir=\"auto\"><img loading=\"lazy\" decoding=\"async\" class=\"alignnone wp-image-22173 size-large\" src=\"https:\/\/vocesparalelas.com.ar\/sitio\/wp-content\/uploads\/2019\/07\/museo-fr-800x531.jpg\" alt=\"\" width=\"800\" height=\"531\" srcset=\"https:\/\/vocesparalelas.com.ar\/sitio\/wp-content\/uploads\/2019\/07\/museo-fr-800x531.jpg 800w, https:\/\/vocesparalelas.com.ar\/sitio\/wp-content\/uploads\/2019\/07\/museo-fr-300x199.jpg 300w, https:\/\/vocesparalelas.com.ar\/sitio\/wp-content\/uploads\/2019\/07\/museo-fr-768x510.jpg 768w, https:\/\/vocesparalelas.com.ar\/sitio\/wp-content\/uploads\/2019\/07\/museo-fr.jpg 1000w\" sizes=\"auto, (max-width: 800px) 100vw, 800px\" \/><\/div>\n","protected":false},"excerpt":{"rendered":"<p>El Museo Franklin Rawson, a trav\u00e9s de su espacio \u201cCine Club Museo Franklin Rawson\u201d, Alianza Francesa de San Juan y<\/p>\n","protected":false},"author":3,"featured_media":37407,"comment_status":"closed","ping_status":"closed","sticky":false,"template":"","format":"video","meta":{"_acf_changed":false,"_seopress_robots_primary_cat":"none","_seopress_titles_title":"","_seopress_titles_desc":"","_seopress_robots_index":"","colormag_page_container_layout":"default_layout","colormag_page_sidebar_layout":"default_layout","footnotes":""},"categories":[20,7],"tags":[],"class_list":["post-37404","post","type-post","status-publish","format-video","has-post-thumbnail","hentry","category-cartelera","category-videos","post_format-post-format-video"],"acf":[],"_links":{"self":[{"href":"https:\/\/vocesparalelas.com.ar\/sitio\/wp-json\/wp\/v2\/posts\/37404","targetHints":{"allow":["GET"]}}],"collection":[{"href":"https:\/\/vocesparalelas.com.ar\/sitio\/wp-json\/wp\/v2\/posts"}],"about":[{"href":"https:\/\/vocesparalelas.com.ar\/sitio\/wp-json\/wp\/v2\/types\/post"}],"author":[{"embeddable":true,"href":"https:\/\/vocesparalelas.com.ar\/sitio\/wp-json\/wp\/v2\/users\/3"}],"replies":[{"embeddable":true,"href":"https:\/\/vocesparalelas.com.ar\/sitio\/wp-json\/wp\/v2\/comments?post=37404"}],"version-history":[{"count":1,"href":"https:\/\/vocesparalelas.com.ar\/sitio\/wp-json\/wp\/v2\/posts\/37404\/revisions"}],"predecessor-version":[{"id":37408,"href":"https:\/\/vocesparalelas.com.ar\/sitio\/wp-json\/wp\/v2\/posts\/37404\/revisions\/37408"}],"wp:featuredmedia":[{"embeddable":true,"href":"https:\/\/vocesparalelas.com.ar\/sitio\/wp-json\/wp\/v2\/media\/37407"}],"wp:attachment":[{"href":"https:\/\/vocesparalelas.com.ar\/sitio\/wp-json\/wp\/v2\/media?parent=37404"}],"wp:term":[{"taxonomy":"category","embeddable":true,"href":"https:\/\/vocesparalelas.com.ar\/sitio\/wp-json\/wp\/v2\/categories?post=37404"},{"taxonomy":"post_tag","embeddable":true,"href":"https:\/\/vocesparalelas.com.ar\/sitio\/wp-json\/wp\/v2\/tags?post=37404"}],"curies":[{"name":"wp","href":"https:\/\/api.w.org\/{rel}","templated":true}]}}