{"id":37389,"date":"2021-05-03T21:56:03","date_gmt":"2021-05-04T00:56:03","guid":{"rendered":"http:\/\/vocesparalelas.com.ar\/sitio\/?p=37389"},"modified":"2021-05-08T12:30:56","modified_gmt":"2021-05-08T15:30:56","slug":"39o-aniversario-del-hundimiento-del-crucero-general-belgrano","status":"publish","type":"post","link":"https:\/\/vocesparalelas.com.ar\/sitio\/39o-aniversario-del-hundimiento-del-crucero-general-belgrano\/","title":{"rendered":"39\u00ba aniversario del hundimiento del Crucero General Belgrano"},"content":{"rendered":"<p>Por el 39\u00ba aniversario del hundimiento del Crucero General Belgrano, el Ministerio de Gobierno realiz\u00f3 un acto en conmemoraci\u00f3n de los 21 soldados sanjuaninos ca\u00eddos.<\/p>\n<p>Estuvieron presentes la ministro de Gobierno, Dra. Fabiola Aubone, el secretario de Relaciones Institucionales, Lic. Marcelo Fretes y la directora de Cultos y Organizaciones No Gubernamentales Lic. Liliana Olgu\u00edn, el intendente de la Municipalidad de la Capital, Dr. Emilio Baistrocchi y asociaciones de excombatientes de Malvinas y familiares de ca\u00eddos en el Crucero Belgrano.<\/p>\n<p><img loading=\"lazy\" decoding=\"async\" class=\"alignnone wp-image-37392 size-full\" src=\"https:\/\/vocesparalelas.com.ar\/sitio\/wp-content\/uploads\/2021\/05\/GRAL-BELGRANO-01.jpg\" alt=\"\" width=\"800\" height=\"533\" srcset=\"https:\/\/vocesparalelas.com.ar\/sitio\/wp-content\/uploads\/2021\/05\/GRAL-BELGRANO-01.jpg 800w, https:\/\/vocesparalelas.com.ar\/sitio\/wp-content\/uploads\/2021\/05\/GRAL-BELGRANO-01-300x200.jpg 300w, https:\/\/vocesparalelas.com.ar\/sitio\/wp-content\/uploads\/2021\/05\/GRAL-BELGRANO-01-768x512.jpg 768w\" sizes=\"auto, (max-width: 800px) 100vw, 800px\" \/><\/p>\n<p>El acto comenz\u00f3 el sonido del clar\u00edn ejecutado por un efectivo del RIM 22 con la interpretaci\u00f3n \u00abSilencio\u00bb.<\/p>\n<p><iframe loading=\"lazy\" title=\"MALVINAS\" width=\"800\" height=\"450\" src=\"https:\/\/www.youtube.com\/embed\/ln1RfkNdCkk?feature=oembed\" frameborder=\"0\" allow=\"accelerometer; autoplay; clipboard-write; encrypted-media; gyroscope; picture-in-picture\" allowfullscreen><\/iframe><\/p>\n<p>Luego, se enton\u00f3 el Himno Nacional Argentino y la Marcha a las Malvinas.<\/p>\n<p><iframe loading=\"lazy\" title=\"MALVINAS\" width=\"800\" height=\"450\" src=\"https:\/\/www.youtube.com\/embed\/XwuxLZUPutM?feature=oembed\" frameborder=\"0\" allow=\"accelerometer; autoplay; clipboard-write; encrypted-media; gyroscope; picture-in-picture\" allowfullscreen><\/iframe><\/p>\n<p>Posteriormente, se colocaron ofrendas y se descubri\u00f3 una placa que honra la memoria de los combatientes sanjuaninos que perdieron sus vidas en el Crucero, emplazado en el monumento que recuerda a todos los soldados de la provincia ca\u00eddos en las Islas Malvinas.<\/p>\n<p><img loading=\"lazy\" decoding=\"async\" class=\"alignnone wp-image-37396 size-full\" src=\"https:\/\/vocesparalelas.com.ar\/sitio\/wp-content\/uploads\/2021\/05\/GRAL-BELGRANO-05.jpg\" alt=\"\" width=\"800\" height=\"533\" srcset=\"https:\/\/vocesparalelas.com.ar\/sitio\/wp-content\/uploads\/2021\/05\/GRAL-BELGRANO-05.jpg 800w, https:\/\/vocesparalelas.com.ar\/sitio\/wp-content\/uploads\/2021\/05\/GRAL-BELGRANO-05-300x200.jpg 300w, https:\/\/vocesparalelas.com.ar\/sitio\/wp-content\/uploads\/2021\/05\/GRAL-BELGRANO-05-768x512.jpg 768w\" sizes=\"auto, (max-width: 800px) 100vw, 800px\" \/><\/p>\n<p><img loading=\"lazy\" decoding=\"async\" class=\"alignnone wp-image-37395 size-full\" src=\"https:\/\/vocesparalelas.com.ar\/sitio\/wp-content\/uploads\/2021\/05\/GRAL-BELGRANO-04.jpg\" alt=\"\" width=\"800\" height=\"533\" srcset=\"https:\/\/vocesparalelas.com.ar\/sitio\/wp-content\/uploads\/2021\/05\/GRAL-BELGRANO-04.jpg 800w, https:\/\/vocesparalelas.com.ar\/sitio\/wp-content\/uploads\/2021\/05\/GRAL-BELGRANO-04-300x200.jpg 300w, https:\/\/vocesparalelas.com.ar\/sitio\/wp-content\/uploads\/2021\/05\/GRAL-BELGRANO-04-768x512.jpg 768w\" sizes=\"auto, (max-width: 800px) 100vw, 800px\" \/><\/p>\n<p><img loading=\"lazy\" decoding=\"async\" class=\"alignnone wp-image-37394 size-full\" src=\"https:\/\/vocesparalelas.com.ar\/sitio\/wp-content\/uploads\/2021\/05\/GRAL-BELGRANO-03.jpg\" alt=\"\" width=\"800\" height=\"533\" srcset=\"https:\/\/vocesparalelas.com.ar\/sitio\/wp-content\/uploads\/2021\/05\/GRAL-BELGRANO-03.jpg 800w, https:\/\/vocesparalelas.com.ar\/sitio\/wp-content\/uploads\/2021\/05\/GRAL-BELGRANO-03-300x200.jpg 300w, https:\/\/vocesparalelas.com.ar\/sitio\/wp-content\/uploads\/2021\/05\/GRAL-BELGRANO-03-768x512.jpg 768w\" sizes=\"auto, (max-width: 800px) 100vw, 800px\" \/><\/p>\n<p><img loading=\"lazy\" decoding=\"async\" class=\"alignnone wp-image-37393 size-full\" src=\"https:\/\/vocesparalelas.com.ar\/sitio\/wp-content\/uploads\/2021\/05\/GRAL-BELGRANO-02.jpg\" alt=\"\" width=\"800\" height=\"533\" srcset=\"https:\/\/vocesparalelas.com.ar\/sitio\/wp-content\/uploads\/2021\/05\/GRAL-BELGRANO-02.jpg 800w, https:\/\/vocesparalelas.com.ar\/sitio\/wp-content\/uploads\/2021\/05\/GRAL-BELGRANO-02-300x200.jpg 300w, https:\/\/vocesparalelas.com.ar\/sitio\/wp-content\/uploads\/2021\/05\/GRAL-BELGRANO-02-768x512.jpg 768w\" sizes=\"auto, (max-width: 800px) 100vw, 800px\" \/><\/p>\n<p>Seguidamente, Anah\u00ed Moreno, hija de Waldo Eduardo Moreno, soldado ca\u00eddo en el Crucero General Belgrano, tom\u00f3 la palabra: \u201cEn el 2019 pude rendir homenaje a mi padre en las Islas Malvinas, as\u00ed como tambi\u00e9n a todos los que dejaron sus vidas all\u00ed. El d\u00eda que pude tocar el mar, cerr\u00e9 una herida muy grande, y no tengo m\u00e1s que palabras de agradecimiento a la ministra Aubone quien cumpli\u00f3 ese deseo, y al gobierno sanjuanino por el reconocimiento a los ca\u00eddos en el Crucero Belgrano a trav\u00e9s de esta placa\u201d.<\/p>\n<p><iframe loading=\"lazy\" title=\"MALVINAS\" width=\"800\" height=\"450\" src=\"https:\/\/www.youtube.com\/embed\/oKbcQizr6dE?feature=oembed\" frameborder=\"0\" allow=\"accelerometer; autoplay; clipboard-write; encrypted-media; gyroscope; picture-in-picture\" allowfullscreen><\/iframe><\/p>\n<p>A continuaci\u00f3n, la directora de Cultos y Organizaciones No Gubernamentales Lic. Liliana Olgu\u00edn a\u00f1adi\u00f3 sobre la importancia de la labor que el MinGob realiz\u00f3 con los ex-combatientes y sus familias: \u201cLa gesti\u00f3n hizo grandes homenajes a nuestros h\u00e9roes, no s\u00f3lo en actos y reconocimientos sino en la posibilidad de que pudieran volver a las Islas Malvinas, pudiendo sanar heridas y conectarse nuevamente con quienes quedaron all\u00ed, cerrando un ciclo muy importante de sus vidas\u201d.<\/p>\n<p><iframe loading=\"lazy\" title=\"MALVINAS\" width=\"800\" height=\"450\" src=\"https:\/\/www.youtube.com\/embed\/bvErBsxt0T4?feature=oembed\" frameborder=\"0\" allow=\"accelerometer; autoplay; clipboard-write; encrypted-media; gyroscope; picture-in-picture\" allowfullscreen><\/iframe><\/p>\n<p>Posteriormente, el\u00a0intendente de la Municipalidad de la Capital, Dr. Emilio Baistrocchi record\u00f3 los viajes que se realizaron a la Islas Malvinas.<\/p>\n<p><iframe loading=\"lazy\" title=\"MALVINAS\" width=\"800\" height=\"450\" src=\"https:\/\/www.youtube.com\/embed\/ArY1cO3b4Hk?feature=oembed\" frameborder=\"0\" allow=\"accelerometer; autoplay; clipboard-write; encrypted-media; gyroscope; picture-in-picture\" allowfullscreen><\/iframe><\/p>\n<p>&nbsp;<\/p>\n<p>Finalmente, la ministro de Gobierno, Dra. Fabiola Aubone remarc\u00f3 que \u00abnuestra tarea es seguir malvinizando, que no recordemos solamente el 2 de abril a nuestros h\u00e9roes, sino todos los d\u00edas\u201d destac\u00f3 la ministra Aubone, resaltando el trabajo de la gesti\u00f3n provincial en preservar la memoria de Malvinas y sus h\u00e9roes. \u201cEl compromiso del gobernador Sergio U\u00f1ac, al igual que el nuestro, fue el de homenajear a los ex-combatientes y a sus familias, y mantener nuestra historia presente y viva, porque las Malvinas fueron, son y ser\u00e1n argentinas\u201d.<\/p>\n<p><iframe loading=\"lazy\" title=\"MALVINAS\" width=\"800\" height=\"450\" src=\"https:\/\/www.youtube.com\/embed\/-pQ6Puowb8Q?feature=oembed\" frameborder=\"0\" allow=\"accelerometer; autoplay; clipboard-write; encrypted-media; gyroscope; picture-in-picture\" allowfullscreen><\/iframe><\/p>\n<p>&nbsp;<\/p>\n<p>&nbsp;<\/p>\n<p>&nbsp;<\/p>\n<p>&nbsp;<\/p>\n","protected":false},"excerpt":{"rendered":"<p>Por el 39\u00ba aniversario del hundimiento del Crucero General Belgrano, el Ministerio de Gobierno realiz\u00f3 un acto en conmemoraci\u00f3n de<\/p>\n","protected":false},"author":3,"featured_media":37391,"comment_status":"closed","ping_status":"closed","sticky":false,"template":"","format":"video","meta":{"_acf_changed":false,"_seopress_robots_primary_cat":"none","_seopress_titles_title":"","_seopress_titles_desc":"","_seopress_robots_index":"","colormag_page_container_layout":"default_layout","colormag_page_sidebar_layout":"default_layout","footnotes":""},"categories":[10,7],"tags":[],"class_list":["post-37389","post","type-post","status-publish","format-video","has-post-thumbnail","hentry","category-opiniones","category-videos","post_format-post-format-video"],"acf":[],"_links":{"self":[{"href":"https:\/\/vocesparalelas.com.ar\/sitio\/wp-json\/wp\/v2\/posts\/37389","targetHints":{"allow":["GET"]}}],"collection":[{"href":"https:\/\/vocesparalelas.com.ar\/sitio\/wp-json\/wp\/v2\/posts"}],"about":[{"href":"https:\/\/vocesparalelas.com.ar\/sitio\/wp-json\/wp\/v2\/types\/post"}],"author":[{"embeddable":true,"href":"https:\/\/vocesparalelas.com.ar\/sitio\/wp-json\/wp\/v2\/users\/3"}],"replies":[{"embeddable":true,"href":"https:\/\/vocesparalelas.com.ar\/sitio\/wp-json\/wp\/v2\/comments?post=37389"}],"version-history":[{"count":1,"href":"https:\/\/vocesparalelas.com.ar\/sitio\/wp-json\/wp\/v2\/posts\/37389\/revisions"}],"predecessor-version":[{"id":37397,"href":"https:\/\/vocesparalelas.com.ar\/sitio\/wp-json\/wp\/v2\/posts\/37389\/revisions\/37397"}],"wp:featuredmedia":[{"embeddable":true,"href":"https:\/\/vocesparalelas.com.ar\/sitio\/wp-json\/wp\/v2\/media\/37391"}],"wp:attachment":[{"href":"https:\/\/vocesparalelas.com.ar\/sitio\/wp-json\/wp\/v2\/media?parent=37389"}],"wp:term":[{"taxonomy":"category","embeddable":true,"href":"https:\/\/vocesparalelas.com.ar\/sitio\/wp-json\/wp\/v2\/categories?post=37389"},{"taxonomy":"post_tag","embeddable":true,"href":"https:\/\/vocesparalelas.com.ar\/sitio\/wp-json\/wp\/v2\/tags?post=37389"}],"curies":[{"name":"wp","href":"https:\/\/api.w.org\/{rel}","templated":true}]}}