{"id":37386,"date":"2021-05-04T00:18:36","date_gmt":"2021-05-04T03:18:36","guid":{"rendered":"http:\/\/vocesparalelas.com.ar\/sitio\/?p=37386"},"modified":"2021-05-05T11:58:59","modified_gmt":"2021-05-05T14:58:59","slug":"como-funciona-el-sector-publico-de-san-juan","status":"publish","type":"post","link":"https:\/\/vocesparalelas.com.ar\/sitio\/como-funciona-el-sector-publico-de-san-juan\/","title":{"rendered":"\u00bfC\u00f3mo funciona el sector p\u00fablico de San Juan?"},"content":{"rendered":"<p>Ante el avance de la segunda ola de contagios de coronavirus en todo el pa\u00eds y en consonancia con las medidas implementadas por la Naci\u00f3n, el Gobierno de San Juan implementa nuevas medidas destinadas a la ciudadan\u00eda en general para reducir la transmisi\u00f3n del virus, evitar el colapso del sistema de salud y al mismo tiempo proteger la econom\u00eda provincial y la educaci\u00f3n presencial.<\/p>\n<p>Con el objetivo de descomprimir horarios picos de circulaci\u00f3n de personas y uso del transporte p\u00fablico de pasajeros, se dispuso que el horario de atenci\u00f3n en la administraci\u00f3n p\u00fablica se extienda desde las 08:30 hasta las 19:00 horas, excepto para trabajadores esenciales.<\/p>\n<p>En este sentido, cada repartici\u00f3n organizar\u00e1 a su personal en grupos separados entre s\u00ed por el lapso de una hora en la que se realizar\u00e1 la limpieza de los espacios.<\/p>\n<p>Los horarios de atenci\u00f3n al p\u00fablico ser\u00e1n de acuerdo a las prestaciones de cada repartici\u00f3n garantizando la prestaci\u00f3n del servicio habitual.<\/p>\n<p>Las formas que adopte cada repartici\u00f3n para el trabajo deber\u00e1n contemplar:<\/p>\n<ul>\n<li>Distanciamiento social<\/li>\n<li>Conformaci\u00f3n de grupos de trabajo<\/li>\n<li>Desdoblamiento horario de los grupos<\/li>\n<li>Uso de elementos de protecci\u00f3n personal (barbijo y alcohol)<\/li>\n<\/ul>\n<p>Finalmente aclararon que en cuanto se advierta que la conformaci\u00f3n de los equipos presenciales puede generar mayor riesgo, se podr\u00e1 habilitar el trabajo remoto.<\/p>\n<p>El Gobierno de San Juan apela a la responsabilidad individual para proteger el sistema de salud, la econom\u00eda y la educaci\u00f3n.<\/p>\n<p>&nbsp;<\/p>\n<p>&nbsp;<\/p>\n","protected":false},"excerpt":{"rendered":"<p>Ante el avance de la segunda ola de contagios de coronavirus en todo el pa\u00eds y en consonancia con las<\/p>\n","protected":false},"author":3,"featured_media":1245,"comment_status":"closed","ping_status":"closed","sticky":false,"template":"","format":"standard","meta":{"_acf_changed":false,"_seopress_robots_primary_cat":"none","_seopress_titles_title":"","_seopress_titles_desc":"","_seopress_robots_index":"","colormag_page_container_layout":"default_layout","colormag_page_sidebar_layout":"default_layout","footnotes":""},"categories":[6],"tags":[],"class_list":["post-37386","post","type-post","status-publish","format-standard","has-post-thumbnail","hentry","category-eventos"],"acf":[],"_links":{"self":[{"href":"https:\/\/vocesparalelas.com.ar\/sitio\/wp-json\/wp\/v2\/posts\/37386","targetHints":{"allow":["GET"]}}],"collection":[{"href":"https:\/\/vocesparalelas.com.ar\/sitio\/wp-json\/wp\/v2\/posts"}],"about":[{"href":"https:\/\/vocesparalelas.com.ar\/sitio\/wp-json\/wp\/v2\/types\/post"}],"author":[{"embeddable":true,"href":"https:\/\/vocesparalelas.com.ar\/sitio\/wp-json\/wp\/v2\/users\/3"}],"replies":[{"embeddable":true,"href":"https:\/\/vocesparalelas.com.ar\/sitio\/wp-json\/wp\/v2\/comments?post=37386"}],"version-history":[{"count":1,"href":"https:\/\/vocesparalelas.com.ar\/sitio\/wp-json\/wp\/v2\/posts\/37386\/revisions"}],"predecessor-version":[{"id":37388,"href":"https:\/\/vocesparalelas.com.ar\/sitio\/wp-json\/wp\/v2\/posts\/37386\/revisions\/37388"}],"wp:featuredmedia":[{"embeddable":true,"href":"https:\/\/vocesparalelas.com.ar\/sitio\/wp-json\/wp\/v2\/media\/1245"}],"wp:attachment":[{"href":"https:\/\/vocesparalelas.com.ar\/sitio\/wp-json\/wp\/v2\/media?parent=37386"}],"wp:term":[{"taxonomy":"category","embeddable":true,"href":"https:\/\/vocesparalelas.com.ar\/sitio\/wp-json\/wp\/v2\/categories?post=37386"},{"taxonomy":"post_tag","embeddable":true,"href":"https:\/\/vocesparalelas.com.ar\/sitio\/wp-json\/wp\/v2\/tags?post=37386"}],"curies":[{"name":"wp","href":"https:\/\/api.w.org\/{rel}","templated":true}]}}