{"id":37379,"date":"2021-05-03T23:05:05","date_gmt":"2021-05-04T02:05:05","guid":{"rendered":"http:\/\/vocesparalelas.com.ar\/sitio\/?p=37379"},"modified":"2021-05-05T00:00:33","modified_gmt":"2021-05-05T03:00:33","slug":"yo-programo-desde-san-juan","status":"publish","type":"post","link":"https:\/\/vocesparalelas.com.ar\/sitio\/yo-programo-desde-san-juan\/","title":{"rendered":"\u00abYo Programo desde San Juan\u00bb"},"content":{"rendered":"<p>El gobernador de San Juan, Dr. Sergio U\u00f1ac, mantuvo este lunes una videoconferencia con el vicepresidente de la C\u00e1mara de la Industria Argentina del Software &#8211; CESSI -, Blas Brice\u00f1o, para poner en marcha la inscripci\u00f3n de postulantes para una capacitaci\u00f3n destinada a 300 sanjuaninos interesados en materia de programaci\u00f3n de software, en el marco del programa \u00abYo Programo desde San Juan\u00bb.<\/p>\n<p>En esta oportunidad el primer mandatario provincial estuvo acompa\u00f1ado por el ministro de Producci\u00f3n y Desarrollo Econ\u00f3mico, Lic. Andr\u00e9s D\u00edaz Cano y el presidente de la Agencia Calidad San Juan, Eduardo D&#8217;Anna.<\/p>\n<p><img loading=\"lazy\" decoding=\"async\" class=\"alignnone wp-image-37382 size-full\" src=\"https:\/\/vocesparalelas.com.ar\/sitio\/wp-content\/uploads\/2021\/05\/SAN-JUAN-INTERNET-02.jpg\" alt=\"\" width=\"800\" height=\"450\" srcset=\"https:\/\/vocesparalelas.com.ar\/sitio\/wp-content\/uploads\/2021\/05\/SAN-JUAN-INTERNET-02.jpg 800w, https:\/\/vocesparalelas.com.ar\/sitio\/wp-content\/uploads\/2021\/05\/SAN-JUAN-INTERNET-02-300x169.jpg 300w, https:\/\/vocesparalelas.com.ar\/sitio\/wp-content\/uploads\/2021\/05\/SAN-JUAN-INTERNET-02-768x432.jpg 768w\" sizes=\"auto, (max-width: 800px) 100vw, 800px\" \/><\/p>\n<p>\u201cEl gobernador estuvo conversando sobre las posibilidades de que las industrias nucleadas en esta c\u00e1mara argentina se radiquen en la provincia, dado que uno de los principales problemas de la industria del software es que no tiene recursos humanos capacitados para incorporar. Es por eso que San Juan quiere hacer punta con este tema y seguir trabajando en conjunto para generar empleo en la econom\u00eda del conocimiento\u201d, expres\u00f3 el ministro de Producci\u00f3n y Desarrollo Econ\u00f3mico, Lic. Andr\u00e9s D\u00edaz Cano.<\/p>\n<p>La C\u00e1mara de la Industria Argentina del Software &#8211; CESSI &#8211; es una organizaci\u00f3n sin fines de lucro que nuclea a las empresas y entidades regionales dedicadas al desarrollo, producci\u00f3n, comercializaci\u00f3n e implementaci\u00f3n de software y todas las variantes de servicios en todo el \u00e1mbito de la Rep\u00fablica Argentina.<\/p>\n<p>La CESSI articula con entidades convocantes, empresas mentoras, entidades formadores e instituciones financiantes para lograr m\u00e1s personas que programen.<\/p>\n<p>En este sentido, D\u00edaz Cano agreg\u00f3 que, como es ya pol\u00edtica de Estado en San Juan, \u201cel Gobierno seguir\u00e1 sosteniendo los beneficios referidos a incentivos fiscales, a la generaci\u00f3n de empleo y los programas actualmente vigentes para incentivar la radicaci\u00f3n de empresas en la provincia\u201d.<\/p>\n<p><strong><span style=\"color: #ff9900;\">Yo Programo desde San Juan<\/span><\/strong><\/p>\n<p>Es un programa de formaci\u00f3n en programaci\u00f3n y pensamiento computacional de dos fases con salida laboral en oficios digitales dise\u00f1ado por la C\u00e1mara de la industria Argentina del Software, en convenio con el Gobierno de la Provincia de San Juan a trav\u00e9s del Ministerio de Producci\u00f3n de la Provincia.<\/p>\n<p>El prop\u00f3sito de la CESSI es trabajar en conjunto con distintos actores sociales para generar empleo de calidad en Argentina para el desarrollo y crecimiento de la sociedad.<\/p>\n<p>El prop\u00f3sito del Ministerio de Producci\u00f3n con este programa es capacitar a 300 personas que tengan secundario completo en el mundo de la programaci\u00f3n.<\/p>\n<p>Este lanzamiento es uno m\u00e1s de los programas que desarrolla el Ministerio de Producci\u00f3n y Desarrollo Econ\u00f3mico para ampliar la base de conocimiento de j\u00f3venes y no tan j\u00f3venes para que puedan aplicar a trabajos de calidad, permitiendo poner en radar a mas recursos humanos para las industrias inscriptas bajo la \u201cEconomia del Conocimiento\u201d<\/p>\n<p>Este programa esta desarrollado con tutores que ser\u00e1n voluntarios de las empresas que desarrollan soft en la provincia, por lo que estar\u00e1n acompa\u00f1ando a los alumnos, los que en un futuro podr\u00e1n ser parte de estas empresas.<\/p>\n<p>El programa cuenta con una fase de inscripci\u00f3n habilitada hasta el d\u00eda 29 de Mayo a las 23.59 hs. Para inscribirte y conocer m\u00e1s, ingres\u00e1 a este enlace<\/p>\n<p><a href=\"http:\/\/agenciacalidadsanjuan.com.ar\/yoprogramodesdesanjuan\/\">http:\/\/agenciacalidadsanjuan.com.ar\/yoprogramodesdesanjuan\/<\/a><\/p>\n<p>El plan est\u00e1 organizado de la siguiente manera:<\/p>\n<ul>\n<li>Fase de ciclo b\u00e1sico: 2 meses con una dedicaci\u00f3n horaria entre 8 y 10 Hs semanales.<\/li>\n<li>Fase Programar: 5 meses con una carga horaria entre 20 y 25 semanales. En las dos fases se entregaran certificados y la modalidad del cursado ser\u00e1 virtual.<\/li>\n<\/ul>\n<p>&nbsp;<\/p>\n<p>&nbsp;<\/p>\n<p>&nbsp;<\/p>\n<p>&nbsp;<\/p>\n","protected":false},"excerpt":{"rendered":"<p>El gobernador de San Juan, Dr. Sergio U\u00f1ac, mantuvo este lunes una videoconferencia con el vicepresidente de la C\u00e1mara de<\/p>\n","protected":false},"author":3,"featured_media":37381,"comment_status":"closed","ping_status":"closed","sticky":false,"template":"","format":"standard","meta":{"_acf_changed":false,"_seopress_robots_primary_cat":"none","_seopress_titles_title":"","_seopress_titles_desc":"","_seopress_robots_index":"","colormag_page_container_layout":"default_layout","colormag_page_sidebar_layout":"default_layout","footnotes":""},"categories":[9],"tags":[],"class_list":["post-37379","post","type-post","status-publish","format-standard","has-post-thumbnail","hentry","category-cursos"],"acf":[],"_links":{"self":[{"href":"https:\/\/vocesparalelas.com.ar\/sitio\/wp-json\/wp\/v2\/posts\/37379","targetHints":{"allow":["GET"]}}],"collection":[{"href":"https:\/\/vocesparalelas.com.ar\/sitio\/wp-json\/wp\/v2\/posts"}],"about":[{"href":"https:\/\/vocesparalelas.com.ar\/sitio\/wp-json\/wp\/v2\/types\/post"}],"author":[{"embeddable":true,"href":"https:\/\/vocesparalelas.com.ar\/sitio\/wp-json\/wp\/v2\/users\/3"}],"replies":[{"embeddable":true,"href":"https:\/\/vocesparalelas.com.ar\/sitio\/wp-json\/wp\/v2\/comments?post=37379"}],"version-history":[{"count":1,"href":"https:\/\/vocesparalelas.com.ar\/sitio\/wp-json\/wp\/v2\/posts\/37379\/revisions"}],"predecessor-version":[{"id":37383,"href":"https:\/\/vocesparalelas.com.ar\/sitio\/wp-json\/wp\/v2\/posts\/37379\/revisions\/37383"}],"wp:featuredmedia":[{"embeddable":true,"href":"https:\/\/vocesparalelas.com.ar\/sitio\/wp-json\/wp\/v2\/media\/37381"}],"wp:attachment":[{"href":"https:\/\/vocesparalelas.com.ar\/sitio\/wp-json\/wp\/v2\/media?parent=37379"}],"wp:term":[{"taxonomy":"category","embeddable":true,"href":"https:\/\/vocesparalelas.com.ar\/sitio\/wp-json\/wp\/v2\/categories?post=37379"},{"taxonomy":"post_tag","embeddable":true,"href":"https:\/\/vocesparalelas.com.ar\/sitio\/wp-json\/wp\/v2\/tags?post=37379"}],"curies":[{"name":"wp","href":"https:\/\/api.w.org\/{rel}","templated":true}]}}