{"id":37376,"date":"2021-05-03T20:30:52","date_gmt":"2021-05-03T23:30:52","guid":{"rendered":"http:\/\/vocesparalelas.com.ar\/sitio\/?p=37376"},"modified":"2021-05-05T01:01:05","modified_gmt":"2021-05-05T04:01:05","slug":"inscribirte-en-el-compre-sanjuanino","status":"publish","type":"post","link":"https:\/\/vocesparalelas.com.ar\/sitio\/inscribirte-en-el-compre-sanjuanino\/","title":{"rendered":"Inscribirte en el \u201cCompre Sanjuanino\u201d"},"content":{"rendered":"<p>A partir de los compromisos asumidos por el Gobierno de San Juan en \u201cAcuerdo San Juan\u201d se crea en la Provincia el nuevo R\u00e9gimen de Compre Sanjuanino para beneficio de los proveedores locales. Este r\u00e9gimen es regulado y aplicado mediante la sanci\u00f3n de la Ley 2135-A y su decreto reglamentario N\u00b0 0396-2021.<\/p>\n<p>Por medio de este r\u00e9gimen, los proveedores locales gozan de los beneficios de preferencia dispuestos en la ley para las compras y contrataciones que realice el Estado provincial y se aplica a toda la Administraci\u00f3n P\u00fablica Provincial, sus organismos descentralizados y aut\u00e1rquicos, cualquiera sea el sistema de adquisici\u00f3n o contrataci\u00f3n que se utilice.<\/p>\n<p>Seg\u00fan lo dispone la ley, es competencia de la Oficina Central de Contratacionesorganizar, mantener y actualizar el Registro \u00danico de Proveedores del Estado Provincial, incluyendo en \u00e9l, el Registro de Beneficiarios Especiales (Compre Sanjuanino). Es por ello que se disponen los requisitos y procedimientos para solicitar la inscripci\u00f3n o renovaci\u00f3n del Beneficio del Compre Sanjuanino.<\/p>\n<p><span style=\"color: #99cc00;\"><strong>Procedimiento de inscripci\u00f3n\/renovaci\u00f3n<\/strong><\/span><\/p>\n<ol>\n<li>Ingresar al portal web de la Oficina Central de Contrataciones:<a href=\"http:\/\/www.compraspublicas.sanjuan.gob.ar\/\">www.compraspublicas.sanjuan.gob.ar<\/a> y seleccionar la opci\u00f3n: RUPE.<\/li>\n<li>Seleccionar \u201cR\u00e9gimen de Compre Sanjuanino \u2013 Ley 2135-A\u00bb . Descargar el formulario de inscripci\u00f3n\/renovaci\u00f3n Compre.<\/li>\n<li>Leer y completar en forma digital el formulario y documentaci\u00f3n requerida para la obtenci\u00f3n del beneficio indicada en el mismo y seg\u00fan lo establecido por Resoluci\u00f3n N\u00b0 039 -OCC-2021.<\/li>\n<li>Presentarse por mesa de entrada de la OCC con documentaci\u00f3n solicitada y formulario sin firmar para su certificaci\u00f3n correspondiente. (Tener en cuenta las disposiciones para el ingreso al Centro Civico)<\/li>\n<li>La OCC verificar\u00e1 la documentaci\u00f3n recibida y emitir\u00e1, de corresponder, el certificado de Proveedor del Estado indicando el beneficio Compre Sanjuanino, enviando el mismo al correo electr\u00f3nico declarado. Quedar\u00e1 a su disposici\u00f3n copia del acto administrativo (resoluci\u00f3n) para ser retirado cuando lo solicite con las correspondientes unidades tributarias.<\/li>\n<\/ol>\n<p>En caso de realizar el tr\u00e1mite de manera electr\u00f3nica con firma digital, enviar la documentaci\u00f3n al correo electr\u00f3nico <span id=\"cloakde3b81dea38e5c53018aa67ed54370c8\"><a href=\"mailto:compresanjuanino@sanjuan.gov.ar\">compresanjuanino@sanjuan.gov.ar<\/a><\/span> seg\u00fan se indica en el formulario de Inscripci\u00f3n\/Renovaci\u00f3n Compre Sanjuanino.<\/p>\n<p>Tambi\u00e9n se inform\u00f3 que, para aquellos proveedores que tengan vigente el R\u00e9gimen del Compre Sanjuanino bajo la normativa anterior, Ley 158-A, el beneficio permanecer\u00e1 hasta su vencimiento seg\u00fan la norma y podr\u00e1 ser presentado en los procesos de contrataciones (Circular N\u00b0 010-OCC-2021).<\/p>\n<p>Para conocer el procedimiento de inscripci\u00f3n o renovaci\u00f3n, descarg\u00e1 el instructivo ingresando a ese enlace.<\/p>\n<p><a href=\"https:\/\/sisanjuan.gob.ar\/secciones\/hacienda-y-finanzas\/item\/download\/1546_cf2764b782124bad69230cb29a9801b4\">https:\/\/sisanjuan.gob.ar\/secciones\/hacienda-y-finanzas\/item\/download\/1546_cf2764b782124bad69230cb29a9801b4<\/a><\/p>\n<p>Para consultas: <span id=\"cloakc4dfdd4e11688210c97a9823c22321ad\"><a href=\"mailto:compresanjuanino@sanjuan.gov.ar\">compresanjuanino@sanjuan.gov.ar<\/a><\/span><\/p>\n<p>Par m\u00e1s informaci\u00f3n <a href=\"http:\/\/www.compraspublicas.sanjuan.gob.ar\/\">www.compraspublicas.sanjuan.gob.ar<\/a><\/p>\n","protected":false},"excerpt":{"rendered":"<p>A partir de los compromisos asumidos por el Gobierno de San Juan en \u201cAcuerdo San Juan\u201d se crea en la<\/p>\n","protected":false},"author":3,"featured_media":25616,"comment_status":"closed","ping_status":"closed","sticky":false,"template":"","format":"standard","meta":{"_acf_changed":false,"_seopress_robots_primary_cat":"none","_seopress_titles_title":"","_seopress_titles_desc":"","_seopress_robots_index":"","colormag_page_container_layout":"default_layout","colormag_page_sidebar_layout":"default_layout","footnotes":""},"categories":[2],"tags":[],"class_list":["post-37376","post","type-post","status-publish","format-standard","has-post-thumbnail","hentry","category-convocatorias"],"acf":[],"_links":{"self":[{"href":"https:\/\/vocesparalelas.com.ar\/sitio\/wp-json\/wp\/v2\/posts\/37376","targetHints":{"allow":["GET"]}}],"collection":[{"href":"https:\/\/vocesparalelas.com.ar\/sitio\/wp-json\/wp\/v2\/posts"}],"about":[{"href":"https:\/\/vocesparalelas.com.ar\/sitio\/wp-json\/wp\/v2\/types\/post"}],"author":[{"embeddable":true,"href":"https:\/\/vocesparalelas.com.ar\/sitio\/wp-json\/wp\/v2\/users\/3"}],"replies":[{"embeddable":true,"href":"https:\/\/vocesparalelas.com.ar\/sitio\/wp-json\/wp\/v2\/comments?post=37376"}],"version-history":[{"count":1,"href":"https:\/\/vocesparalelas.com.ar\/sitio\/wp-json\/wp\/v2\/posts\/37376\/revisions"}],"predecessor-version":[{"id":37378,"href":"https:\/\/vocesparalelas.com.ar\/sitio\/wp-json\/wp\/v2\/posts\/37376\/revisions\/37378"}],"wp:featuredmedia":[{"embeddable":true,"href":"https:\/\/vocesparalelas.com.ar\/sitio\/wp-json\/wp\/v2\/media\/25616"}],"wp:attachment":[{"href":"https:\/\/vocesparalelas.com.ar\/sitio\/wp-json\/wp\/v2\/media?parent=37376"}],"wp:term":[{"taxonomy":"category","embeddable":true,"href":"https:\/\/vocesparalelas.com.ar\/sitio\/wp-json\/wp\/v2\/categories?post=37376"},{"taxonomy":"post_tag","embeddable":true,"href":"https:\/\/vocesparalelas.com.ar\/sitio\/wp-json\/wp\/v2\/tags?post=37376"}],"curies":[{"name":"wp","href":"https:\/\/api.w.org\/{rel}","templated":true}]}}