{"id":37372,"date":"2021-05-02T22:23:52","date_gmt":"2021-05-03T01:23:52","guid":{"rendered":"http:\/\/vocesparalelas.com.ar\/sitio\/?p=37372"},"modified":"2021-05-05T00:22:21","modified_gmt":"2021-05-05T03:22:21","slug":"feria-virtual-de-innovacion-educativa","status":"publish","type":"post","link":"https:\/\/vocesparalelas.com.ar\/sitio\/feria-virtual-de-innovacion-educativa\/","title":{"rendered":"Feria Virtual de Innovaci\u00f3n Educativa"},"content":{"rendered":"<p>Los interesados pueden inscribirse del 3 al 31 de mayo completando un formulario. El 15 de junio se exhibir\u00e1n.<\/p>\n<p>El Centro de Educaci\u00f3n Cient\u00edfica y Tecnol\u00f3gica &#8211; CECyT &#8211; convoca a estudiantes y docentes que quieran participar en la Feria Virtual de Innovaci\u00f3n Educativa con el prop\u00f3sito de mostrar los proyectos desarrollados durante el primer trimestre del ciclo lectivo 2021.<\/p>\n<p>El objetivo es compartir y dar a conocer los procesos de planificaci\u00f3n y elecci\u00f3n de la modalidad pedag\u00f3gica, as\u00ed como los objetivos did\u00e1cticos asociados a la cotidianidad educativa y los desaf\u00edos que plantea a familias y estudiantes en este contexto bimodal.<\/p>\n<p><span style=\"color: #00ff00;\"><strong>Para participar hay que completar un formulario donde se deben cargar:<\/strong><\/span><\/p>\n<ul>\n<li>Datos de la escuela\/instituci\u00f3n<\/li>\n<li>Registro Pedag\u00f3gico del Proyecto \u2013 El registro pedag\u00f3gico es un documento escrito exclusivamente por el docente orientador \/ asesor con el formato de un relato personal, que traspasa la simple descripci\u00f3n de la tarea de indagaci\u00f3n de los estudiantes y se centra en el proceso de ense\u00f1anza y aprendizaje describiendo la g\u00e9nesis y desarrollo del trabajo hecho junto a sus alumnos\/as (Documento N\u00b0 1 (2019) \u2013 Programa Nacional de Ferias de Ciencias y Tecnolog\u00eda &#8211; P\u00e1gina 22.)- Para ver las orientaciones pueden ingresar a este link<\/li>\n<\/ul>\n<p style=\"text-align: center;\"><a href=\"https:\/\/drive.google.com\/file\/d\/1IJwCoGWp3q--qE0B8blB7JRvUOtzLK62\/view?usp=sharing\">https:\/\/drive.google.com\/file\/d\/1IJwCoGWp3q&#8211;qE0B8blB7JRvUOtzLK62\/view?usp=sharing<\/a><\/p>\n<ul>\n<li>Enlace del video que mostrar\u00e1 lo realizado en este primer trimestre<\/li>\n<li>Autorizaci\u00f3n de uso y cesi\u00f3n de imagen\/voz de participantes en el video (formato para descargar incluido en el mismo formulario). Para saber detalles de c\u00f3mo realizar Registro Pedag\u00f3gico o c\u00f3mo generar el video (en relaci\u00f3n a su contenido y parte t\u00e9cnica) se encuentran disponibles en el mismo Formulario de Inscripci\u00f3n tutoriales y formaciones breves para orientar a docentes y facilitar el proceso de participaci\u00f3n.<\/li>\n<\/ul>\n<p>Compartir experiencias nos ayudar\u00e1 como sociedad a potenciarnos y a buscar soluciones educativas con la calidad que nuestros ni\u00f1os y j\u00f3venes merecen. Desde CECyT esperamos la participaci\u00f3n de todas las escuelas, institutos y universidades.<\/p>\n<p>Para inscribirte, <a href=\"https:\/\/docs.google.com\/forms\/d\/e\/1FAIpQLSf9zLS5lvfiOVz9qlSL6E5swrlh3NCO35GhDal1DeeN68JyqQ\/viewform\" target=\"_blank\" rel=\"noopener noreferrer\">hac\u00e9 clic aqu\u00ed<\/a>.<\/p>\n<p><span style=\"color: #00ff00;\"><strong>Fecha de inscripci\u00f3n:<\/strong><\/span> de 3 al 31 de mayo<\/p>\n<p><span style=\"color: #00ff00;\"><strong>Fecha de publicaci\u00f3n: <\/strong><\/span>15 de Junio<\/p>\n<p><span style=\"color: #00ff00;\"><strong>Redes para consultas:<\/strong><\/span><\/p>\n<ul>\n<li>CECyT &#8211; Educaci\u00f3n.Ciencia.Tecnolog\u00eda CECyT.SanJuan<\/li>\n<li>CECyT Ministerio de Educaci\u00f3n <span id=\"cloak7053791fc60e93b424ad2ea6de5da2e1\"><a href=\"mailto:feriainnovacionsj@gmail.com\">feriainnovacionsj@gmail.com<\/a><\/span><\/li>\n<li><span id=\"cloakb8beeb6730dc4f2a2f1551e4f11db4dc\"><a href=\"mailto:cecytsj@sanjuan.edu.ar\">cecytsj@sanjuan.edu.ar<\/a><\/span><\/li>\n<\/ul>\n<p><span style=\"color: #00ff00;\"><strong>Por mayor informaci\u00f3n o consultas:<\/strong><\/span><\/p>\n<p>Comunicarse de 8 a 13 horas al 2644170189 (Valeria Lezcano) o al 2644558142 (Celina Oro).<\/p>\n<p>&nbsp;<\/p>\n<p>&nbsp;<\/p>\n","protected":false},"excerpt":{"rendered":"<p>Los interesados pueden inscribirse del 3 al 31 de mayo completando un formulario. El 15 de junio se exhibir\u00e1n. El<\/p>\n","protected":false},"author":3,"featured_media":27682,"comment_status":"closed","ping_status":"closed","sticky":false,"template":"","format":"standard","meta":{"_acf_changed":false,"_seopress_robots_primary_cat":"none","_seopress_titles_title":"","_seopress_titles_desc":"","_seopress_robots_index":"","colormag_page_container_layout":"default_layout","colormag_page_sidebar_layout":"default_layout","footnotes":""},"categories":[9],"tags":[],"class_list":["post-37372","post","type-post","status-publish","format-standard","has-post-thumbnail","hentry","category-cursos"],"acf":[],"_links":{"self":[{"href":"https:\/\/vocesparalelas.com.ar\/sitio\/wp-json\/wp\/v2\/posts\/37372","targetHints":{"allow":["GET"]}}],"collection":[{"href":"https:\/\/vocesparalelas.com.ar\/sitio\/wp-json\/wp\/v2\/posts"}],"about":[{"href":"https:\/\/vocesparalelas.com.ar\/sitio\/wp-json\/wp\/v2\/types\/post"}],"author":[{"embeddable":true,"href":"https:\/\/vocesparalelas.com.ar\/sitio\/wp-json\/wp\/v2\/users\/3"}],"replies":[{"embeddable":true,"href":"https:\/\/vocesparalelas.com.ar\/sitio\/wp-json\/wp\/v2\/comments?post=37372"}],"version-history":[{"count":1,"href":"https:\/\/vocesparalelas.com.ar\/sitio\/wp-json\/wp\/v2\/posts\/37372\/revisions"}],"predecessor-version":[{"id":37374,"href":"https:\/\/vocesparalelas.com.ar\/sitio\/wp-json\/wp\/v2\/posts\/37372\/revisions\/37374"}],"wp:featuredmedia":[{"embeddable":true,"href":"https:\/\/vocesparalelas.com.ar\/sitio\/wp-json\/wp\/v2\/media\/27682"}],"wp:attachment":[{"href":"https:\/\/vocesparalelas.com.ar\/sitio\/wp-json\/wp\/v2\/media?parent=37372"}],"wp:term":[{"taxonomy":"category","embeddable":true,"href":"https:\/\/vocesparalelas.com.ar\/sitio\/wp-json\/wp\/v2\/categories?post=37372"},{"taxonomy":"post_tag","embeddable":true,"href":"https:\/\/vocesparalelas.com.ar\/sitio\/wp-json\/wp\/v2\/tags?post=37372"}],"curies":[{"name":"wp","href":"https:\/\/api.w.org\/{rel}","templated":true}]}}