{"id":37369,"date":"2021-05-02T21:59:28","date_gmt":"2021-05-03T00:59:28","guid":{"rendered":"http:\/\/vocesparalelas.com.ar\/sitio\/?p=37369"},"modified":"2021-05-05T01:00:28","modified_gmt":"2021-05-05T04:00:28","slug":"se-extiende-la-convocatoria-de-emprendedores-a-presentar-proyectos-innovadores","status":"publish","type":"post","link":"https:\/\/vocesparalelas.com.ar\/sitio\/se-extiende-la-convocatoria-de-emprendedores-a-presentar-proyectos-innovadores\/","title":{"rendered":"Se extiende la convocatoria de emprendedores a presentar proyectos innovadores"},"content":{"rendered":"<p>El objetivo es combinar la capacidad productiva y profesional de la econom\u00eda regional con el potencial emprendedor tecnol\u00f3gico, cient\u00edfico, productivo, a trav\u00e9s del establecimiento de procesos y la utilizaci\u00f3n de herramientas metodol\u00f3gicas, para instalar capacidades propias de un \u201cEcosistema Innovador\u201d en la Regi\u00f3n de Cuyo.<\/p>\n<p>San Juan Lab pretende atraer a todos los emprendedores de la provincia a que presenten proyectos innovadores para distintas ramas productivas. Durante este proceso se seleccionar\u00e1n a los proyectos de mayor potencial para acceder en una primera instancia a un BOOTCAMP de trabajo, y luego de una selecci\u00f3n, a los futuros incubados que recibir\u00e1n atenci\u00f3n pormenorizada durante un lapso de tres meses.<\/p>\n<p><strong><span style=\"color: #339966;\">Las postulaciones deben realizarse por el sitio oficial de San Juan Lab:<\/span><\/strong><\/p>\n<p style=\"text-align: center;\"><a href=\"https:\/\/sanjuanlab.com.ar\/\">https:\/\/sanjuanlab.com.ar<\/a><\/p>\n<p>Las mismas est\u00e1n abiertas hasta el 15 de mayo de 2021.<\/p>\n<p>El factor principal del \u00e9xito de esta iniciativa est\u00e1 asociado a entender los principales problemas, desaf\u00edos y oportunidades que el actual ecosistema productivo de la Provincia requiere. Entender las necesidades de nuestras empresas nos permitir\u00e1 buscar a detalle entre los\/las emprendedores nuevas formas de resolver los problemas, y de esta forma, vincularlos\/las a las empresas establecidas para poder alcanzar objetivos conjuntos.<\/p>\n<p>Para esta tarea, se generar\u00e1n mesas de trabajo por industria \/ sectores, con el objeto de identificar problemas y comenzar a trabajar en sus soluciones, as\u00ed como tambi\u00e9n obtener una visi\u00f3n com\u00fan de los desaf\u00edos del sector y establecer una conexi\u00f3n con el proyecto.<\/p>\n<p><span style=\"color: #339966;\"><strong>Las actividades que se llevaran adelante desde San Juan Lab, responden a una secuencia l\u00f3gica conformada por los siguientes pasos:<\/strong><\/span><\/p>\n<ul>\n<li>Relevamiento del Ecosistema: Identificar a los actores existentes claves para el desarrollo del proyecto.<\/li>\n<li>Recepci\u00f3n y An\u00e1lisis de Proyectos: Relevar las startups presentadas y su potencialidad para abrirse paso en el ecosistema.<\/li>\n<li>Capacitaciones: Encuentros abiertos de Innovaci\u00f3n Abierta, Nuevos Modelos de Negocios e Industria de la Inversi\u00f3n en Capital Emprendedor.<\/li>\n<li>Pre-Selecci\u00f3n de Proyectos: Realizar un primer mentoreo para los proyectos pre-seleccionados.<\/li>\n<li>Talleres: Desarrollo de talleres de innovaci\u00f3n abierta para empresas consolidadas.<\/li>\n<li>Incubaci\u00f3n: Selecci\u00f3n final de proyectos para su incubaci\u00f3n mediante mentor\u00eda particular.<\/li>\n<\/ul>\n<p><strong><span style=\"color: #339966;\">San Juan Lab trabajar\u00e1 bajo los criterios uniformes para la selecci\u00f3n de participantes del bootcamp, los que son:<\/span><\/strong><\/p>\n<ol>\n<li>Procedencia: Se priorizan los equipos cuyo objetivo sea la radicaci\u00f3n en la provincia de San Juan, independientemente de su nacionalidad.<\/li>\n<li>Equipo: 2 o m\u00e1s personas con habilidades complementarias.<\/li>\n<\/ol>\n<p><strong><span style=\"color: #339966;\">Caracter\u00edsticas:<\/span><\/strong><\/p>\n<ul>\n<li>Determinaci\u00f3n: personas dispuestas a asumir riesgos.<\/li>\n<li>Flexibilidad: a lo largo del recorrido la idea puede ir mutando, el equipo debe poder sobrellevar esto y evaluar cu\u00e1l es la mejor opci\u00f3n.<\/li>\n<\/ul>\n<ul>\n<li>Creatividad: Estar dispuesto a buscar ideas o soluciones disruptivas o poco convencionales, sentirse inc\u00f3modo con las caracter\u00edsticas del mundo actual y querer hacer algo positivo para cambiarlo.<\/li>\n<\/ul>\n<ol>\n<li>Mercado: los proyectos deben tener como foco un mercado que resulte atractivo, global, o de alcance representativo, as\u00ed como tambi\u00e9n viable teniendo en cuenta la disponibilidad de los recursos humanos y materiales necesarios para llevarlo adelante.<\/li>\n<li>Innovaci\u00f3n: el proyecto debe ser original, planteando una manera novedosa de resolver un problema o de mejorar un producto o servicio existente.<\/li>\n<li>Impacto social: eval\u00faa el n\u00famero de personas que podr\u00edan ser alcanzadas a trav\u00e9s del proyecto y el impacto que \u00e9ste podr\u00eda tener en una mejora de su calidad de vida.<\/li>\n<li>Sostenibilidad: eval\u00faa si el proyecto es apto para mantenerse en el tiempo e incrementar la escala de su operaci\u00f3n original.<\/li>\n<\/ol>\n<p>&nbsp;<\/p>\n<p>&nbsp;<\/p>\n","protected":false},"excerpt":{"rendered":"<p>El objetivo es combinar la capacidad productiva y profesional de la econom\u00eda regional con el potencial emprendedor tecnol\u00f3gico, cient\u00edfico, productivo,<\/p>\n","protected":false},"author":3,"featured_media":5585,"comment_status":"closed","ping_status":"closed","sticky":false,"template":"","format":"standard","meta":{"_acf_changed":false,"_seopress_robots_primary_cat":"none","_seopress_titles_title":"","_seopress_titles_desc":"","_seopress_robots_index":"","colormag_page_container_layout":"default_layout","colormag_page_sidebar_layout":"default_layout","footnotes":""},"categories":[2],"tags":[],"class_list":["post-37369","post","type-post","status-publish","format-standard","has-post-thumbnail","hentry","category-convocatorias"],"acf":[],"_links":{"self":[{"href":"https:\/\/vocesparalelas.com.ar\/sitio\/wp-json\/wp\/v2\/posts\/37369","targetHints":{"allow":["GET"]}}],"collection":[{"href":"https:\/\/vocesparalelas.com.ar\/sitio\/wp-json\/wp\/v2\/posts"}],"about":[{"href":"https:\/\/vocesparalelas.com.ar\/sitio\/wp-json\/wp\/v2\/types\/post"}],"author":[{"embeddable":true,"href":"https:\/\/vocesparalelas.com.ar\/sitio\/wp-json\/wp\/v2\/users\/3"}],"replies":[{"embeddable":true,"href":"https:\/\/vocesparalelas.com.ar\/sitio\/wp-json\/wp\/v2\/comments?post=37369"}],"version-history":[{"count":1,"href":"https:\/\/vocesparalelas.com.ar\/sitio\/wp-json\/wp\/v2\/posts\/37369\/revisions"}],"predecessor-version":[{"id":37371,"href":"https:\/\/vocesparalelas.com.ar\/sitio\/wp-json\/wp\/v2\/posts\/37369\/revisions\/37371"}],"wp:featuredmedia":[{"embeddable":true,"href":"https:\/\/vocesparalelas.com.ar\/sitio\/wp-json\/wp\/v2\/media\/5585"}],"wp:attachment":[{"href":"https:\/\/vocesparalelas.com.ar\/sitio\/wp-json\/wp\/v2\/media?parent=37369"}],"wp:term":[{"taxonomy":"category","embeddable":true,"href":"https:\/\/vocesparalelas.com.ar\/sitio\/wp-json\/wp\/v2\/categories?post=37369"},{"taxonomy":"post_tag","embeddable":true,"href":"https:\/\/vocesparalelas.com.ar\/sitio\/wp-json\/wp\/v2\/tags?post=37369"}],"curies":[{"name":"wp","href":"https:\/\/api.w.org\/{rel}","templated":true}]}}