{"id":37358,"date":"2021-05-01T22:16:36","date_gmt":"2021-05-02T01:16:36","guid":{"rendered":"http:\/\/vocesparalelas.com.ar\/sitio\/?p=37358"},"modified":"2021-05-04T02:06:57","modified_gmt":"2021-05-04T05:06:57","slug":"iii-convocatoria-para-publicar-en-la-revista-de-divulgacion-cientifica-de-adicus","status":"publish","type":"post","link":"https:\/\/vocesparalelas.com.ar\/sitio\/iii-convocatoria-para-publicar-en-la-revista-de-divulgacion-cientifica-de-adicus\/","title":{"rendered":"III Convocatoria para publicar en la Revista de Divulgaci\u00f3n Cient\u00edfica de ADICUS"},"content":{"rendered":"<p>A partir del 30 de Abril hasta el 09 de Mayo (inclusive) se abre la convocatoria para que los y las docentes, creadores e investigadores de la Universidad Nacional de San Juan, se inscriban para enviar las contribuciones que crean pertinentes y deseen publicar en el tercer n\u00famero de la Revista de Divulgaci\u00f3n Cient\u00edfica de ADICUS.<\/p>\n<p>Para inscribirte deb\u00e9s llenar el formulario que te dejamos a continuaci\u00f3n. Apenas recibamos la informaci\u00f3n, nos comunicaremos con vos para darte la fecha m\u00e1xima de entrega del art\u00edculo cient\u00edfico.<\/p>\n<p>Recuerda que, desde que env\u00edas el compromiso, tiene diez d\u00edas corridos para enviar el art\u00edculo para su evaluaci\u00f3n.<\/p>\n<p>Te recordamos que todas las contribuciones recibidas ser\u00e1n puestas a evaluaci\u00f3n para su posible publicaci\u00f3n. Nos es muy grato informarte, tambi\u00e9n, que las publicaciones en nuestra revista no tienen costo alguno para las y los autores.<\/p>\n<p><a href=\"https:\/\/www.adicus.org.ar\/enviar-art\/\">https:\/\/www.adicus.org.ar\/enviar-art\/<\/a><\/p>\n<p>#ADICUS #ElGremioUniversitario #ContribucionesCient\u00edficas LaRevistaDeADICUS_<\/p>\n<p><img loading=\"lazy\" decoding=\"async\" class=\"alignnone wp-image-37360 size-full\" src=\"https:\/\/vocesparalelas.com.ar\/sitio\/wp-content\/uploads\/2021\/05\/ADICUS-REVISTA.jpg\" alt=\"\" width=\"800\" height=\"1001\" \/><\/p>\n","protected":false},"excerpt":{"rendered":"<p>A partir del 30 de Abril hasta el 09 de Mayo (inclusive) se abre la convocatoria para que los y<\/p>\n","protected":false},"author":3,"featured_media":15835,"comment_status":"closed","ping_status":"closed","sticky":false,"template":"","format":"standard","meta":{"_acf_changed":false,"_seopress_robots_primary_cat":"none","_seopress_titles_title":"","_seopress_titles_desc":"","_seopress_robots_index":"","colormag_page_container_layout":"default_layout","colormag_page_sidebar_layout":"default_layout","footnotes":""},"categories":[2],"tags":[],"class_list":["post-37358","post","type-post","status-publish","format-standard","has-post-thumbnail","hentry","category-convocatorias"],"acf":[],"_links":{"self":[{"href":"https:\/\/vocesparalelas.com.ar\/sitio\/wp-json\/wp\/v2\/posts\/37358","targetHints":{"allow":["GET"]}}],"collection":[{"href":"https:\/\/vocesparalelas.com.ar\/sitio\/wp-json\/wp\/v2\/posts"}],"about":[{"href":"https:\/\/vocesparalelas.com.ar\/sitio\/wp-json\/wp\/v2\/types\/post"}],"author":[{"embeddable":true,"href":"https:\/\/vocesparalelas.com.ar\/sitio\/wp-json\/wp\/v2\/users\/3"}],"replies":[{"embeddable":true,"href":"https:\/\/vocesparalelas.com.ar\/sitio\/wp-json\/wp\/v2\/comments?post=37358"}],"version-history":[{"count":1,"href":"https:\/\/vocesparalelas.com.ar\/sitio\/wp-json\/wp\/v2\/posts\/37358\/revisions"}],"predecessor-version":[{"id":37361,"href":"https:\/\/vocesparalelas.com.ar\/sitio\/wp-json\/wp\/v2\/posts\/37358\/revisions\/37361"}],"wp:featuredmedia":[{"embeddable":true,"href":"https:\/\/vocesparalelas.com.ar\/sitio\/wp-json\/wp\/v2\/media\/15835"}],"wp:attachment":[{"href":"https:\/\/vocesparalelas.com.ar\/sitio\/wp-json\/wp\/v2\/media?parent=37358"}],"wp:term":[{"taxonomy":"category","embeddable":true,"href":"https:\/\/vocesparalelas.com.ar\/sitio\/wp-json\/wp\/v2\/categories?post=37358"},{"taxonomy":"post_tag","embeddable":true,"href":"https:\/\/vocesparalelas.com.ar\/sitio\/wp-json\/wp\/v2\/tags?post=37358"}],"curies":[{"name":"wp","href":"https:\/\/api.w.org\/{rel}","templated":true}]}}