{"id":37354,"date":"2021-05-01T20:54:12","date_gmt":"2021-05-01T23:54:12","guid":{"rendered":"http:\/\/vocesparalelas.com.ar\/sitio\/?p=37354"},"modified":"2021-05-01T20:54:49","modified_gmt":"2021-05-01T23:54:49","slug":"se-debatio-temas-relacionados-con-las-proximas-elecciones-de-la-unsj","status":"publish","type":"post","link":"https:\/\/vocesparalelas.com.ar\/sitio\/se-debatio-temas-relacionados-con-las-proximas-elecciones-de-la-unsj\/","title":{"rendered":"Se debati\u00f3 temas relacionados con las pr\u00f3ximas elecciones de la UNSJ"},"content":{"rendered":"<p>A lo largo de una sesi\u00f3n que se extendi\u00f3 por m\u00e1s de seis horas, el Consejo Superior de la Universidad Nacional de San Juan debati\u00f3 diferentes temas relacionados, en su mayor\u00eda, con las pr\u00f3ximas elecciones.<\/p>\n<p>Al respecto, ante la situaci\u00f3n provocada por la inscripci\u00f3n de graduados de la FFHA, si bien el tema no formaba parte del orden del d\u00eda, se decidi\u00f3 enviar el expediente a la mencionada unidad acad\u00e9mica, para que aporte toda la informaci\u00f3n necesaria.<\/p>\n<p>En otro orden, se aprob\u00f3 otorgar una amnist\u00eda amplia para todos los egresados que no pudieron votar en las \u00faltimas elecciones, para que no sean excluidos del padr\u00f3n y puedan as\u00ed ejercer su derecho al voto.<\/p>\n<p>Un proyecto presentado por la consejera Laura Garc\u00e9s, referido a la incorporaci\u00f3n de la paridad de g\u00e9nero en los cargos electivos y de gesti\u00f3n de la UNSJ, encontr\u00f3 eco favorable en el cuerpo, que decidi\u00f3 enviar el proyecto a cada Consejo Directivo, para enriquecerlo ya que se dej\u00f3 en claro que esta incorporaci\u00f3n requiere una modificaci\u00f3n del Estatuto.<\/p>\n<p>Tambi\u00e9n se trat\u00f3 un pedido de la Junta Electoral para la incorporaci\u00f3n de los docentes interinos que han sido presentados ante la Junta con resoluciones \u00f3mnibus con fecha m\u00e1xima del 23 de abril, en los padrones correspondientes. El pedido fue aprobado por el cuerpo.<\/p>\n<p>Casi a la medianoche, el Consejo Superior decidi\u00f3 pasar a un cuarto intermedio para continuar con el tratamiento de los temas que quedaron pendientes.<\/p>\n<p>&nbsp;<\/p>\n<p>&nbsp;<\/p>\n<p>&nbsp;<\/p>\n","protected":false},"excerpt":{"rendered":"<p>A lo largo de una sesi\u00f3n que se extendi\u00f3 por m\u00e1s de seis horas, el Consejo Superior de la Universidad<\/p>\n","protected":false},"author":3,"featured_media":23399,"comment_status":"closed","ping_status":"closed","sticky":false,"template":"","format":"standard","meta":{"_acf_changed":false,"_seopress_robots_primary_cat":"none","_seopress_titles_title":"","_seopress_titles_desc":"","_seopress_robots_index":"","colormag_page_container_layout":"default_layout","colormag_page_sidebar_layout":"default_layout","footnotes":""},"categories":[1],"tags":[],"class_list":["post-37354","post","type-post","status-publish","format-standard","has-post-thumbnail","hentry","category-destacadas"],"acf":[],"_links":{"self":[{"href":"https:\/\/vocesparalelas.com.ar\/sitio\/wp-json\/wp\/v2\/posts\/37354","targetHints":{"allow":["GET"]}}],"collection":[{"href":"https:\/\/vocesparalelas.com.ar\/sitio\/wp-json\/wp\/v2\/posts"}],"about":[{"href":"https:\/\/vocesparalelas.com.ar\/sitio\/wp-json\/wp\/v2\/types\/post"}],"author":[{"embeddable":true,"href":"https:\/\/vocesparalelas.com.ar\/sitio\/wp-json\/wp\/v2\/users\/3"}],"replies":[{"embeddable":true,"href":"https:\/\/vocesparalelas.com.ar\/sitio\/wp-json\/wp\/v2\/comments?post=37354"}],"version-history":[{"count":2,"href":"https:\/\/vocesparalelas.com.ar\/sitio\/wp-json\/wp\/v2\/posts\/37354\/revisions"}],"predecessor-version":[{"id":37357,"href":"https:\/\/vocesparalelas.com.ar\/sitio\/wp-json\/wp\/v2\/posts\/37354\/revisions\/37357"}],"wp:featuredmedia":[{"embeddable":true,"href":"https:\/\/vocesparalelas.com.ar\/sitio\/wp-json\/wp\/v2\/media\/23399"}],"wp:attachment":[{"href":"https:\/\/vocesparalelas.com.ar\/sitio\/wp-json\/wp\/v2\/media?parent=37354"}],"wp:term":[{"taxonomy":"category","embeddable":true,"href":"https:\/\/vocesparalelas.com.ar\/sitio\/wp-json\/wp\/v2\/categories?post=37354"},{"taxonomy":"post_tag","embeddable":true,"href":"https:\/\/vocesparalelas.com.ar\/sitio\/wp-json\/wp\/v2\/tags?post=37354"}],"curies":[{"name":"wp","href":"https:\/\/api.w.org\/{rel}","templated":true}]}}