{"id":37343,"date":"2021-05-01T00:20:13","date_gmt":"2021-05-01T03:20:13","guid":{"rendered":"http:\/\/vocesparalelas.com.ar\/sitio\/?p=37343"},"modified":"2021-05-04T02:07:37","modified_gmt":"2021-05-04T05:07:37","slug":"nuevas-medidas-sanitarias-contra-el-covid-19-en-san-juan","status":"publish","type":"post","link":"https:\/\/vocesparalelas.com.ar\/sitio\/nuevas-medidas-sanitarias-contra-el-covid-19-en-san-juan\/","title":{"rendered":"Nuevas medidas sanitarias contra el COVID-19 en San Juan"},"content":{"rendered":"<p>Ante el avance de la segunda ola de contagios de coronavirus en todo el pa\u00eds y en consonancia con las medidas implementadas por la Naci\u00f3n, el Gobierno de San Juan implementa nuevas medidas destinadas a la ciudadan\u00eda en general para reducir la transmisi\u00f3n del virus, evitar el colapso del sistema de salud y al mismo tiempo proteger la econom\u00eda provincial y la educaci\u00f3n presencial.<\/p>\n<p>Apelando a la responsabilidad social y la colaboraci\u00f3n de los sanjuaninos, las medidas dispuestas por el Ejecutivo provincial entrar\u00e1n en vigencia a partir de las 00:00 horas del Lunes, 3 Mayo y se extienden hasta el 21 de Mayo.<\/p>\n<p>En ese marco, el Comit\u00e9 COVID-19 de la provincia de San Juan informa que de acuerdo a las estad\u00edsticas oficiales y a la categorizaci\u00f3n realizada por el gabinete nacional, contemplando los indicadores de raz\u00f3n, incidencia y porcentaje de ocupaci\u00f3n de camas cr\u00edticas, San Juan se encuentra en t\u00e9rminos generales en Zona de Alto Riesgo.<\/p>\n<p>San Juan adhiere al decreto nacional y emite una norma provincial con el fin de priorizar acciones dirigidas a salvaguardar la salud de la poblaci\u00f3n, permitiendo el sostenimiento de un sistema sanitario operativo, la presencialidad de la educaci\u00f3n y el mantenimiento de actividades econ\u00f3mico-productivas necesarias para el desarrollo comunitario.<\/p>\n<p>Se disponen las siguientes medidas:<\/p>\n<p><span style=\"color: #ff0000;\"><strong>1. Educaci\u00f3n<\/strong><\/span><\/p>\n<p>Continuidad de clases bajo la actual modalidad de presencialidad cuidada, tal cual se ha venido desarrollando hasta la actualidad.<\/p>\n<p><span style=\"color: #ff0000;\"><strong>2. Reuniones sociales<\/strong><\/span><\/p>\n<p>Se suspenden las reuniones sociales en domicilios particulares.<\/p>\n<p><span style=\"color: #ff0000;\"><strong>3. Reuniones familiares<\/strong><\/span><\/p>\n<p>Las reuniones familiares solo pueden ser de hasta 10 personas en espacios abiertos.<\/p>\n<p><span style=\"color: #ff0000;\"><strong>4. Circulaci\u00f3n nocturna<\/strong><\/span><\/p>\n<p>Se proh\u00edbe la circulaci\u00f3n de personal no esencial entre las 01:00 y las 06:00 horas de la ma\u00f1ana durante todos los d\u00edas de la semana.<\/p>\n<p><span style=\"color: #ff0000;\"><strong>5. Establecimientos gastron\u00f3micos<\/strong><\/span><\/p>\n<p>El horario de funcionamiento de los locales gastron\u00f3micos se establece hasta las 00:00 hs todos los d\u00edas de la semana.<\/p>\n<p><span style=\"color: #ff0000;\"><strong>6. Factor de ocupaci\u00f3n<\/strong><\/span><\/p>\n<p>Se establece un aforo m\u00e1ximo del treinta por ciento (30 %), en relaci\u00f3n con la capacidad habilitada, en todos los espacios cerrados, con la debida ventilaci\u00f3n y espacios abiertos, para actividades religiosas, culturales y recreacionales como cines, teatros, centros culturales y gimnasios.<\/p>\n<p><span style=\"color: #ff0000;\"><strong>7. Eventos gastron\u00f3micos<\/strong><\/span><\/p>\n<p>Con participaci\u00f3n art\u00edstica podr\u00e1n desarrollarse con un factor m\u00e1ximo de ocupaci\u00f3n del 30% o un tope m\u00e1ximo de 90 personas, el que sea menor.<\/p>\n<p><span style=\"color: #ff0000;\">8. Administraci\u00f3n p\u00fablica<\/span><\/p>\n<p>Con el objetivo de descomprimir horarios picos de circulaci\u00f3n de personas y uso del transporte p\u00fablico de pasajeros, se dispone que el horario de atenci\u00f3n en la administraci\u00f3n p\u00fablica se extienda desde las 08:30 hasta las 19:00 horas, facultando a cada repartici\u00f3n la modalidad de trabajo en burbujas y modalidad teletrabajo.<\/p>\n<p><span style=\"color: #ff0000;\"><strong>9. Espacios p\u00fablicos<\/strong><\/span><\/p>\n<p>Se dispone la prohibici\u00f3n en parques, plazas y espacios p\u00fablicos provinciales y municipales de acampe, pr\u00e1ctica deportiva y recreativa, permitiendo solo la circulaci\u00f3n con uso de barbijo y distanciamiento.<\/p>\n<p><span style=\"color: #ff0000;\"><strong>10. Eventos y actividades deportivas<\/strong><\/span><\/p>\n<p>Se suspenden eventos deportivos de car\u00e1cter provincial y nacional, cuyo desarrollo implique el traslado de o hacia la provincia de San Juan (excepto f\u00fatbol de AFA 1ra Divisi\u00f3n y Torneo Nacional A, Liga Nacional de B\u00e1squet, integrantes de Selecci\u00f3n Argentina, participantes de categor\u00edas nacionales de automovilismo).<\/p>\n<p>Se suspenden todas las actividades de entrenamiento y competencias de deportes federados.<\/p>\n<p>Todos los deportes y programas deportivos en los municipios tambi\u00e9n suspenden sus actividades.<\/p>\n<p>Se suspende la pr\u00e1ctica recreativa de deportes donde participen m\u00e1s de 10 personas.<\/p>\n<p>Contin\u00faan funcionando actividades deportivas comerciales, ajustando controles y protocolos: canchas de f\u00fatbol 5, canchas de p\u00e1del, piletas de nataci\u00f3n, gimnasios, clubes sociales (con cierre de canchas y l\u00edmite de personas), deportes al aire libre, deportistas de alto rendimiento.<\/p>\n<p><span style=\"color: #ff0000;\"><strong>11. Transporte p\u00fablico<\/strong><\/span><\/p>\n<p>Ser\u00e1 obligatorio para el transporte p\u00fablico de pasajeros el cumplimiento de las medidas de ocupaci\u00f3n de unidades, el m\u00e1ximo de ocupaci\u00f3n es la capacidad completa de pasajeros sentados y 10 pasajeros parados; y ventilaci\u00f3n de las unidades, debiendo tener ventanillas abiertas y de forma cruzada, por lo menos 4 por un espacio de 10 cm, cada una de manera permanente.<\/p>\n<p><strong><span style=\"color: #ff0000;\">12. Pr\u00e1cticas quir\u00fargicas<\/span><\/strong><\/p>\n<p>La atenci\u00f3n sanitaria en especialidades cl\u00ednicas y quir\u00fargica priorizar\u00e1 patolog\u00edas urgentes y emergentes, pr\u00e1cticas ambulatorias y practicas quir\u00fargicas cuyo posoperatorio no requiera m\u00e1s de 24 horas de internaci\u00f3n.<\/p>\n<p><span style=\"color: #ff0000;\"><strong>13. Actividades masivas<\/strong><\/span><\/p>\n<p>Contin\u00faan suspendidas las actividades masivas (espect\u00e1culos y reuniones sociales). Tambi\u00e9n se suspenden los viajes grupales de todo tipo.<\/p>\n<p><strong><span style=\"color: #ff0000;\">14. Personas en situaci\u00f3n de mayor riesgo<\/span><\/strong><\/p>\n<p>Contin\u00faa la suspensi\u00f3n del deber de asistencia al lugar de trabajo, para las personas alcanzadas por los t\u00e9rminos de la Resoluci\u00f3n N\u00b0 207\/20 del Ministerio de Trabajo, Empleo y Seguridad Social, sus normas complementarias, modificatorias y las que en lo sucesivo se dicten.<\/p>\n<p><span style=\"color: #ff0000;\"><strong>15. Cumplimiento de protocolos<\/strong><\/span><\/p>\n<p>Fortalecer el control del estricto cumplimiento de los protocolos de actividades y recomendaciones e instrucciones del Comit\u00e9 COVID-19 San Juan, debi\u00e9ndose atender las siguientes reglas de conducta personal:<\/p>\n<ul>\n<li>Las personas deber\u00e1n mantener entre ellas una distancia m\u00ednima de dos (2) metros.<\/li>\n<li>Utilizar barbijo en espacios compartidos de manera correcta y permanente.<\/li>\n<li>Ventilar los ambientes en forma adecuada y constante.<\/li>\n<li>Higienizarse asiduamente las manos y usar alcohol.<\/li>\n<li>Toser o estornudar en el pliegue del codo.<\/li>\n<li>Evitar aglomeraciones.<\/li>\n<li>Evitar espacios cerrados sin ventilaci\u00f3n.<\/li>\n<li>Cumplir el aislamiento de los casos positivos y contactos estrechos.<\/li>\n<\/ul>\n<p>El Gobierno provincial articular\u00e1 con los municipios y los dem\u00e1s poderes de Estado el estricto control del cumplimiento de las mencionadas medidas y de los protocolos vigentes.<\/p>\n<p>Asimismo, se solicita a la ciudadan\u00eda en general el cumplimiento de las medidas y de los protocolos, destacando la responsabilidad individual para evitar la suba de contagios, evitando el colapso del sistema de salud, adem\u00e1s de proteger la econom\u00eda y la educaci\u00f3n presencial.<\/p>\n<p>&nbsp;<\/p>\n<p>&nbsp;<\/p>\n<p>&nbsp;<\/p>\n","protected":false},"excerpt":{"rendered":"<p>Ante el avance de la segunda ola de contagios de coronavirus en todo el pa\u00eds y en consonancia con las<\/p>\n","protected":false},"author":3,"featured_media":1245,"comment_status":"closed","ping_status":"closed","sticky":false,"template":"","format":"standard","meta":{"_acf_changed":false,"_seopress_robots_primary_cat":"none","_seopress_titles_title":"","_seopress_titles_desc":"","_seopress_robots_index":"","colormag_page_container_layout":"default_layout","colormag_page_sidebar_layout":"default_layout","footnotes":""},"categories":[6],"tags":[],"class_list":["post-37343","post","type-post","status-publish","format-standard","has-post-thumbnail","hentry","category-eventos"],"acf":[],"_links":{"self":[{"href":"https:\/\/vocesparalelas.com.ar\/sitio\/wp-json\/wp\/v2\/posts\/37343","targetHints":{"allow":["GET"]}}],"collection":[{"href":"https:\/\/vocesparalelas.com.ar\/sitio\/wp-json\/wp\/v2\/posts"}],"about":[{"href":"https:\/\/vocesparalelas.com.ar\/sitio\/wp-json\/wp\/v2\/types\/post"}],"author":[{"embeddable":true,"href":"https:\/\/vocesparalelas.com.ar\/sitio\/wp-json\/wp\/v2\/users\/3"}],"replies":[{"embeddable":true,"href":"https:\/\/vocesparalelas.com.ar\/sitio\/wp-json\/wp\/v2\/comments?post=37343"}],"version-history":[{"count":1,"href":"https:\/\/vocesparalelas.com.ar\/sitio\/wp-json\/wp\/v2\/posts\/37343\/revisions"}],"predecessor-version":[{"id":37345,"href":"https:\/\/vocesparalelas.com.ar\/sitio\/wp-json\/wp\/v2\/posts\/37343\/revisions\/37345"}],"wp:featuredmedia":[{"embeddable":true,"href":"https:\/\/vocesparalelas.com.ar\/sitio\/wp-json\/wp\/v2\/media\/1245"}],"wp:attachment":[{"href":"https:\/\/vocesparalelas.com.ar\/sitio\/wp-json\/wp\/v2\/media?parent=37343"}],"wp:term":[{"taxonomy":"category","embeddable":true,"href":"https:\/\/vocesparalelas.com.ar\/sitio\/wp-json\/wp\/v2\/categories?post=37343"},{"taxonomy":"post_tag","embeddable":true,"href":"https:\/\/vocesparalelas.com.ar\/sitio\/wp-json\/wp\/v2\/tags?post=37343"}],"curies":[{"name":"wp","href":"https:\/\/api.w.org\/{rel}","templated":true}]}}