{"id":37336,"date":"2021-04-30T23:50:27","date_gmt":"2021-05-01T02:50:27","guid":{"rendered":"http:\/\/vocesparalelas.com.ar\/sitio\/?p=37336"},"modified":"2021-05-02T22:25:35","modified_gmt":"2021-05-03T01:25:35","slug":"pluralidad-y-compromiso-con-candidatos-a-decana-mg-myriam-arrabal-y-a-vicedecano-prof-marcelo-vasquez","status":"publish","type":"post","link":"https:\/\/vocesparalelas.com.ar\/sitio\/pluralidad-y-compromiso-con-candidatos-a-decana-mg-myriam-arrabal-y-a-vicedecano-prof-marcelo-vasquez\/","title":{"rendered":"\u00abPluralidad y Compromiso\u00bb con candidatos a Decana Mg. Myriam Arrabal y a Vicedecano Prof. Marcelo Vasquez"},"content":{"rendered":"<p>La Facultad de Filosof\u00eda, Humanidades y Artes de la Universidad Nacional de San Juan propone la Agrupaci\u00f3n \u201cPluralidad y Compromiso\u201d con candidatos a Decana Mg. Myriam Arrabal y a Vicedecano Prof. Marcelo Vasquez, 2021 \u2013 2025.<\/p>\n<p>Ellos, proponen un trabajo conjunto con carreras de grado y posgrado desde formaci\u00f3n de docentes ampliando el campo profesional con otras miradas, en funci\u00f3n al futuro de la Unidad Acad\u00e9mica.<\/p>\n<p>Por esta raz\u00f3n, Voces Paralelas entrevist\u00f3 a la candidata a Decana Mg. Myriam Arrabal para la FFHA de la UNSJ, quien puntualiz\u00f3 la necesidad de buscar campo de acci\u00f3n laboral de sus profesionales como pilar fundamental de la sociedad, con todo el apoyo de los integrantes de la Agrupaci\u00f3n \u201cPluralidad y Compromiso\u201d, que lleva a los candidatos a Rectora Mg. Rosa Garbarino y a Vicerrector Ing. Ricardo Romari\u00f3n.<\/p>\n<p><iframe loading=\"lazy\" title=\"FFHA UNSJ MG. MYRIAM ARRABAL\" width=\"800\" height=\"450\" src=\"https:\/\/www.youtube.com\/embed\/F68zNxbkDPk?feature=oembed\" frameborder=\"0\" allow=\"accelerometer; autoplay; clipboard-write; encrypted-media; gyroscope; picture-in-picture\" allowfullscreen><\/iframe><\/p>\n<p>&nbsp;<\/p>\n<p><img loading=\"lazy\" decoding=\"async\" class=\"size-full wp-image-36943 aligncenter\" src=\"https:\/\/vocesparalelas.com.ar\/sitio\/wp-content\/uploads\/2021\/04\/FFHA-banner-MM.jpg\" alt=\"\" width=\"300\" height=\"250\" \/><\/p>\n<p>&nbsp;<\/p>\n<p>&nbsp;<\/p>\n<p>&nbsp;<\/p>\n","protected":false},"excerpt":{"rendered":"<p>La Facultad de Filosof\u00eda, Humanidades y Artes de la Universidad Nacional de San Juan propone la Agrupaci\u00f3n \u201cPluralidad y Compromiso\u201d<\/p>\n","protected":false},"author":3,"featured_media":37338,"comment_status":"closed","ping_status":"closed","sticky":false,"template":"","format":"video","meta":{"_acf_changed":false,"_seopress_robots_primary_cat":"none","_seopress_titles_title":"","_seopress_titles_desc":"","_seopress_robots_index":"","colormag_page_container_layout":"default_layout","colormag_page_sidebar_layout":"default_layout","footnotes":""},"categories":[10],"tags":[],"class_list":["post-37336","post","type-post","status-publish","format-video","has-post-thumbnail","hentry","category-opiniones","post_format-post-format-video"],"acf":[],"_links":{"self":[{"href":"https:\/\/vocesparalelas.com.ar\/sitio\/wp-json\/wp\/v2\/posts\/37336","targetHints":{"allow":["GET"]}}],"collection":[{"href":"https:\/\/vocesparalelas.com.ar\/sitio\/wp-json\/wp\/v2\/posts"}],"about":[{"href":"https:\/\/vocesparalelas.com.ar\/sitio\/wp-json\/wp\/v2\/types\/post"}],"author":[{"embeddable":true,"href":"https:\/\/vocesparalelas.com.ar\/sitio\/wp-json\/wp\/v2\/users\/3"}],"replies":[{"embeddable":true,"href":"https:\/\/vocesparalelas.com.ar\/sitio\/wp-json\/wp\/v2\/comments?post=37336"}],"version-history":[{"count":1,"href":"https:\/\/vocesparalelas.com.ar\/sitio\/wp-json\/wp\/v2\/posts\/37336\/revisions"}],"predecessor-version":[{"id":37339,"href":"https:\/\/vocesparalelas.com.ar\/sitio\/wp-json\/wp\/v2\/posts\/37336\/revisions\/37339"}],"wp:featuredmedia":[{"embeddable":true,"href":"https:\/\/vocesparalelas.com.ar\/sitio\/wp-json\/wp\/v2\/media\/37338"}],"wp:attachment":[{"href":"https:\/\/vocesparalelas.com.ar\/sitio\/wp-json\/wp\/v2\/media?parent=37336"}],"wp:term":[{"taxonomy":"category","embeddable":true,"href":"https:\/\/vocesparalelas.com.ar\/sitio\/wp-json\/wp\/v2\/categories?post=37336"},{"taxonomy":"post_tag","embeddable":true,"href":"https:\/\/vocesparalelas.com.ar\/sitio\/wp-json\/wp\/v2\/tags?post=37336"}],"curies":[{"name":"wp","href":"https:\/\/api.w.org\/{rel}","templated":true}]}}