{"id":37306,"date":"2021-04-29T23:57:23","date_gmt":"2021-04-30T02:57:23","guid":{"rendered":"http:\/\/vocesparalelas.com.ar\/sitio\/?p=37306"},"modified":"2021-05-01T21:41:00","modified_gmt":"2021-05-02T00:41:00","slug":"del-rectorado-esa-informacion-no-ha-salido","status":"publish","type":"post","link":"https:\/\/vocesparalelas.com.ar\/sitio\/del-rectorado-esa-informacion-no-ha-salido\/","title":{"rendered":"\u201cDel Rectorado esa informaci\u00f3n no ha salido\u201d"},"content":{"rendered":"<div class=\"row contenido\">\n<div class=\"col-xs-12 col-sm-8\">\n<div class=\"content color-bluegray\">\n<div class=\"body-internal\">\n<div class=\"box-text\">\n<p>En declaraciones a la prensa, el rector de la UNSJ, Dr. Oscar Nasisi, se refiri\u00f3 a las denuncias de las que fue blanco respecto de los datos e informaciones filtrados que utilizaba una encuesta sobre preferencias de candidatos a cargos en esta Universidad en las pr\u00f3ximas elecciones.<\/p>\n<p>El Rector fue categ\u00f3rico al se\u00f1alar que \u201cdel Rectorado esa informaci\u00f3n no ha salido. Yo he consultado a las \u00e1reas pertinentes, que son oficinas de Rectorado, esto es el Centro de C\u00f3mputos y la Oficina de Personal, que es donde est\u00e1n los legajos, y no ha habido requerimiento alguno, ni ning\u00fan expediente u oficio ni nada requiriendo ese tipo de informaci\u00f3n, y ellos tampoco la han dado\u201d.<\/p>\n<p>Luego, Oscar Nasisi subray\u00f3 sobre el personal de Rectorado que \u00abme merece la mayor de las garant\u00edas en ese sentido, porque es personal muy profesional y muy responsable de sus actos. Doy fe de que trabajan de esta manera. Ellos no difunden ning\u00fan tipo de informaci\u00f3n, de no mediar alg\u00fan tipo de actuaci\u00f3n normativa o legal, que sean expedientes u oficios\u201d.<\/p>\n<p>Seguidamente, se\u00f1al\u00f3 que no tiene claves de acceso a computadoras donde se encuentra esa informaci\u00f3n: \u201cLos \u00fanicos que tienen acceso son ellos, por el personal de Rectorado y doy fe de que ellos no lo han hecho, es personal calificado y altamente profesional\u201d.<\/p>\n<p>Sobre el hecho, el Rector sostuvo que \u00abesto me parece m\u00e1s una estrategia pol\u00edtica de desprestigio hacia el personal de Rectorado, porque esto tiene que ver con atacar a las personas que trabajan aqu\u00ed. Ellos no han dado informaci\u00f3n y esto tiene que ser as\u00ed porque es la forma de brindar transparencia. Porque nosotros estamos un tiempo y nos vamos y vendr\u00e1 otro rector o rectora y, en ese sentido, hay preservaci\u00f3n en el \u00e1mbito universitario. As\u00ed es que esa informaci\u00f3n de aqu\u00ed no surgi\u00f3\u201d.<\/p>\n<p>El Rector refiri\u00f3 que muchas veces la informaci\u00f3n en los legajos del personal est\u00e1 desactualizada porque depende de que la persona informe su cambio de situaci\u00f3n. \u201cEntonces nuestra base de datos est\u00e1 desactualizada en funci\u00f3n de tel\u00e9fonos, direcciones y dem\u00e1s. Por eso, es muy dif\u00edcil que de ac\u00e1 haya salido la informaci\u00f3n. \u00bfDe d\u00f3nde sali\u00f3?, no lo s\u00e9, pero estoy seguro que de ac\u00e1 de Rectorado no ha salido\u201d.<\/p>\n<p>Adem\u00e1s, Nasisi dijo que le parece \u201cllamativo o alarmante el desconocimiento que hay de c\u00f3mo funciona Rectorado, y me preocupa mucho m\u00e1s cuando esta desinformaci\u00f3n o desconocimiento viene de personas que son funcionarias pol\u00edticas de la Universidad, que son muchas veces quienes han denunciado esta situaci\u00f3n. Ellos saben c\u00f3mo funciona esto, y si no lo saben despu\u00e9s de nueve o cinco a\u00f1os de estar en el \u00e1mbito de la Universidad, entonces me alarma mucho m\u00e1s porque son candidatos a algo. No hay ning\u00fan expediente u oficio en el sistema, y lo pueden corroborar sin problemas, en que se haya solicitado esa informaci\u00f3n\u201d.<\/p>\n<p>Finalmente, el Rector de la UNSJ agreg\u00f3 que \u00aben un momento de elecciones, es desconocerme el hecho de atribuirme ese acto de irresponsabilidad. Es algo que nunca he hecho ni lo har\u00eda jam\u00e1s. As\u00ed como se denunci\u00f3 que esa informaci\u00f3n sali\u00f3 de Rectorado, cosa que no es as\u00ed, yo tambi\u00e9n denuncio una campa\u00f1a en contra de mi persona por parte de algunos funcionarios pol\u00edticos de nuestra universidad\u201d.<\/p>\n<\/div>\n<\/div>\n<\/div>\n<p>&nbsp;<\/p>\n<\/div>\n<\/div>\n","protected":false},"excerpt":{"rendered":"<p>En declaraciones a la prensa, el rector de la UNSJ, Dr. Oscar Nasisi, se refiri\u00f3 a las denuncias de las<\/p>\n","protected":false},"author":3,"featured_media":29934,"comment_status":"closed","ping_status":"closed","sticky":false,"template":"","format":"standard","meta":{"_acf_changed":false,"_seopress_robots_primary_cat":"none","_seopress_titles_title":"","_seopress_titles_desc":"","_seopress_robots_index":"","colormag_page_container_layout":"default_layout","colormag_page_sidebar_layout":"default_layout","footnotes":""},"categories":[10],"tags":[],"class_list":["post-37306","post","type-post","status-publish","format-standard","has-post-thumbnail","hentry","category-opiniones"],"acf":[],"_links":{"self":[{"href":"https:\/\/vocesparalelas.com.ar\/sitio\/wp-json\/wp\/v2\/posts\/37306","targetHints":{"allow":["GET"]}}],"collection":[{"href":"https:\/\/vocesparalelas.com.ar\/sitio\/wp-json\/wp\/v2\/posts"}],"about":[{"href":"https:\/\/vocesparalelas.com.ar\/sitio\/wp-json\/wp\/v2\/types\/post"}],"author":[{"embeddable":true,"href":"https:\/\/vocesparalelas.com.ar\/sitio\/wp-json\/wp\/v2\/users\/3"}],"replies":[{"embeddable":true,"href":"https:\/\/vocesparalelas.com.ar\/sitio\/wp-json\/wp\/v2\/comments?post=37306"}],"version-history":[{"count":1,"href":"https:\/\/vocesparalelas.com.ar\/sitio\/wp-json\/wp\/v2\/posts\/37306\/revisions"}],"predecessor-version":[{"id":37308,"href":"https:\/\/vocesparalelas.com.ar\/sitio\/wp-json\/wp\/v2\/posts\/37306\/revisions\/37308"}],"wp:featuredmedia":[{"embeddable":true,"href":"https:\/\/vocesparalelas.com.ar\/sitio\/wp-json\/wp\/v2\/media\/29934"}],"wp:attachment":[{"href":"https:\/\/vocesparalelas.com.ar\/sitio\/wp-json\/wp\/v2\/media?parent=37306"}],"wp:term":[{"taxonomy":"category","embeddable":true,"href":"https:\/\/vocesparalelas.com.ar\/sitio\/wp-json\/wp\/v2\/categories?post=37306"},{"taxonomy":"post_tag","embeddable":true,"href":"https:\/\/vocesparalelas.com.ar\/sitio\/wp-json\/wp\/v2\/tags?post=37306"}],"curies":[{"name":"wp","href":"https:\/\/api.w.org\/{rel}","templated":true}]}}