{"id":37298,"date":"2021-04-29T23:04:19","date_gmt":"2021-04-30T02:04:19","guid":{"rendered":"http:\/\/vocesparalelas.com.ar\/sitio\/?p=37298"},"modified":"2021-05-01T00:46:38","modified_gmt":"2021-05-01T03:46:38","slug":"capacitaciones-para-docentes-de-san-juan-en-seguridad-vial","status":"publish","type":"post","link":"https:\/\/vocesparalelas.com.ar\/sitio\/capacitaciones-para-docentes-de-san-juan-en-seguridad-vial\/","title":{"rendered":"Capacitaciones para docentes de San Juan en Seguridad Vial"},"content":{"rendered":"<p>El director del Centro de Formaci\u00f3n de la ANSV, Sebasti\u00e1n Kelman, lleg\u00f3 a San Juan para mantener una productiva reuni\u00f3n junto al secretario de Tr\u00e1nsito y Transporte de la Provincia, Lic. Jorge Armend\u00e1riz, la secretaria de Educaci\u00f3n, Lic. Rosana Vicentela, el director de Tr\u00e1nsito y Planeamiento de Movilidad de la provincial, Arq. Carlos Romero, directora de Educaci\u00f3n Superior, Prof. Mar\u00eda Fernanda Rostagno, directora de Educaci\u00f3n Secundaria Prof. Mar\u00eda Amalia Butazzonni, y subdirector de Educaci\u00f3n Primaria.<\/p>\n<p>En este sentido, durante la reuni\u00f3n se coordinaron las actividades que permitir\u00e1n capacitar a docentes en materia de seguridad vial, brindando herramientas plausibles de llevar a las aulas y con ello, dando cumplimiento efectivo a la ley 27214.<\/p>\n<p>El Programa Nacional de Educaci\u00f3n Vial 2021-2023 constituye un posicionamiento respecto del modo en que el Estado debe construir las respuestas de la pol\u00edtica p\u00fablica dirigida a la mejora de la seguridad vial. Se trata de una herramienta de trabajo que apunta a intervenir de manera participativa y contextualizada sobre el fen\u00f3meno vial en nuestro pa\u00eds. Pero adem\u00e1s, es una apuesta a modificar el paradigma de abordaje tradicional y pensar en acciones para el corto, mediano y largo plazo que sean articuladas a nivel nacional.<\/p>\n<p>Los objetivos estrat\u00e9gicos se centran en la consolidaci\u00f3n institucional del abordaje de la educaci\u00f3n vial como pol\u00edtica de Estado a nivel nacional, provincial y municipal, articulada con establecimientos de ense\u00f1anza, organizaciones sociales, comunitarias y de la sociedad civil.<\/p>\n<p><strong><span style=\"color: #ff6600;\">Propuestas formativas del Centro de Formaci\u00f3n de la ANSV<\/span><\/strong><\/p>\n<p><strong><span style=\"color: #ff6600;\">Campus virtual- Cursos virtuales autoasistidos vigentes<\/span><\/strong><\/p>\n<ol>\n<li><span style=\"color: #ff6600;\"><strong>Curso b\u00e1sico de educaci\u00f3n vial para docentes y Curso de educaci\u00f3n vial para docentes con complemento virtual.<\/strong><\/span> La capacitaci\u00f3n consta de una instancia expositiva-taller presencial y tres m\u00f3dulos virtuales de treinta (30) horas c\u00e1tedra. Esta propuesta brinda la posibilidad de gestionar puntaje docente y est\u00e1 sujeta a convocatoria por parte de las direcciones de cada provincia.<a href=\"https:\/\/www.argentina.gob.ar\/seguridadvial\/educacionvial\/curso-de-educacion-vial-para-docentes-con-complemento-virtual\">https:\/\/www.argentina.gob.ar\/seguridadvial\/educacionvial\/curso-de-educacion-vial-para-docentes-con-complemento-virtual<\/a><\/li>\n<li><strong><span style=\"color: #ff6600;\">Curso de educaci\u00f3n vial para la ciudadan\u00eda.<\/span> <\/strong>Se trata de una propuesta de cuatro m\u00f3dulos virtuales, con nociones que introducen a la conducci\u00f3n segura de veh\u00edculos (auto, moto, y bicicleta); y los derechos y obligaciones de peatones y pasajeros de transporte. Est\u00e1 dirigido al p\u00fablico en general interesado en ampliar sus saberes sobre tr\u00e1nsito y convivencia vial. Tambi\u00e9n es un recurso que puede ser abordado con estudiantes de nivel secundario. Auto asistido y asincr\u00f3nico. <a href=\"https:\/\/capacitacion.seguridadvial.gob.ar\/curso-ciudadanos.html\">https:\/\/capacitacion.seguridadvial.gob.ar\/curso-ciudadanos.html<\/a><\/li>\n<li><span style=\"color: #ff6600;\"><strong>Curso Virtual para el uso de la bicicleta (lo proponemos para estudiantes del nivel secundario).<\/strong><\/span> Esta propuesta tiene el objetivo de promover el uso responsable de la bicicleta. Aportar conceptos y herramientas para desempe\u00f1arse en el espacio p\u00fablico con la responsabilidad y el cuidado que el rol exige, valorando el respeto hacia las otras personas en la convivencia vial.<a href=\"https:\/\/capacitacion.seguridadvial.gob.ar\/curso-bicicleta.html\">https:\/\/capacitacion.seguridadvial.gob.ar\/curso-bicicleta.htm<\/a><\/li>\n<\/ol>\n<p><span style=\"color: #ff6600;\"><strong>Programa de formaci\u00f3n y sensibilizaci\u00f3n de Educaci\u00f3n Vial virtual destinado a docentes con complemento<\/strong><\/span><\/p>\n<ul>\n<li><span style=\"color: #ff6600;\"><strong>INFOD- <\/strong><\/span>El curso forma parte de las propuestas de formaci\u00f3n especializada que brinda el Instituto Nacional de Formaci\u00f3n Docente (INFoD), del Ministerio de Educaci\u00f3n de la Naci\u00f3n, con el objetivo de garantizar la capacitaci\u00f3n continua seg\u00fan resoluci\u00f3n ministerial. Otorga puntaje docente. <a href=\"https:\/\/formacion.juanamanso.edu.ar\/cursos?provider=1\">https:\/\/formacion.juanamanso.edu.ar\/cursos?provider=1<\/a><\/li>\n<\/ul>\n<ul>\n<li><span style=\"color: #ff6600;\"><strong>Material educativo<\/strong>&#8211;<\/span> Asesor\u00eda y acompa\u00f1amiento para la elaboraci\u00f3n de contenido de educaci\u00f3n vial para dar apoyo a la tarea docente en los tres niveles educativos. Sitio web <a href=\"https:\/\/www.argentina.gob.ar\/seguridadvial\/educacionvial\">https:\/\/www.argentina.gob.ar\/seguridadvial\/educacionvial<\/a>\u00a0con recursos para trabajar en el aula: podcast, audiovisuales, etc.<\/li>\n<\/ul>\n<ul>\n<li><strong><span style=\"color: #ff6600;\">Programa \u201cPrimera licencia\u201d (En construcci\u00f3n).<\/span> <\/strong>Formaci\u00f3n te\u00f3rica para 4\u00b0, 5\u00b0 y 6\u00b0 de nivel secundario. Curso con contenidos perspectiva social que reemplaza al curso tradicional para la obtenci\u00f3n de la primera licencia de conducir. En lugar de hacer el curso en el CELS se har\u00e1 a trav\u00e9s de la Plataforma virtual del Centro durante los \u00faltimos a\u00f1os de cursada escolar.<\/li>\n<\/ul>\n<p>Modalidad autoasistida<strong>.<\/strong>\u00a0Se adapta a las necesidades de cada provincia- posibilidad de armar de manera conjunta un convenio para llevarlo a cabo.<\/p>\n<p>&nbsp;<\/p>\n<p>&nbsp;<\/p>\n<p>&nbsp;<\/p>\n","protected":false},"excerpt":{"rendered":"<p>El director del Centro de Formaci\u00f3n de la ANSV, Sebasti\u00e1n Kelman, lleg\u00f3 a San Juan para mantener una productiva reuni\u00f3n<\/p>\n","protected":false},"author":3,"featured_media":37300,"comment_status":"closed","ping_status":"closed","sticky":false,"template":"","format":"standard","meta":{"_acf_changed":false,"_seopress_robots_primary_cat":"none","_seopress_titles_title":"","_seopress_titles_desc":"","_seopress_robots_index":"","colormag_page_container_layout":"default_layout","colormag_page_sidebar_layout":"default_layout","footnotes":""},"categories":[9],"tags":[],"class_list":["post-37298","post","type-post","status-publish","format-standard","has-post-thumbnail","hentry","category-cursos"],"acf":[],"_links":{"self":[{"href":"https:\/\/vocesparalelas.com.ar\/sitio\/wp-json\/wp\/v2\/posts\/37298","targetHints":{"allow":["GET"]}}],"collection":[{"href":"https:\/\/vocesparalelas.com.ar\/sitio\/wp-json\/wp\/v2\/posts"}],"about":[{"href":"https:\/\/vocesparalelas.com.ar\/sitio\/wp-json\/wp\/v2\/types\/post"}],"author":[{"embeddable":true,"href":"https:\/\/vocesparalelas.com.ar\/sitio\/wp-json\/wp\/v2\/users\/3"}],"replies":[{"embeddable":true,"href":"https:\/\/vocesparalelas.com.ar\/sitio\/wp-json\/wp\/v2\/comments?post=37298"}],"version-history":[{"count":3,"href":"https:\/\/vocesparalelas.com.ar\/sitio\/wp-json\/wp\/v2\/posts\/37298\/revisions"}],"predecessor-version":[{"id":37303,"href":"https:\/\/vocesparalelas.com.ar\/sitio\/wp-json\/wp\/v2\/posts\/37298\/revisions\/37303"}],"wp:featuredmedia":[{"embeddable":true,"href":"https:\/\/vocesparalelas.com.ar\/sitio\/wp-json\/wp\/v2\/media\/37300"}],"wp:attachment":[{"href":"https:\/\/vocesparalelas.com.ar\/sitio\/wp-json\/wp\/v2\/media?parent=37298"}],"wp:term":[{"taxonomy":"category","embeddable":true,"href":"https:\/\/vocesparalelas.com.ar\/sitio\/wp-json\/wp\/v2\/categories?post=37298"},{"taxonomy":"post_tag","embeddable":true,"href":"https:\/\/vocesparalelas.com.ar\/sitio\/wp-json\/wp\/v2\/tags?post=37298"}],"curies":[{"name":"wp","href":"https:\/\/api.w.org\/{rel}","templated":true}]}}