{"id":37295,"date":"2021-04-29T22:52:50","date_gmt":"2021-04-30T01:52:50","guid":{"rendered":"http:\/\/vocesparalelas.com.ar\/sitio\/?p=37295"},"modified":"2021-05-01T00:09:51","modified_gmt":"2021-05-01T03:09:51","slug":"inscripcion-para-ingreso-a-la-docencia-interinatos-y-suplencias-2022-rama-primaria","status":"publish","type":"post","link":"https:\/\/vocesparalelas.com.ar\/sitio\/inscripcion-para-ingreso-a-la-docencia-interinatos-y-suplencias-2022-rama-primaria\/","title":{"rendered":"Inscripci\u00f3n para Ingreso a la Docencia, Interinatos y Suplencias 2022 Rama Primaria"},"content":{"rendered":"<p>La Junta de Clasificaci\u00f3n Docente Rama Primaria informa a los docentes que del 10 al 31 de Mayo pueden solicitar turnos online ingresando al sitio web del Ministerio de Educaci\u00f3n<\/p>\n<p style=\"text-align: center;\"><a href=\"http:\/\/xn--educacin-13a.sanjuan.gob.ar\/\" target=\"_blank\" rel=\"noopener noreferrer\">http\/\/educaci\u00f3n.sanjuan.gob.ar<\/a><\/p>\n<p>para la inscripci\u00f3n de Ingreso a la Docencia, Interinatos, Suplencias 2022, en todas las especialidades de los distintos escalafones de los establecimientos educativos dependientes de la Direcci\u00f3n de Educaci\u00f3n Inicial, Direcci\u00f3n de Educaci\u00f3n Primaria, Direcci\u00f3n de Educaci\u00f3n Especial, y de la Direcci\u00f3n de Educaci\u00f3n Primaria de Adultos de Escuelas Nocturnas y UEPA, cargos vacantes de Bibliotecario de la Biblioteca del Magisterio y cargos vacantes de Maestro de Grado \u2013 Tutor de Ciclo B\u00e1sico Rural Aislada; de acuerdo al siguiente cronograma:<\/p>\n<ul>\n<li>Solicitud de turnos online: 10 al 31 de mayo de 2021.<\/li>\n<li>Inscripci\u00f3n-Valoraci\u00f3n-Notificaci\u00f3n (presencial): 1 de junio hasta el 30 de noviembre de 2021.<\/li>\n<li>Apelaci\u00f3n: comenzar\u00e1 a partir del d\u00eda siguiente de la fecha de notificaci\u00f3n, y por un plazo de 10 (diez) d\u00edas h\u00e1biles.<\/li>\n<\/ul>\n<p>Los aspirantes deber\u00e1n estar exentos de los alcances del r\u00e9gimen de jubilaci\u00f3n vigente y encuadrarse dentro del l\u00edmite de edad permitido.<\/p>\n<p>La inscripci\u00f3n presencial se realizar\u00e1 bajo estricto protocolo preventivo sanitario en la sede de calle Tucum\u00e1n 75 norte, de acuerdo a la fecha y horario consignado en el turno otorgado.<\/p>\n<p>La documentaci\u00f3n a presentar al momento de la inscripci\u00f3n es la siguiente:<\/p>\n<ul>\n<li>Constancia de solicitud de turno online.<\/li>\n<li>Formulario de inscripci\u00f3n -emitido al momento de la solicitud de turno-.<\/li>\n<li>Fotocopia legalizada de DNI cara y reverso o en su defecto tirilla de inicio de tr\u00e1mite.<\/li>\n<li>Declaraci\u00f3n Jurada de Cargos completa y firmada por el docente \u2013salvo el caso de docentes que se desempe\u00f1en en educaci\u00f3n privada, y\/o en la administraci\u00f3n p\u00fablica, las cuales deber\u00e1n ser certificadas por la autoridad competente-.<\/li>\n<li>T\u00edtulo\/s registrado\/s por la Oficina de Registro de T\u00edtulos y Legalizaciones; fotocopias de los certificados legalizadas y fotocopias de constancias de actuaci\u00f3n profesional legalizadas por la autoridad superior, hasta el 31 de mayo de 2021.<\/li>\n<\/ul>\n<p>Por mayor informaci\u00f3n o consultas comunicarse de 8 a 13 al 4302206.<\/p>\n","protected":false},"excerpt":{"rendered":"<p>La Junta de Clasificaci\u00f3n Docente Rama Primaria informa a los docentes que del 10 al 31 de Mayo pueden solicitar<\/p>\n","protected":false},"author":3,"featured_media":5000,"comment_status":"closed","ping_status":"closed","sticky":false,"template":"","format":"standard","meta":{"_acf_changed":false,"_seopress_robots_primary_cat":"none","_seopress_titles_title":"","_seopress_titles_desc":"","_seopress_robots_index":"","colormag_page_container_layout":"default_layout","colormag_page_sidebar_layout":"default_layout","footnotes":""},"categories":[5],"tags":[],"class_list":["post-37295","post","type-post","status-publish","format-standard","has-post-thumbnail","hentry","category-ofrecimientos"],"acf":[],"_links":{"self":[{"href":"https:\/\/vocesparalelas.com.ar\/sitio\/wp-json\/wp\/v2\/posts\/37295","targetHints":{"allow":["GET"]}}],"collection":[{"href":"https:\/\/vocesparalelas.com.ar\/sitio\/wp-json\/wp\/v2\/posts"}],"about":[{"href":"https:\/\/vocesparalelas.com.ar\/sitio\/wp-json\/wp\/v2\/types\/post"}],"author":[{"embeddable":true,"href":"https:\/\/vocesparalelas.com.ar\/sitio\/wp-json\/wp\/v2\/users\/3"}],"replies":[{"embeddable":true,"href":"https:\/\/vocesparalelas.com.ar\/sitio\/wp-json\/wp\/v2\/comments?post=37295"}],"version-history":[{"count":1,"href":"https:\/\/vocesparalelas.com.ar\/sitio\/wp-json\/wp\/v2\/posts\/37295\/revisions"}],"predecessor-version":[{"id":37297,"href":"https:\/\/vocesparalelas.com.ar\/sitio\/wp-json\/wp\/v2\/posts\/37295\/revisions\/37297"}],"wp:featuredmedia":[{"embeddable":true,"href":"https:\/\/vocesparalelas.com.ar\/sitio\/wp-json\/wp\/v2\/media\/5000"}],"wp:attachment":[{"href":"https:\/\/vocesparalelas.com.ar\/sitio\/wp-json\/wp\/v2\/media?parent=37295"}],"wp:term":[{"taxonomy":"category","embeddable":true,"href":"https:\/\/vocesparalelas.com.ar\/sitio\/wp-json\/wp\/v2\/categories?post=37295"},{"taxonomy":"post_tag","embeddable":true,"href":"https:\/\/vocesparalelas.com.ar\/sitio\/wp-json\/wp\/v2\/tags?post=37295"}],"curies":[{"name":"wp","href":"https:\/\/api.w.org\/{rel}","templated":true}]}}